{"id":108373,"date":"2025-12-09T22:17:34","date_gmt":"2025-12-10T03:17:34","guid":{"rendered":"https:\/\/editionap.ca\/?p=108373"},"modified":"2026-02-17T21:52:14","modified_gmt":"2026-02-17T20:52:14","slug":"journee-du-souvenir-des-victimes-de-la-violence","status":"publish","type":"post","link":"https:\/\/tribune-express.ca\/en\/actualites\/journee-du-souvenir-des-victimes-de-la-violence\/","title":{"rendered":"Journ\u00e9e du souvenir des victimes de la violence"},"content":{"rendered":"<p><strong>Partout au Canada, des gens se sont rassembl\u00e9s pour honorer la m\u00e9moire des victimes du massacre de Montr\u00e9al et renouveler leur engagement \u00e0 mettre fin \u00e0 la violence faite aux femmes et aux enfants.<\/strong><\/p>\n<p>Dans la soir\u00e9e du 6 d\u00e9cembre, des veill\u00e9es ont \u00e9t\u00e9 organis\u00e9es \u00e0 Casselman, Hawkesbury et Rockland par La Coalition de Prescott et Russell pour \u00e9liminer la violence faite aux femmes\/Prescott and Russell Coalition to Stop Violence against Women (CPREVF), dans le cadre de la Journ\u00e9e nationale de comm\u00e9moration et d&#8217;action contre la violence faite aux femmes.<\/p>\n<p>\u00ab Nous nous r\u00e9unissons pour nous souvenir de la trag\u00e9die de l&#8217;\u00c9cole polytechnique de Montr\u00e9al, a d\u00e9clar\u00e9 Catherine Dupont, directrice des ressources humaines de Valoris pour les enfants et les adultes de Prescott-Russell, et, plus pr\u00e8s de chez nous, des 11 femmes et enfants de Prescott-Russell qui ont perdu la vie dans des cas de f\u00e9minicide. Leur absence r\u00e9sonne douloureusement dans nos communaut\u00e9s, nous rappelant que la violence faite aux femmes reste bien trop pr\u00e9sente. \u00bb<\/p>\n<p><strong>\u00c9cole Polytechnique<\/strong><\/p>\n<p>Le 6 d\u00e9cembre 1989, Marc L\u00e9pine, arm\u00e9 d&#8217;un fusil semi-automatique et d&#8217;un couteau de chasse, est entr\u00e9 dans la classe de g\u00e9nie m\u00e9canique de l&#8217;\u00c9cole Polytechnique. Il a demand\u00e9 aux hommes de quitter la salle et a ordonn\u00e9 aux femmes de se regrouper d&#8217;un c\u00f4t\u00e9. Il a ensuite tir\u00e9 sur les femmes, en tuant six, tout en affirmant qu&#8217;il \u00ab luttait contre le f\u00e9minisme \u00bb. Il a ensuite parcouru les couloirs de l&#8217;\u00e9cole, s&#8217;est rendu \u00e0 la caf\u00e9t\u00e9ria et dans une autre salle, tuant huit autres femmes avec son arme et son couteau en l&#8217;espace d&#8217;environ 20 minutes avant de se suicider.<\/p>\n<p>L&#8217;enqu\u00eate polici\u00e8re a d\u00e9termin\u00e9 que L\u00e9pine avait achet\u00e9 l&#8217;arme dans un magasin de sport, affirmant qu&#8217;il allait chasser du petit gibier. Il s&#8217;\u00e9tait rendu sept fois \u00e0 l&#8217;\u00c9cole Polytechnique avant le 6 d\u00e9cembre, errant \u00e0 l&#8217;ext\u00e9rieur et \u00e0 l&#8217;int\u00e9rieur du b\u00e2timent.<\/p>\n<p>Cet incident, connu sous le nom de \u00ab massacre de Montr\u00e9al \u00bb, a d\u00e9clench\u00e9 un d\u00e9bat au Parlement et dans tout le pays sur la question de la violence contre les femmes et sur l&#8217;\u00e9tat des lois canadiennes relatives \u00e0 l&#8217;acquisition d&#8217;armes \u00e0 feu et d&#8217;autres armes. Des lois strictes sur le contr\u00f4le des armes \u00e0 feu ont \u00e9t\u00e9 adopt\u00e9es et des groupes tels que le CPREVF ont fait pression pour sensibiliser davantage le public \u00e0 la violence contre les femmes et les enfants et pour que le gouvernement et la soci\u00e9t\u00e9 prennent davantage de mesures afin d&#8217;\u00e9viter que de tels incidents ne se reproduisent. \u00c0 l&#8217;\u00e9poque, l&#8217;incident de l&#8217;\u00c9cole Polytechnique \u00e9tait la pire fusillade de masse au Canada jusqu&#8217;en 2020, lorsque Gabriel Wortman a commis une s\u00e9rie de meurtres en Nouvelle-\u00c9cosse, tuant 22 personnes et en blessant trois autres avant d&#8217;\u00eatre abattu par la GRC.<\/p>\n<p><strong>Veill\u00e9es comm\u00e9moratives<\/strong><br \/>\nMarie Lemay, directrice g\u00e9n\u00e9rale des Services aux victimes de Prescott-Russell, a soulign\u00e9 lors de son discours prononc\u00e9 lors d&#8217;une des veill\u00e9es organis\u00e9es le 6 d\u00e9cembre \u00e0 Prescott-Russell qu&#8217;en Ontario, entre novembre 2024 et novembre 2025, 40 cas de f\u00e9minicide ont \u00e9t\u00e9 signal\u00e9s, impliquant des femmes d\u00e9c\u00e9d\u00e9es lors d&#8217;affrontements violents.<\/p>\n<p>\u00ab Ces chiffres ne sont pas abstraits \u00bb, a d\u00e9clar\u00e9 Mme Lemay. \u00ab Chacun d&#8217;entre nous a une s\u0153ur, une m\u00e8re, une cousine. Chacun d&#8217;entre nous peut \u00eatre le fr\u00e8re, le p\u00e8re ou le coll\u00e8gue d&#8217;une victime. \u00bb<\/p>\n<p>\u00ab Aujourd&#8217;hui, nous sommes r\u00e9unis, le c\u0153ur lourd \u00bb, a d\u00e9clar\u00e9 le maire de Clarence-Rockland, Mario Zanth, \u00ab mais avec une d\u00e9termination in\u00e9branlable. Aujourd&#8217;hui, nous disons : \u00ab Nous ne d\u00e9tournerons pas le regard \u00bb \u00bb.<\/p>\n<p>\u00ab Notre responsabilit\u00e9, a d\u00e9clar\u00e9 M. Dupont, est de b\u00e2tir une culture o\u00f9 la dignit\u00e9 des femmes est prot\u00e9g\u00e9e et o\u00f9 la violence n&#8217;a pas sa place. \u00bb<\/p>\n<p>La veill\u00e9e s&#8217;est termin\u00e9e par le d\u00e9p\u00f4t de fleurs rouges et blanches et l&#8217;allumage de bougies devant les monuments comm\u00e9moratifs \u00e9rig\u00e9s en l&#8217;honneur des femmes qui ont perdu la vie \u00e0 l&#8217;\u00c9cole polytechnique : H\u00e9l\u00e8ne Colgan, Nathalie Croteau, Barbara Daigneault, Anne-Marie Lemay, Sonia Pelletier, Annie St-Arneault, Maryse Lagani\u00e8re, Barbara Maria Klucznick, Anne-Marie Edward, G\u00e9n\u00e9vi\u00e8ve Bergeron, Maud Haviernick, Mich\u00e8le Richard, Annie Turcotte et Maryse Leclair.<\/p>\n<p>Les noms de 11 femmes et de trois enfants de la r\u00e9gion de Prescott-Russell-Cumberland ont \u00e9galement \u00e9t\u00e9 lus : Sherry Buchanan de Chute-\u00e0-Blondeau, Jessica Godin de Fournier, Violet Graves de Hawkesbury, Stacey Heil, qui a \u00e9t\u00e9 retrouv\u00e9e dans la for\u00eat Larose pr\u00e8s de Bourget, Danielle Jean-Louis de Vankleek Hill, Francine Mally de Cumberland et ses trois enfants, Jessica, Brandon et Kevin, Marielle Portelance de Hawkesbury, Jacqueline Rouleau d&#8217;Alfred, Barbara Teske de la r\u00e9gion de Village of Curran, Zdenka Sykora de Lefaivre et Jewell Parchman Langford de Casselman, connue pendant de nombreuses ann\u00e9es sous le nom de \u00ab The Nation River Lady \u00bb jusqu&#8217;\u00e0 ce que la police puisse confirmer son identit\u00e9 gr\u00e2ce \u00e0 des tests ADN. Cette liste des victimes locales de violence est bas\u00e9e sur les recherches men\u00e9es par le CPREVF \u00e0 partir de dossiers policiers et d&#8217;autres sources de 2011 \u00e0 aujourd&#8217;hui.<\/p>\n<p>\u00ab Nous sommes conscients, a d\u00e9clar\u00e9 Mme Dupont, que la violence faite aux femmes est souvent invisible et pass\u00e9e sous silence, et que certaines victimes ne sont pas incluses. Elles n&#8217;en sont pas moins importantes. Leurs d\u00e9c\u00e8s, bien que parfois \u00e9clips\u00e9s, restent des pertes que nous n&#8217;oublions pas. \u00bb<\/p>\n","protected":false},"excerpt":{"rendered":"<p>Partout au Canada, des gens se sont rassembl\u00e9s pour honorer la m\u00e9moire des victimes du massacre de Montr\u00e9al et renouveler leur engagement \u00e0 mettre fin \u00e0 la violence faite aux femmes et aux enfants. Dans la soir\u00e9e du 6 d\u00e9cembre, des veill\u00e9es ont \u00e9t\u00e9 organis\u00e9es \u00e0 Casselman, Hawkesbury et Rockland par La Coalition de Prescott [&hellip;]<\/p>\n","protected":false},"author":27,"featured_media":108374,"comment_status":"closed","ping_status":"open","sticky":false,"template":"","format":"standard","meta":{"_acf_changed":false,"footnotes":""},"categories":[37],"tags":[],"class_list":["post-108373","post","type-post","status-publish","format-standard","has-post-thumbnail","hentry","category-actualites"],"acf":[],"featured_media_global":[],"yoast_head":"<!-- This site is optimized with the Yoast SEO plugin v27.5 - https:\/\/yoast.com\/product\/yoast-seo-wordpress\/ -->\n<title>Journ\u00e9e du souvenir des victimes de la violence - Tribune-Express<\/title>\n<meta name=\"robots\" content=\"index, follow, max-snippet:-1, max-image-preview:large, max-video-preview:-1\" \/>\n<link rel=\"canonical\" href=\"https:\/\/tribune-express.ca\/en\/actualites\/journee-du-souvenir-des-victimes-de-la-violence\/\" \/>\n<meta property=\"og:locale\" content=\"en_US\" \/>\n<meta property=\"og:type\" content=\"article\" \/>\n<meta property=\"og:title\" content=\"Journ\u00e9e du souvenir des victimes de la violence - Tribune-Express\" \/>\n<meta property=\"og:description\" content=\"Partout au Canada, des gens se sont rassembl\u00e9s pour honorer la m\u00e9moire des victimes du massacre de Montr\u00e9al et renouveler leur engagement \u00e0 mettre fin \u00e0 la violence faite aux femmes et aux enfants. Dans la soir\u00e9e du 6 d\u00e9cembre, des veill\u00e9es ont \u00e9t\u00e9 organis\u00e9es \u00e0 Casselman, Hawkesbury et Rockland par La Coalition de Prescott [&hellip;]\" \/>\n<meta property=\"og:url\" content=\"https:\/\/tribune-express.ca\/en\/actualites\/journee-du-souvenir-des-victimes-de-la-violence\/\" \/>\n<meta property=\"og:site_name\" content=\"Tribune-Express\" \/>\n<meta property=\"article:published_time\" content=\"2025-12-10T03:17:34+00:00\" \/>\n<meta property=\"article:modified_time\" content=\"2026-02-17T20:52:14+00:00\" \/>\n<meta property=\"og:image\" content=\"https:\/\/cdn.editionap.ca\/wp-content\/uploads\/sites\/3\/2025\/12\/Dec6_Day_Remembrance_Montreal_Massacre-PHOTO-2-scaled-1.jpg\" \/>\n\t<meta property=\"og:image:width\" content=\"2560\" \/>\n\t<meta property=\"og:image:height\" content=\"1920\" \/>\n\t<meta property=\"og:image:type\" content=\"image\/jpeg\" \/>\n<meta name=\"author\" content=\"Anil Jhalli\" \/>\n<meta name=\"twitter:card\" content=\"summary_large_image\" \/>\n<meta name=\"twitter:label1\" content=\"Written by\" \/>\n\t<meta name=\"twitter:data1\" content=\"Anil Jhalli\" \/>\n\t<meta name=\"twitter:label2\" content=\"Est. reading time\" \/>\n\t<meta name=\"twitter:data2\" content=\"5 minutes\" \/>\n<script type=\"application\/ld+json\" class=\"yoast-schema-graph\">{\"@context\":\"https:\\\/\\\/schema.org\",\"@graph\":[{\"@type\":\"Article\",\"@id\":\"https:\\\/\\\/tribune-express.ca\\\/en\\\/actualites\\\/journee-du-souvenir-des-victimes-de-la-violence\\\/#article\",\"isPartOf\":{\"@id\":\"https:\\\/\\\/tribune-express.ca\\\/en\\\/actualites\\\/journee-du-souvenir-des-victimes-de-la-violence\\\/\"},\"author\":{\"name\":\"Anil Jhalli\",\"@id\":\"https:\\\/\\\/tribune-express.ca\\\/en\\\/#\\\/schema\\\/person\\\/a09095fdf65e09e747105760fe90175c\"},\"headline\":\"Journ\u00e9e du souvenir des victimes de la violence\",\"datePublished\":\"2025-12-10T03:17:34+00:00\",\"dateModified\":\"2026-02-17T20:52:14+00:00\",\"mainEntityOfPage\":{\"@id\":\"https:\\\/\\\/tribune-express.ca\\\/en\\\/actualites\\\/journee-du-souvenir-des-victimes-de-la-violence\\\/\"},\"wordCount\":965,\"image\":{\"@id\":\"https:\\\/\\\/tribune-express.ca\\\/en\\\/actualites\\\/journee-du-souvenir-des-victimes-de-la-violence\\\/#primaryimage\"},\"thumbnailUrl\":\"https:\\\/\\\/cdn.editionap.ca\\\/wp-content\\\/uploads\\\/sites\\\/3\\\/2025\\\/12\\\/Dec6_Day_Remembrance_Montreal_Massacre-PHOTO-2-scaled-1.jpg\",\"articleSection\":[\"Actualit\u00e9s\"],\"inLanguage\":\"en-CA\"},{\"@type\":\"WebPage\",\"@id\":\"https:\\\/\\\/tribune-express.ca\\\/en\\\/actualites\\\/journee-du-souvenir-des-victimes-de-la-violence\\\/\",\"url\":\"https:\\\/\\\/tribune-express.ca\\\/en\\\/actualites\\\/journee-du-souvenir-des-victimes-de-la-violence\\\/\",\"name\":\"Journ\u00e9e du souvenir des victimes de la violence - Tribune-Express\",\"isPartOf\":{\"@id\":\"https:\\\/\\\/tribune-express.ca\\\/en\\\/#website\"},\"primaryImageOfPage\":{\"@id\":\"https:\\\/\\\/tribune-express.ca\\\/en\\\/actualites\\\/journee-du-souvenir-des-victimes-de-la-violence\\\/#primaryimage\"},\"image\":{\"@id\":\"https:\\\/\\\/tribune-express.ca\\\/en\\\/actualites\\\/journee-du-souvenir-des-victimes-de-la-violence\\\/#primaryimage\"},\"thumbnailUrl\":\"https:\\\/\\\/cdn.editionap.ca\\\/wp-content\\\/uploads\\\/sites\\\/3\\\/2025\\\/12\\\/Dec6_Day_Remembrance_Montreal_Massacre-PHOTO-2-scaled-1.jpg\",\"datePublished\":\"2025-12-10T03:17:34+00:00\",\"dateModified\":\"2026-02-17T20:52:14+00:00\",\"author\":{\"@id\":\"https:\\\/\\\/tribune-express.ca\\\/en\\\/#\\\/schema\\\/person\\\/a09095fdf65e09e747105760fe90175c\"},\"breadcrumb\":{\"@id\":\"https:\\\/\\\/tribune-express.ca\\\/en\\\/actualites\\\/journee-du-souvenir-des-victimes-de-la-violence\\\/#breadcrumb\"},\"inLanguage\":\"en-CA\",\"potentialAction\":[{\"@type\":\"ReadAction\",\"target\":[\"https:\\\/\\\/tribune-express.ca\\\/en\\\/actualites\\\/journee-du-souvenir-des-victimes-de-la-violence\\\/\"]}]},{\"@type\":\"ImageObject\",\"inLanguage\":\"en-CA\",\"@id\":\"https:\\\/\\\/tribune-express.ca\\\/en\\\/actualites\\\/journee-du-souvenir-des-victimes-de-la-violence\\\/#primaryimage\",\"url\":\"https:\\\/\\\/cdn.editionap.ca\\\/wp-content\\\/uploads\\\/sites\\\/3\\\/2025\\\/12\\\/Dec6_Day_Remembrance_Montreal_Massacre-PHOTO-2-scaled-1.jpg\",\"contentUrl\":\"https:\\\/\\\/cdn.editionap.ca\\\/wp-content\\\/uploads\\\/sites\\\/3\\\/2025\\\/12\\\/Dec6_Day_Remembrance_Montreal_Massacre-PHOTO-2-scaled-1.jpg\",\"width\":2560,\"height\":1920,\"caption\":\"Le 6 d\u00e9cembre, l'espace commun du Caf\u00e9 Joyeux \u00e0 Rockland s'est transform\u00e9 en lieu de recueillement solennel lors d'une veill\u00e9e organis\u00e9e par La Coalition de Prescott et Russell pour \u00e9liminer la violence faite aux femmes\\\/Prescott and Russell Coalition to Stop Violence against Women. Le 6 d\u00e9cembre est la Journ\u00e9e nationale de comm\u00e9moration et d'action contre la violence faite aux femmes, destin\u00e9e \u00e0 honorer la m\u00e9moire des 14 femmes tu\u00e9es \u00e0 l'\u00c9cole Polytechnique de Montr\u00e9al et \u00e0 rappeler aux Canadiens la n\u00e9cessit\u00e9 de mettre fin \u00e0 la violence faite aux femmes et aux enfants.\"},{\"@type\":\"BreadcrumbList\",\"@id\":\"https:\\\/\\\/tribune-express.ca\\\/en\\\/actualites\\\/journee-du-souvenir-des-victimes-de-la-violence\\\/#breadcrumb\",\"itemListElement\":[{\"@type\":\"ListItem\",\"position\":1,\"name\":\"Accueil\",\"item\":\"https:\\\/\\\/tribune-express.ca\\\/en\\\/\"},{\"@type\":\"ListItem\",\"position\":2,\"name\":\"Journ\u00e9e du souvenir des victimes de la violence\"}]},{\"@type\":\"WebSite\",\"@id\":\"https:\\\/\\\/tribune-express.ca\\\/en\\\/#website\",\"url\":\"https:\\\/\\\/tribune-express.ca\\\/en\\\/\",\"name\":\"Tribune-Express\",\"description\":\"\",\"potentialAction\":[{\"@type\":\"SearchAction\",\"target\":{\"@type\":\"EntryPoint\",\"urlTemplate\":\"https:\\\/\\\/tribune-express.ca\\\/en\\\/?s={search_term_string}\"},\"query-input\":{\"@type\":\"PropertyValueSpecification\",\"valueRequired\":true,\"valueName\":\"search_term_string\"}}],\"inLanguage\":\"en-CA\"},{\"@type\":\"Person\",\"@id\":\"https:\\\/\\\/tribune-express.ca\\\/en\\\/#\\\/schema\\\/person\\\/a09095fdf65e09e747105760fe90175c\",\"name\":\"Anil Jhalli\",\"image\":{\"@type\":\"ImageObject\",\"inLanguage\":\"en-CA\",\"@id\":\"https:\\\/\\\/secure.gravatar.com\\\/avatar\\\/63becc64fff8877a05400459aa003b94a1fdc8d3954acacc688ee6a2bc39fef8?s=96&d=mm&r=g\",\"url\":\"https:\\\/\\\/secure.gravatar.com\\\/avatar\\\/63becc64fff8877a05400459aa003b94a1fdc8d3954acacc688ee6a2bc39fef8?s=96&d=mm&r=g\",\"contentUrl\":\"https:\\\/\\\/secure.gravatar.com\\\/avatar\\\/63becc64fff8877a05400459aa003b94a1fdc8d3954acacc688ee6a2bc39fef8?s=96&d=mm&r=g\",\"caption\":\"Anil Jhalli\"}}]}<\/script>\n<!-- \/ Yoast SEO plugin. -->","yoast_head_json":{"title":"Journ\u00e9e du souvenir des victimes de la violence - Tribune-Express","robots":{"index":"index","follow":"follow","max-snippet":"max-snippet:-1","max-image-preview":"max-image-preview:large","max-video-preview":"max-video-preview:-1"},"canonical":"https:\/\/tribune-express.ca\/en\/actualites\/journee-du-souvenir-des-victimes-de-la-violence\/","og_locale":"en_US","og_type":"article","og_title":"Journ\u00e9e du souvenir des victimes de la violence - Tribune-Express","og_description":"Partout au Canada, des gens se sont rassembl\u00e9s pour honorer la m\u00e9moire des victimes du massacre de Montr\u00e9al et renouveler leur engagement \u00e0 mettre fin \u00e0 la violence faite aux femmes et aux enfants. Dans la soir\u00e9e du 6 d\u00e9cembre, des veill\u00e9es ont \u00e9t\u00e9 organis\u00e9es \u00e0 Casselman, Hawkesbury et Rockland par La Coalition de Prescott [&hellip;]","og_url":"https:\/\/tribune-express.ca\/en\/actualites\/journee-du-souvenir-des-victimes-de-la-violence\/","og_site_name":"Tribune-Express","article_published_time":"2025-12-10T03:17:34+00:00","article_modified_time":"2026-02-17T20:52:14+00:00","og_image":[{"width":2560,"height":1920,"url":"https:\/\/cdn.editionap.ca\/wp-content\/uploads\/sites\/3\/2025\/12\/Dec6_Day_Remembrance_Montreal_Massacre-PHOTO-2-scaled-1.jpg","type":"image\/jpeg"}],"author":"Anil Jhalli","twitter_card":"summary_large_image","twitter_misc":{"Written by":"Anil Jhalli","Est. reading time":"5 minutes"},"schema":{"@context":"https:\/\/schema.org","@graph":[{"@type":"Article","@id":"https:\/\/tribune-express.ca\/en\/actualites\/journee-du-souvenir-des-victimes-de-la-violence\/#article","isPartOf":{"@id":"https:\/\/tribune-express.ca\/en\/actualites\/journee-du-souvenir-des-victimes-de-la-violence\/"},"author":{"name":"Anil Jhalli","@id":"https:\/\/tribune-express.ca\/en\/#\/schema\/person\/a09095fdf65e09e747105760fe90175c"},"headline":"Journ\u00e9e du souvenir des victimes de la violence","datePublished":"2025-12-10T03:17:34+00:00","dateModified":"2026-02-17T20:52:14+00:00","mainEntityOfPage":{"@id":"https:\/\/tribune-express.ca\/en\/actualites\/journee-du-souvenir-des-victimes-de-la-violence\/"},"wordCount":965,"image":{"@id":"https:\/\/tribune-express.ca\/en\/actualites\/journee-du-souvenir-des-victimes-de-la-violence\/#primaryimage"},"thumbnailUrl":"https:\/\/cdn.editionap.ca\/wp-content\/uploads\/sites\/3\/2025\/12\/Dec6_Day_Remembrance_Montreal_Massacre-PHOTO-2-scaled-1.jpg","articleSection":["Actualit\u00e9s"],"inLanguage":"en-CA"},{"@type":"WebPage","@id":"https:\/\/tribune-express.ca\/en\/actualites\/journee-du-souvenir-des-victimes-de-la-violence\/","url":"https:\/\/tribune-express.ca\/en\/actualites\/journee-du-souvenir-des-victimes-de-la-violence\/","name":"Journ\u00e9e du souvenir des victimes de la violence - Tribune-Express","isPartOf":{"@id":"https:\/\/tribune-express.ca\/en\/#website"},"primaryImageOfPage":{"@id":"https:\/\/tribune-express.ca\/en\/actualites\/journee-du-souvenir-des-victimes-de-la-violence\/#primaryimage"},"image":{"@id":"https:\/\/tribune-express.ca\/en\/actualites\/journee-du-souvenir-des-victimes-de-la-violence\/#primaryimage"},"thumbnailUrl":"https:\/\/cdn.editionap.ca\/wp-content\/uploads\/sites\/3\/2025\/12\/Dec6_Day_Remembrance_Montreal_Massacre-PHOTO-2-scaled-1.jpg","datePublished":"2025-12-10T03:17:34+00:00","dateModified":"2026-02-17T20:52:14+00:00","author":{"@id":"https:\/\/tribune-express.ca\/en\/#\/schema\/person\/a09095fdf65e09e747105760fe90175c"},"breadcrumb":{"@id":"https:\/\/tribune-express.ca\/en\/actualites\/journee-du-souvenir-des-victimes-de-la-violence\/#breadcrumb"},"inLanguage":"en-CA","potentialAction":[{"@type":"ReadAction","target":["https:\/\/tribune-express.ca\/en\/actualites\/journee-du-souvenir-des-victimes-de-la-violence\/"]}]},{"@type":"ImageObject","inLanguage":"en-CA","@id":"https:\/\/tribune-express.ca\/en\/actualites\/journee-du-souvenir-des-victimes-de-la-violence\/#primaryimage","url":"https:\/\/cdn.editionap.ca\/wp-content\/uploads\/sites\/3\/2025\/12\/Dec6_Day_Remembrance_Montreal_Massacre-PHOTO-2-scaled-1.jpg","contentUrl":"https:\/\/cdn.editionap.ca\/wp-content\/uploads\/sites\/3\/2025\/12\/Dec6_Day_Remembrance_Montreal_Massacre-PHOTO-2-scaled-1.jpg","width":2560,"height":1920,"caption":"Le 6 d\u00e9cembre, l'espace commun du Caf\u00e9 Joyeux \u00e0 Rockland s'est transform\u00e9 en lieu de recueillement solennel lors d'une veill\u00e9e organis\u00e9e par La Coalition de Prescott et Russell pour \u00e9liminer la violence faite aux femmes\/Prescott and Russell Coalition to Stop Violence against Women. Le 6 d\u00e9cembre est la Journ\u00e9e nationale de comm\u00e9moration et d'action contre la violence faite aux femmes, destin\u00e9e \u00e0 honorer la m\u00e9moire des 14 femmes tu\u00e9es \u00e0 l'\u00c9cole Polytechnique de Montr\u00e9al et \u00e0 rappeler aux Canadiens la n\u00e9cessit\u00e9 de mettre fin \u00e0 la violence faite aux femmes et aux enfants."},{"@type":"BreadcrumbList","@id":"https:\/\/tribune-express.ca\/en\/actualites\/journee-du-souvenir-des-victimes-de-la-violence\/#breadcrumb","itemListElement":[{"@type":"ListItem","position":1,"name":"Accueil","item":"https:\/\/tribune-express.ca\/en\/"},{"@type":"ListItem","position":2,"name":"Journ\u00e9e du souvenir des victimes de la violence"}]},{"@type":"WebSite","@id":"https:\/\/tribune-express.ca\/en\/#website","url":"https:\/\/tribune-express.ca\/en\/","name":"Tribune-Express","description":"","potentialAction":[{"@type":"SearchAction","target":{"@type":"EntryPoint","urlTemplate":"https:\/\/tribune-express.ca\/en\/?s={search_term_string}"},"query-input":{"@type":"PropertyValueSpecification","valueRequired":true,"valueName":"search_term_string"}}],"inLanguage":"en-CA"},{"@type":"Person","@id":"https:\/\/tribune-express.ca\/en\/#\/schema\/person\/a09095fdf65e09e747105760fe90175c","name":"Anil Jhalli","image":{"@type":"ImageObject","inLanguage":"en-CA","@id":"https:\/\/secure.gravatar.com\/avatar\/63becc64fff8877a05400459aa003b94a1fdc8d3954acacc688ee6a2bc39fef8?s=96&d=mm&r=g","url":"https:\/\/secure.gravatar.com\/avatar\/63becc64fff8877a05400459aa003b94a1fdc8d3954acacc688ee6a2bc39fef8?s=96&d=mm&r=g","contentUrl":"https:\/\/secure.gravatar.com\/avatar\/63becc64fff8877a05400459aa003b94a1fdc8d3954acacc688ee6a2bc39fef8?s=96&d=mm&r=g","caption":"Anil Jhalli"}}]}},"_links":{"self":[{"href":"https:\/\/tribune-express.ca\/en\/wp-json\/wp\/v2\/posts\/108373","targetHints":{"allow":["GET"]}}],"collection":[{"href":"https:\/\/tribune-express.ca\/en\/wp-json\/wp\/v2\/posts"}],"about":[{"href":"https:\/\/tribune-express.ca\/en\/wp-json\/wp\/v2\/types\/post"}],"author":[{"embeddable":true,"href":"https:\/\/tribune-express.ca\/en\/wp-json\/wp\/v2\/users\/27"}],"replies":[{"embeddable":true,"href":"https:\/\/tribune-express.ca\/en\/wp-json\/wp\/v2\/comments?post=108373"}],"version-history":[{"count":1,"href":"https:\/\/tribune-express.ca\/en\/wp-json\/wp\/v2\/posts\/108373\/revisions"}],"predecessor-version":[{"id":134674,"href":"https:\/\/tribune-express.ca\/en\/wp-json\/wp\/v2\/posts\/108373\/revisions\/134674"}],"wp:featuredmedia":[{"embeddable":true,"href":"https:\/\/tribune-express.ca\/en\/wp-json\/wp\/v2\/media\/108374"}],"wp:attachment":[{"href":"https:\/\/tribune-express.ca\/en\/wp-json\/wp\/v2\/media?parent=108373"}],"wp:term":[{"taxonomy":"category","embeddable":true,"href":"https:\/\/tribune-express.ca\/en\/wp-json\/wp\/v2\/categories?post=108373"},{"taxonomy":"post_tag","embeddable":true,"href":"https:\/\/tribune-express.ca\/en\/wp-json\/wp\/v2\/tags?post=108373"}],"curies":[{"name":"wp","href":"https:\/\/api.w.org\/{rel}","templated":true}]}}