{"id":108531,"date":"2026-01-02T12:08:38","date_gmt":"2026-01-02T17:08:38","guid":{"rendered":"https:\/\/editionap.ca\/?p=108531"},"modified":"2026-02-17T21:52:14","modified_gmt":"2026-02-17T20:52:14","slug":"presentation-du-nouveau-garage-municipal-de-hawkesbury","status":"publish","type":"post","link":"https:\/\/tribune-express.ca\/en\/actualites\/presentation-du-nouveau-garage-municipal-de-hawkesbury\/","title":{"rendered":"Pr\u00e9sentation du nouveau garage municipal de Hawkesbury"},"content":{"rendered":"<p><strong>Selon Jonathan Wilson, le principal avantage du nouveau garage municipal de Hawkesbury est qu&#8217;il offre un lieu de travail s\u00fbr \u00e0 son personnel..<\/strong><\/p>\n<p>\u00ab Je suis heureux pour mon \u00e9quipe, qui dispose d\u00e9sormais d&#8217;un lieu de travail s\u00fbr et agr\u00e9able \u00bb, a d\u00e9clar\u00e9 M. Wilson, alors que le directeur des travaux publics de Hawkesbury pr\u00e9sentait le nouveau garage municipal aux membres du conseil municipal, aux m\u00e9dias et \u00e0 d&#8217;autres personnes lors d&#8217;une journ\u00e9e portes ouvertes organis\u00e9e le 9 d\u00e9cembre.<\/p>\n<p>La s\u00e9curit\u00e9 de son personnel et du public en g\u00e9n\u00e9ral s&#8217;est av\u00e9r\u00e9e \u00eatre l&#8217;une des principales consid\u00e9rations dans le choix de l&#8217;emplacement et la conception du garage municipal de nouvelle g\u00e9n\u00e9ration de Hawkesbury. Situ\u00e9 sur rue Spence, dans la zone industrielle de la ville, ce b\u00e2timent de 13,3 millions de dollars comprend un garage principal de quatre places pour la flotte de camions et autres v\u00e9hicules de la ville. Cette partie du garage agrandi comprend quatre portes \u00e0 chaque extr\u00e9mit\u00e9 du garage de nuit, afin que les conducteurs puissent entrer et sortir lorsqu&#8217;ils sont appel\u00e9s en service sans avoir \u00e0 man\u0153uvrer pour reculer lorsqu&#8217;ils reviennent au garage.<\/p>\n<p>Il y a \u00e9galement un atelier de r\u00e9paration s\u00e9par\u00e9 et enti\u00e8rement \u00e9quip\u00e9. Le directeur Wilson a exprim\u00e9 sa fiert\u00e9 et sa satisfaction \u00e0 propos du nouvel atelier de r\u00e9paration. Le personnel des travaux publics n&#8217;aura plus \u00e0 travailler dehors dans le froid hivernal ou dans des conditions m\u00e9t\u00e9orologiques d\u00e9favorables le reste de l&#8217;ann\u00e9e lorsqu&#8217;il devra effectuer des r\u00e9parations sur les v\u00e9hicules. L&#8217;ancien garage municipal ne disposait pas de suffisamment d&#8217;espace pour permettre la r\u00e9paration des v\u00e9hicules \u00e0 l&#8217;int\u00e9rieur du b\u00e2timent.<\/p>\n<p>Le nouveau site du garage municipal est \u00e9galement suffisamment grand pour accueillir un b\u00e2timent s\u00e9par\u00e9 de 30 m\u00e8tres sur 55 m\u00e8tres, qui comprendra des zones de stockage distinctes pour le sel et le sable utilis\u00e9s pour l&#8217;entretien des routes en hiver, ainsi qu&#8217;un entrep\u00f4t de sable gravel\u00e9 pour l&#8217;entretien des trottoirs en hiver. L&#8217;ancien garage municipal ne disposait que d&#8217;un hangar de 9 m\u00e8tres sur 12 m\u00e8tres pour le stockage du sel et du sable en hiver. Le sable gravier\u00e9 destin\u00e9 aux trottoirs \u00e9tait conserv\u00e9 dans un hangar plus petit situ\u00e9 ailleurs.<\/p>\n<p>Outre les installations de stockage et de r\u00e9paration des v\u00e9hicules et autres \u00e9quipements, le nouveau garage municipal comprend des zones de stockage pour les effets personnels des employ\u00e9s des travaux publics lorsqu&#8217;ils sont au travail, des sanitaires complets, un coin cuisine\/salle \u00e0 manger qui peut \u00e9galement servir de salle de conf\u00e9rence pour le personnel, et des bureaux pour M. Wilson et les autres cadres et employ\u00e9s administratifs du d\u00e9partement. Le b\u00e2timent est \u00e9galement con\u00e7u pour \u00eatre accessible aux fauteuils roulants.<\/p>\n<p>M. Wilson a soulign\u00e9 que le nouveau garage municipal a une dur\u00e9e de vie pr\u00e9vue de 100 ans avant de devoir \u00eatre r\u00e9nov\u00e9.<\/p>\n<p>L&#8217;avenir de l&#8217;ancien garage municipal situ\u00e9 sur rue Principale fera l&#8217;objet de discussions entre le service des travaux publics et le conseil municipal l&#8217;ann\u00e9e prochaine.<\/p>\n","protected":false},"excerpt":{"rendered":"<p>Selon Jonathan Wilson, le principal avantage du nouveau garage municipal de Hawkesbury est qu&#8217;il offre un lieu de travail s\u00fbr \u00e0 son personnel.. \u00ab Je suis heureux pour mon \u00e9quipe, qui dispose d\u00e9sormais d&#8217;un lieu de travail s\u00fbr et agr\u00e9able \u00bb, a d\u00e9clar\u00e9 M. Wilson, alors que le directeur des travaux publics de Hawkesbury pr\u00e9sentait [&hellip;]<\/p>\n","protected":false},"author":27,"featured_media":108532,"comment_status":"closed","ping_status":"open","sticky":false,"template":"","format":"standard","meta":{"_acf_changed":false,"footnotes":""},"categories":[37],"tags":[],"class_list":["post-108531","post","type-post","status-publish","format-standard","has-post-thumbnail","hentry","category-actualites"],"acf":[],"featured_media_global":[],"yoast_head":"<!-- This site is optimized with the Yoast SEO plugin v27.4 - https:\/\/yoast.com\/product\/yoast-seo-wordpress\/ -->\n<title>Pr\u00e9sentation du nouveau garage municipal de Hawkesbury - Tribune-Express<\/title>\n<meta name=\"robots\" content=\"index, follow, max-snippet:-1, max-image-preview:large, max-video-preview:-1\" \/>\n<link rel=\"canonical\" href=\"https:\/\/tribune-express.ca\/en\/actualites\/presentation-du-nouveau-garage-municipal-de-hawkesbury\/\" \/>\n<meta property=\"og:locale\" content=\"en_US\" \/>\n<meta property=\"og:type\" content=\"article\" \/>\n<meta property=\"og:title\" content=\"Pr\u00e9sentation du nouveau garage municipal de Hawkesbury - Tribune-Express\" \/>\n<meta property=\"og:description\" content=\"Selon Jonathan Wilson, le principal avantage du nouveau garage municipal de Hawkesbury est qu&#8217;il offre un lieu de travail s\u00fbr \u00e0 son personnel.. \u00ab Je suis heureux pour mon \u00e9quipe, qui dispose d\u00e9sormais d&#8217;un lieu de travail s\u00fbr et agr\u00e9able \u00bb, a d\u00e9clar\u00e9 M. Wilson, alors que le directeur des travaux publics de Hawkesbury pr\u00e9sentait [&hellip;]\" \/>\n<meta property=\"og:url\" content=\"https:\/\/tribune-express.ca\/en\/actualites\/presentation-du-nouveau-garage-municipal-de-hawkesbury\/\" \/>\n<meta property=\"og:site_name\" content=\"Tribune-Express\" \/>\n<meta property=\"article:published_time\" content=\"2026-01-02T17:08:38+00:00\" \/>\n<meta property=\"article:modified_time\" content=\"2026-02-17T20:52:14+00:00\" \/>\n<meta property=\"og:image\" content=\"https:\/\/cdn.editionap.ca\/wp-content\/uploads\/sites\/3\/2026\/01\/ACTGC-Hawkesbury_new_garage-PHOTO-4-scaled-1.jpg\" \/>\n\t<meta property=\"og:image:width\" content=\"2560\" \/>\n\t<meta property=\"og:image:height\" content=\"1920\" \/>\n\t<meta property=\"og:image:type\" content=\"image\/jpeg\" \/>\n<meta name=\"author\" content=\"Anil Jhalli\" \/>\n<meta name=\"twitter:card\" content=\"summary_large_image\" \/>\n<meta name=\"twitter:label1\" content=\"Written by\" \/>\n\t<meta name=\"twitter:data1\" content=\"Anil Jhalli\" \/>\n\t<meta name=\"twitter:label2\" content=\"Est. reading time\" \/>\n\t<meta name=\"twitter:data2\" content=\"3 minutes\" \/>\n<script type=\"application\/ld+json\" class=\"yoast-schema-graph\">{\"@context\":\"https:\\\/\\\/schema.org\",\"@graph\":[{\"@type\":\"Article\",\"@id\":\"https:\\\/\\\/tribune-express.ca\\\/en\\\/actualites\\\/presentation-du-nouveau-garage-municipal-de-hawkesbury\\\/#article\",\"isPartOf\":{\"@id\":\"https:\\\/\\\/tribune-express.ca\\\/en\\\/actualites\\\/presentation-du-nouveau-garage-municipal-de-hawkesbury\\\/\"},\"author\":{\"name\":\"Anil Jhalli\",\"@id\":\"https:\\\/\\\/tribune-express.ca\\\/en\\\/#\\\/schema\\\/person\\\/a09095fdf65e09e747105760fe90175c\"},\"headline\":\"Pr\u00e9sentation du nouveau garage municipal de Hawkesbury\",\"datePublished\":\"2026-01-02T17:08:38+00:00\",\"dateModified\":\"2026-02-17T20:52:14+00:00\",\"mainEntityOfPage\":{\"@id\":\"https:\\\/\\\/tribune-express.ca\\\/en\\\/actualites\\\/presentation-du-nouveau-garage-municipal-de-hawkesbury\\\/\"},\"wordCount\":560,\"image\":{\"@id\":\"https:\\\/\\\/tribune-express.ca\\\/en\\\/actualites\\\/presentation-du-nouveau-garage-municipal-de-hawkesbury\\\/#primaryimage\"},\"thumbnailUrl\":\"https:\\\/\\\/cdn.editionap.ca\\\/wp-content\\\/uploads\\\/sites\\\/3\\\/2026\\\/01\\\/ACTGC-Hawkesbury_new_garage-PHOTO-4-scaled-1.jpg\",\"articleSection\":[\"Actualit\u00e9s\"],\"inLanguage\":\"en-CA\"},{\"@type\":\"WebPage\",\"@id\":\"https:\\\/\\\/tribune-express.ca\\\/en\\\/actualites\\\/presentation-du-nouveau-garage-municipal-de-hawkesbury\\\/\",\"url\":\"https:\\\/\\\/tribune-express.ca\\\/en\\\/actualites\\\/presentation-du-nouveau-garage-municipal-de-hawkesbury\\\/\",\"name\":\"Pr\u00e9sentation du nouveau garage municipal de Hawkesbury - Tribune-Express\",\"isPartOf\":{\"@id\":\"https:\\\/\\\/tribune-express.ca\\\/en\\\/#website\"},\"primaryImageOfPage\":{\"@id\":\"https:\\\/\\\/tribune-express.ca\\\/en\\\/actualites\\\/presentation-du-nouveau-garage-municipal-de-hawkesbury\\\/#primaryimage\"},\"image\":{\"@id\":\"https:\\\/\\\/tribune-express.ca\\\/en\\\/actualites\\\/presentation-du-nouveau-garage-municipal-de-hawkesbury\\\/#primaryimage\"},\"thumbnailUrl\":\"https:\\\/\\\/cdn.editionap.ca\\\/wp-content\\\/uploads\\\/sites\\\/3\\\/2026\\\/01\\\/ACTGC-Hawkesbury_new_garage-PHOTO-4-scaled-1.jpg\",\"datePublished\":\"2026-01-02T17:08:38+00:00\",\"dateModified\":\"2026-02-17T20:52:14+00:00\",\"author\":{\"@id\":\"https:\\\/\\\/tribune-express.ca\\\/en\\\/#\\\/schema\\\/person\\\/a09095fdf65e09e747105760fe90175c\"},\"breadcrumb\":{\"@id\":\"https:\\\/\\\/tribune-express.ca\\\/en\\\/actualites\\\/presentation-du-nouveau-garage-municipal-de-hawkesbury\\\/#breadcrumb\"},\"inLanguage\":\"en-CA\",\"potentialAction\":[{\"@type\":\"ReadAction\",\"target\":[\"https:\\\/\\\/tribune-express.ca\\\/en\\\/actualites\\\/presentation-du-nouveau-garage-municipal-de-hawkesbury\\\/\"]}]},{\"@type\":\"ImageObject\",\"inLanguage\":\"en-CA\",\"@id\":\"https:\\\/\\\/tribune-express.ca\\\/en\\\/actualites\\\/presentation-du-nouveau-garage-municipal-de-hawkesbury\\\/#primaryimage\",\"url\":\"https:\\\/\\\/cdn.editionap.ca\\\/wp-content\\\/uploads\\\/sites\\\/3\\\/2026\\\/01\\\/ACTGC-Hawkesbury_new_garage-PHOTO-4-scaled-1.jpg\",\"contentUrl\":\"https:\\\/\\\/cdn.editionap.ca\\\/wp-content\\\/uploads\\\/sites\\\/3\\\/2026\\\/01\\\/ACTGC-Hawkesbury_new_garage-PHOTO-4-scaled-1.jpg\",\"width\":2560,\"height\":1920,\"caption\":\"Le nouveau garage municipal de Hawkesbury peut accueillir toute la flotte de v\u00e9hicules des travaux publics de la municipalit\u00e9.\"},{\"@type\":\"BreadcrumbList\",\"@id\":\"https:\\\/\\\/tribune-express.ca\\\/en\\\/actualites\\\/presentation-du-nouveau-garage-municipal-de-hawkesbury\\\/#breadcrumb\",\"itemListElement\":[{\"@type\":\"ListItem\",\"position\":1,\"name\":\"Accueil\",\"item\":\"https:\\\/\\\/tribune-express.ca\\\/en\\\/\"},{\"@type\":\"ListItem\",\"position\":2,\"name\":\"Pr\u00e9sentation du nouveau garage municipal de Hawkesbury\"}]},{\"@type\":\"WebSite\",\"@id\":\"https:\\\/\\\/tribune-express.ca\\\/en\\\/#website\",\"url\":\"https:\\\/\\\/tribune-express.ca\\\/en\\\/\",\"name\":\"Tribune-Express\",\"description\":\"\",\"potentialAction\":[{\"@type\":\"SearchAction\",\"target\":{\"@type\":\"EntryPoint\",\"urlTemplate\":\"https:\\\/\\\/tribune-express.ca\\\/en\\\/?s={search_term_string}\"},\"query-input\":{\"@type\":\"PropertyValueSpecification\",\"valueRequired\":true,\"valueName\":\"search_term_string\"}}],\"inLanguage\":\"en-CA\"},{\"@type\":\"Person\",\"@id\":\"https:\\\/\\\/tribune-express.ca\\\/en\\\/#\\\/schema\\\/person\\\/a09095fdf65e09e747105760fe90175c\",\"name\":\"Anil Jhalli\",\"image\":{\"@type\":\"ImageObject\",\"inLanguage\":\"en-CA\",\"@id\":\"https:\\\/\\\/secure.gravatar.com\\\/avatar\\\/63becc64fff8877a05400459aa003b94a1fdc8d3954acacc688ee6a2bc39fef8?s=96&d=mm&r=g\",\"url\":\"https:\\\/\\\/secure.gravatar.com\\\/avatar\\\/63becc64fff8877a05400459aa003b94a1fdc8d3954acacc688ee6a2bc39fef8?s=96&d=mm&r=g\",\"contentUrl\":\"https:\\\/\\\/secure.gravatar.com\\\/avatar\\\/63becc64fff8877a05400459aa003b94a1fdc8d3954acacc688ee6a2bc39fef8?s=96&d=mm&r=g\",\"caption\":\"Anil Jhalli\"}}]}<\/script>\n<!-- \/ Yoast SEO plugin. -->","yoast_head_json":{"title":"Pr\u00e9sentation du nouveau garage municipal de Hawkesbury - Tribune-Express","robots":{"index":"index","follow":"follow","max-snippet":"max-snippet:-1","max-image-preview":"max-image-preview:large","max-video-preview":"max-video-preview:-1"},"canonical":"https:\/\/tribune-express.ca\/en\/actualites\/presentation-du-nouveau-garage-municipal-de-hawkesbury\/","og_locale":"en_US","og_type":"article","og_title":"Pr\u00e9sentation du nouveau garage municipal de Hawkesbury - Tribune-Express","og_description":"Selon Jonathan Wilson, le principal avantage du nouveau garage municipal de Hawkesbury est qu&#8217;il offre un lieu de travail s\u00fbr \u00e0 son personnel.. \u00ab Je suis heureux pour mon \u00e9quipe, qui dispose d\u00e9sormais d&#8217;un lieu de travail s\u00fbr et agr\u00e9able \u00bb, a d\u00e9clar\u00e9 M. Wilson, alors que le directeur des travaux publics de Hawkesbury pr\u00e9sentait [&hellip;]","og_url":"https:\/\/tribune-express.ca\/en\/actualites\/presentation-du-nouveau-garage-municipal-de-hawkesbury\/","og_site_name":"Tribune-Express","article_published_time":"2026-01-02T17:08:38+00:00","article_modified_time":"2026-02-17T20:52:14+00:00","og_image":[{"width":2560,"height":1920,"url":"https:\/\/cdn.editionap.ca\/wp-content\/uploads\/sites\/3\/2026\/01\/ACTGC-Hawkesbury_new_garage-PHOTO-4-scaled-1.jpg","type":"image\/jpeg"}],"author":"Anil Jhalli","twitter_card":"summary_large_image","twitter_misc":{"Written by":"Anil Jhalli","Est. reading time":"3 minutes"},"schema":{"@context":"https:\/\/schema.org","@graph":[{"@type":"Article","@id":"https:\/\/tribune-express.ca\/en\/actualites\/presentation-du-nouveau-garage-municipal-de-hawkesbury\/#article","isPartOf":{"@id":"https:\/\/tribune-express.ca\/en\/actualites\/presentation-du-nouveau-garage-municipal-de-hawkesbury\/"},"author":{"name":"Anil Jhalli","@id":"https:\/\/tribune-express.ca\/en\/#\/schema\/person\/a09095fdf65e09e747105760fe90175c"},"headline":"Pr\u00e9sentation du nouveau garage municipal de Hawkesbury","datePublished":"2026-01-02T17:08:38+00:00","dateModified":"2026-02-17T20:52:14+00:00","mainEntityOfPage":{"@id":"https:\/\/tribune-express.ca\/en\/actualites\/presentation-du-nouveau-garage-municipal-de-hawkesbury\/"},"wordCount":560,"image":{"@id":"https:\/\/tribune-express.ca\/en\/actualites\/presentation-du-nouveau-garage-municipal-de-hawkesbury\/#primaryimage"},"thumbnailUrl":"https:\/\/cdn.editionap.ca\/wp-content\/uploads\/sites\/3\/2026\/01\/ACTGC-Hawkesbury_new_garage-PHOTO-4-scaled-1.jpg","articleSection":["Actualit\u00e9s"],"inLanguage":"en-CA"},{"@type":"WebPage","@id":"https:\/\/tribune-express.ca\/en\/actualites\/presentation-du-nouveau-garage-municipal-de-hawkesbury\/","url":"https:\/\/tribune-express.ca\/en\/actualites\/presentation-du-nouveau-garage-municipal-de-hawkesbury\/","name":"Pr\u00e9sentation du nouveau garage municipal de Hawkesbury - Tribune-Express","isPartOf":{"@id":"https:\/\/tribune-express.ca\/en\/#website"},"primaryImageOfPage":{"@id":"https:\/\/tribune-express.ca\/en\/actualites\/presentation-du-nouveau-garage-municipal-de-hawkesbury\/#primaryimage"},"image":{"@id":"https:\/\/tribune-express.ca\/en\/actualites\/presentation-du-nouveau-garage-municipal-de-hawkesbury\/#primaryimage"},"thumbnailUrl":"https:\/\/cdn.editionap.ca\/wp-content\/uploads\/sites\/3\/2026\/01\/ACTGC-Hawkesbury_new_garage-PHOTO-4-scaled-1.jpg","datePublished":"2026-01-02T17:08:38+00:00","dateModified":"2026-02-17T20:52:14+00:00","author":{"@id":"https:\/\/tribune-express.ca\/en\/#\/schema\/person\/a09095fdf65e09e747105760fe90175c"},"breadcrumb":{"@id":"https:\/\/tribune-express.ca\/en\/actualites\/presentation-du-nouveau-garage-municipal-de-hawkesbury\/#breadcrumb"},"inLanguage":"en-CA","potentialAction":[{"@type":"ReadAction","target":["https:\/\/tribune-express.ca\/en\/actualites\/presentation-du-nouveau-garage-municipal-de-hawkesbury\/"]}]},{"@type":"ImageObject","inLanguage":"en-CA","@id":"https:\/\/tribune-express.ca\/en\/actualites\/presentation-du-nouveau-garage-municipal-de-hawkesbury\/#primaryimage","url":"https:\/\/cdn.editionap.ca\/wp-content\/uploads\/sites\/3\/2026\/01\/ACTGC-Hawkesbury_new_garage-PHOTO-4-scaled-1.jpg","contentUrl":"https:\/\/cdn.editionap.ca\/wp-content\/uploads\/sites\/3\/2026\/01\/ACTGC-Hawkesbury_new_garage-PHOTO-4-scaled-1.jpg","width":2560,"height":1920,"caption":"Le nouveau garage municipal de Hawkesbury peut accueillir toute la flotte de v\u00e9hicules des travaux publics de la municipalit\u00e9."},{"@type":"BreadcrumbList","@id":"https:\/\/tribune-express.ca\/en\/actualites\/presentation-du-nouveau-garage-municipal-de-hawkesbury\/#breadcrumb","itemListElement":[{"@type":"ListItem","position":1,"name":"Accueil","item":"https:\/\/tribune-express.ca\/en\/"},{"@type":"ListItem","position":2,"name":"Pr\u00e9sentation du nouveau garage municipal de Hawkesbury"}]},{"@type":"WebSite","@id":"https:\/\/tribune-express.ca\/en\/#website","url":"https:\/\/tribune-express.ca\/en\/","name":"Tribune-Express","description":"","potentialAction":[{"@type":"SearchAction","target":{"@type":"EntryPoint","urlTemplate":"https:\/\/tribune-express.ca\/en\/?s={search_term_string}"},"query-input":{"@type":"PropertyValueSpecification","valueRequired":true,"valueName":"search_term_string"}}],"inLanguage":"en-CA"},{"@type":"Person","@id":"https:\/\/tribune-express.ca\/en\/#\/schema\/person\/a09095fdf65e09e747105760fe90175c","name":"Anil Jhalli","image":{"@type":"ImageObject","inLanguage":"en-CA","@id":"https:\/\/secure.gravatar.com\/avatar\/63becc64fff8877a05400459aa003b94a1fdc8d3954acacc688ee6a2bc39fef8?s=96&d=mm&r=g","url":"https:\/\/secure.gravatar.com\/avatar\/63becc64fff8877a05400459aa003b94a1fdc8d3954acacc688ee6a2bc39fef8?s=96&d=mm&r=g","contentUrl":"https:\/\/secure.gravatar.com\/avatar\/63becc64fff8877a05400459aa003b94a1fdc8d3954acacc688ee6a2bc39fef8?s=96&d=mm&r=g","caption":"Anil Jhalli"}}]}},"_links":{"self":[{"href":"https:\/\/tribune-express.ca\/en\/wp-json\/wp\/v2\/posts\/108531","targetHints":{"allow":["GET"]}}],"collection":[{"href":"https:\/\/tribune-express.ca\/en\/wp-json\/wp\/v2\/posts"}],"about":[{"href":"https:\/\/tribune-express.ca\/en\/wp-json\/wp\/v2\/types\/post"}],"author":[{"embeddable":true,"href":"https:\/\/tribune-express.ca\/en\/wp-json\/wp\/v2\/users\/27"}],"replies":[{"embeddable":true,"href":"https:\/\/tribune-express.ca\/en\/wp-json\/wp\/v2\/comments?post=108531"}],"version-history":[{"count":1,"href":"https:\/\/tribune-express.ca\/en\/wp-json\/wp\/v2\/posts\/108531\/revisions"}],"predecessor-version":[{"id":134664,"href":"https:\/\/tribune-express.ca\/en\/wp-json\/wp\/v2\/posts\/108531\/revisions\/134664"}],"wp:featuredmedia":[{"embeddable":true,"href":"https:\/\/tribune-express.ca\/en\/wp-json\/wp\/v2\/media\/108532"}],"wp:attachment":[{"href":"https:\/\/tribune-express.ca\/en\/wp-json\/wp\/v2\/media?parent=108531"}],"wp:term":[{"taxonomy":"category","embeddable":true,"href":"https:\/\/tribune-express.ca\/en\/wp-json\/wp\/v2\/categories?post=108531"},{"taxonomy":"post_tag","embeddable":true,"href":"https:\/\/tribune-express.ca\/en\/wp-json\/wp\/v2\/tags?post=108531"}],"curies":[{"name":"wp","href":"https:\/\/api.w.org\/{rel}","templated":true}]}}