{"id":108665,"date":"2026-01-15T21:58:56","date_gmt":"2026-01-16T02:58:56","guid":{"rendered":"https:\/\/editionap.ca\/?p=108665"},"modified":"2026-02-17T21:52:13","modified_gmt":"2026-02-17T20:52:13","slug":"le-maire-riopel-annonce-sa-candidature-a-sa-reelection","status":"publish","type":"post","link":"https:\/\/tribune-express.ca\/en\/politique\/le-maire-riopel-annonce-sa-candidature-a-sa-reelection\/","title":{"rendered":"Le maire Riopel annonce sa candidature \u00e0 sa r\u00e9\u00e9lection"},"content":{"rendered":"<p><strong>Le maire Normand Riopel a confirm\u00e9 qu&#8217;il se pr\u00e9senterait aux \u00e9lections municipales d&#8217;octobre prochain.<\/strong><\/p>\n<p>\u00ab J&#8217;ai bien l&#8217;intention de me pr\u00e9senter \u00e0 nouveau, a d\u00e9clar\u00e9 le maire Riopel lors d&#8217;un entretien t\u00e9l\u00e9phonique cette fin de semaine. Il ne m&#8217;est jamais venu \u00e0 l&#8217;esprit de ne pas me pr\u00e9senter, a-t-il ajout\u00e9. J&#8217;adore ce que je fais. Je suis jeune, je suis encore en bonne sant\u00e9 et j&#8217;aime servir la population. \u00bb<\/p>\n<p>M. Riopel est le deuxi\u00e8me maire sortant du comt\u00e9 de Prescott \u00e0 confirmer qu&#8217;il se pr\u00e9sentera \u00e0 sa r\u00e9\u00e9lection. Le maire du canton d&#8217;Alfred-Plantagenet, Yves Laviolette, a affirm\u00e9 lors d&#8217;une entrevue de fin d&#8217;ann\u00e9e qu&#8217;il comptait se pr\u00e9senter \u00e0 nouveau pour le poste de maire au conseil de canton.<\/p>\n<p>Le maire de Hawkesbury, Robert Lefebvre, a annonc\u00e9 la semaine derni\u00e8re aux m\u00e9dias locaux qu&#8217;il ne comptait pas se pr\u00e9senter \u00e0 sa r\u00e9\u00e9lection.<\/p>\n<p>M. Riopel a indiqu\u00e9 que les infrastructures occuperont une place importante dans sa campagne.<\/p>\n<p>\u00ab Nous allons continuer \u00e0 travailler d&#8217;arrache-pied pour am\u00e9liorer nos infrastructures \u00bb, a-t-il d\u00e9clar\u00e9, citant la r\u00e9novation de la rue Principal \u00e0 Vankleek Hill comme un \u00ab grand projet \u00bb figurant sur la liste des \u00ab choses \u00e0 faire \u00bb de la municipalit\u00e9. Lors de sa derni\u00e8re session de l&#8217;ann\u00e9e en d\u00e9cembre, le conseil municipal du canton de Champlain a approuv\u00e9 les recommandations du personnel visant \u00e0 accorder une attention prioritaire \u00e0 la reconstruction de la rue Principal. Le maire Riopel a d\u00e9clar\u00e9 que le conseil municipal et le personnel s&#8217;attachaient d\u00e9sormais \u00e0 d\u00e9terminer le co\u00fbt du projet.<\/p>\n<p>\u00ab Nous devons faire preuve de diligence raisonnable \u00bb, a-t-il d\u00e9clar\u00e9, ajoutant que tout projet de reconstruction de la rue pourrait \u00e9galement impliquer la modernisation de certaines canalisations souterraines.<\/p>\n<p>Le maire a d\u00e9clar\u00e9 que le personnel devra examiner et \u00e9valuer les infrastructures existantes d&#8217;eau et d&#8217;\u00e9gouts et autres infrastructures souterraines dans le cadre du plan global de reconstruction de la rue Principal. Cet examen permettra de d\u00e9terminer si certaines canalisations souterraines, en tout ou en partie, devront \u00e9galement \u00eatre remplac\u00e9es dans le cadre du projet.<\/p>\n<p>Le maire Riopel a \u00e9galement indiqu\u00e9 qu&#8217;il aimerait voir davantage de routes en gravier de la municipalit\u00e9 \u00eatre pav\u00e9es au cours des quatre prochaines ann\u00e9es, et que le conseil municipal continue d&#8217;apporter un \u00ab soutien solide \u00bb aux festivals locaux et aux \u00e9v\u00e9nements sp\u00e9ciaux qui divertissent les r\u00e9sidents et les visiteurs.<\/p>\n<p>Le maire a \u00e9galement soulign\u00e9 qu&#8217;il s&#8217;int\u00e9ressait \u00e0 la d\u00e9cision concernant l&#8217;avenir de l&#8217;ancien terrain de camping du parc L&#8217;Orignal.<\/p>\n<p>Il a indiqu\u00e9 qu&#8217;un nouveau centre communautaire pour le village pourrait \u00eatre une bonne utilisation du site.<\/p>\n<p>Le maire Riopel a \u00e9galement d\u00e9clar\u00e9 qu&#8217;il souhaitait rester maire afin de pouvoir continuer \u00e0 participer aux discussions avec son futur homologue de Hawkesbury sur la d\u00e9finition et l&#8217;am\u00e9lioration des termes du r\u00e9cent protocole d&#8217;entente (PE) entre Hawkesbury et le canton de Champlain concernant la zone frontali\u00e8re le long du chemin de comt\u00e9 17 entre les deux municipalit\u00e9s. Le maire Riopel a soulign\u00e9 que le PE s&#8217;av\u00e9rerait tr\u00e8s b\u00e9n\u00e9fique pour le d\u00e9veloppement futur du canton de Champlain.<\/p>\n","protected":false},"excerpt":{"rendered":"<p>Le maire Normand Riopel a confirm\u00e9 qu&#8217;il se pr\u00e9senterait aux \u00e9lections municipales d&#8217;octobre prochain. \u00ab J&#8217;ai bien l&#8217;intention de me pr\u00e9senter \u00e0 nouveau, a d\u00e9clar\u00e9 le maire Riopel lors d&#8217;un entretien t\u00e9l\u00e9phonique cette fin de semaine. Il ne m&#8217;est jamais venu \u00e0 l&#8217;esprit de ne pas me pr\u00e9senter, a-t-il ajout\u00e9. J&#8217;adore ce que je fais. [&hellip;]<\/p>\n","protected":false},"author":27,"featured_media":99890,"comment_status":"closed","ping_status":"open","sticky":false,"template":"","format":"standard","meta":{"_acf_changed":false,"footnotes":""},"categories":[44],"tags":[],"class_list":["post-108665","post","type-post","status-publish","format-standard","has-post-thumbnail","hentry","category-politique"],"acf":[],"featured_media_global":[],"yoast_head":"<!-- This site is optimized with the Yoast SEO plugin v27.4 - https:\/\/yoast.com\/product\/yoast-seo-wordpress\/ -->\n<title>Le maire Riopel annonce sa candidature \u00e0 sa r\u00e9\u00e9lection - Tribune-Express<\/title>\n<meta name=\"robots\" content=\"index, follow, max-snippet:-1, max-image-preview:large, max-video-preview:-1\" \/>\n<link rel=\"canonical\" href=\"https:\/\/tribune-express.ca\/en\/politique\/le-maire-riopel-annonce-sa-candidature-a-sa-reelection\/\" \/>\n<meta property=\"og:locale\" content=\"en_US\" \/>\n<meta property=\"og:type\" content=\"article\" \/>\n<meta property=\"og:title\" content=\"Le maire Riopel annonce sa candidature \u00e0 sa r\u00e9\u00e9lection - Tribune-Express\" \/>\n<meta property=\"og:description\" content=\"Le maire Normand Riopel a confirm\u00e9 qu&#8217;il se pr\u00e9senterait aux \u00e9lections municipales d&#8217;octobre prochain. \u00ab J&#8217;ai bien l&#8217;intention de me pr\u00e9senter \u00e0 nouveau, a d\u00e9clar\u00e9 le maire Riopel lors d&#8217;un entretien t\u00e9l\u00e9phonique cette fin de semaine. Il ne m&#8217;est jamais venu \u00e0 l&#8217;esprit de ne pas me pr\u00e9senter, a-t-il ajout\u00e9. J&#8217;adore ce que je fais. [&hellip;]\" \/>\n<meta property=\"og:url\" content=\"https:\/\/tribune-express.ca\/en\/politique\/le-maire-riopel-annonce-sa-candidature-a-sa-reelection\/\" \/>\n<meta property=\"og:site_name\" content=\"Tribune-Express\" \/>\n<meta property=\"article:published_time\" content=\"2026-01-16T02:58:56+00:00\" \/>\n<meta property=\"article:modified_time\" content=\"2026-02-17T20:52:13+00:00\" \/>\n<meta property=\"og:image\" content=\"https:\/\/cdn.editionap.ca\/wp-content\/uploads\/sites\/3\/2024\/04\/RIOPEL-UCPR.jpg\" \/>\n\t<meta property=\"og:image:width\" content=\"800\" \/>\n\t<meta property=\"og:image:height\" content=\"1200\" \/>\n\t<meta property=\"og:image:type\" content=\"image\/jpeg\" \/>\n<meta name=\"author\" content=\"Anil Jhalli\" \/>\n<meta name=\"twitter:card\" content=\"summary_large_image\" \/>\n<meta name=\"twitter:label1\" content=\"Written by\" \/>\n\t<meta name=\"twitter:data1\" content=\"Anil Jhalli\" \/>\n\t<meta name=\"twitter:label2\" content=\"Est. reading time\" \/>\n\t<meta name=\"twitter:data2\" content=\"3 minutes\" \/>\n<script type=\"application\/ld+json\" class=\"yoast-schema-graph\">{\"@context\":\"https:\\\/\\\/schema.org\",\"@graph\":[{\"@type\":\"Article\",\"@id\":\"https:\\\/\\\/tribune-express.ca\\\/en\\\/politique\\\/le-maire-riopel-annonce-sa-candidature-a-sa-reelection\\\/#article\",\"isPartOf\":{\"@id\":\"https:\\\/\\\/tribune-express.ca\\\/en\\\/politique\\\/le-maire-riopel-annonce-sa-candidature-a-sa-reelection\\\/\"},\"author\":{\"name\":\"Anil Jhalli\",\"@id\":\"https:\\\/\\\/tribune-express.ca\\\/en\\\/#\\\/schema\\\/person\\\/a09095fdf65e09e747105760fe90175c\"},\"headline\":\"Le maire Riopel annonce sa candidature \u00e0 sa r\u00e9\u00e9lection\",\"datePublished\":\"2026-01-16T02:58:56+00:00\",\"dateModified\":\"2026-02-17T20:52:13+00:00\",\"mainEntityOfPage\":{\"@id\":\"https:\\\/\\\/tribune-express.ca\\\/en\\\/politique\\\/le-maire-riopel-annonce-sa-candidature-a-sa-reelection\\\/\"},\"wordCount\":565,\"image\":{\"@id\":\"https:\\\/\\\/tribune-express.ca\\\/en\\\/politique\\\/le-maire-riopel-annonce-sa-candidature-a-sa-reelection\\\/#primaryimage\"},\"thumbnailUrl\":\"https:\\\/\\\/cdn.editionap.ca\\\/wp-content\\\/uploads\\\/sites\\\/3\\\/2024\\\/04\\\/RIOPEL-UCPR.jpg\",\"articleSection\":[\"Politique\"],\"inLanguage\":\"en-CA\"},{\"@type\":\"WebPage\",\"@id\":\"https:\\\/\\\/tribune-express.ca\\\/en\\\/politique\\\/le-maire-riopel-annonce-sa-candidature-a-sa-reelection\\\/\",\"url\":\"https:\\\/\\\/tribune-express.ca\\\/en\\\/politique\\\/le-maire-riopel-annonce-sa-candidature-a-sa-reelection\\\/\",\"name\":\"Le maire Riopel annonce sa candidature \u00e0 sa r\u00e9\u00e9lection - Tribune-Express\",\"isPartOf\":{\"@id\":\"https:\\\/\\\/tribune-express.ca\\\/en\\\/#website\"},\"primaryImageOfPage\":{\"@id\":\"https:\\\/\\\/tribune-express.ca\\\/en\\\/politique\\\/le-maire-riopel-annonce-sa-candidature-a-sa-reelection\\\/#primaryimage\"},\"image\":{\"@id\":\"https:\\\/\\\/tribune-express.ca\\\/en\\\/politique\\\/le-maire-riopel-annonce-sa-candidature-a-sa-reelection\\\/#primaryimage\"},\"thumbnailUrl\":\"https:\\\/\\\/cdn.editionap.ca\\\/wp-content\\\/uploads\\\/sites\\\/3\\\/2024\\\/04\\\/RIOPEL-UCPR.jpg\",\"datePublished\":\"2026-01-16T02:58:56+00:00\",\"dateModified\":\"2026-02-17T20:52:13+00:00\",\"author\":{\"@id\":\"https:\\\/\\\/tribune-express.ca\\\/en\\\/#\\\/schema\\\/person\\\/a09095fdf65e09e747105760fe90175c\"},\"breadcrumb\":{\"@id\":\"https:\\\/\\\/tribune-express.ca\\\/en\\\/politique\\\/le-maire-riopel-annonce-sa-candidature-a-sa-reelection\\\/#breadcrumb\"},\"inLanguage\":\"en-CA\",\"potentialAction\":[{\"@type\":\"ReadAction\",\"target\":[\"https:\\\/\\\/tribune-express.ca\\\/en\\\/politique\\\/le-maire-riopel-annonce-sa-candidature-a-sa-reelection\\\/\"]}]},{\"@type\":\"ImageObject\",\"inLanguage\":\"en-CA\",\"@id\":\"https:\\\/\\\/tribune-express.ca\\\/en\\\/politique\\\/le-maire-riopel-annonce-sa-candidature-a-sa-reelection\\\/#primaryimage\",\"url\":\"https:\\\/\\\/cdn.editionap.ca\\\/wp-content\\\/uploads\\\/sites\\\/3\\\/2024\\\/04\\\/RIOPEL-UCPR.jpg\",\"contentUrl\":\"https:\\\/\\\/cdn.editionap.ca\\\/wp-content\\\/uploads\\\/sites\\\/3\\\/2024\\\/04\\\/RIOPEL-UCPR.jpg\",\"width\":800,\"height\":1200,\"caption\":\"Le maire de Champlain, Normand Riopel, a \u00e9t\u00e9 nomm\u00e9 pr\u00e9sident int\u00e9rimaire des Comt\u00e9s unis de Prescott-Russell lors de la r\u00e9union du conseil municipal du 25 avril.\"},{\"@type\":\"BreadcrumbList\",\"@id\":\"https:\\\/\\\/tribune-express.ca\\\/en\\\/politique\\\/le-maire-riopel-annonce-sa-candidature-a-sa-reelection\\\/#breadcrumb\",\"itemListElement\":[{\"@type\":\"ListItem\",\"position\":1,\"name\":\"Accueil\",\"item\":\"https:\\\/\\\/tribune-express.ca\\\/en\\\/\"},{\"@type\":\"ListItem\",\"position\":2,\"name\":\"Le maire Riopel annonce sa candidature \u00e0 sa r\u00e9\u00e9lection\"}]},{\"@type\":\"WebSite\",\"@id\":\"https:\\\/\\\/tribune-express.ca\\\/en\\\/#website\",\"url\":\"https:\\\/\\\/tribune-express.ca\\\/en\\\/\",\"name\":\"Tribune-Express\",\"description\":\"\",\"potentialAction\":[{\"@type\":\"SearchAction\",\"target\":{\"@type\":\"EntryPoint\",\"urlTemplate\":\"https:\\\/\\\/tribune-express.ca\\\/en\\\/?s={search_term_string}\"},\"query-input\":{\"@type\":\"PropertyValueSpecification\",\"valueRequired\":true,\"valueName\":\"search_term_string\"}}],\"inLanguage\":\"en-CA\"},{\"@type\":\"Person\",\"@id\":\"https:\\\/\\\/tribune-express.ca\\\/en\\\/#\\\/schema\\\/person\\\/a09095fdf65e09e747105760fe90175c\",\"name\":\"Anil Jhalli\",\"image\":{\"@type\":\"ImageObject\",\"inLanguage\":\"en-CA\",\"@id\":\"https:\\\/\\\/secure.gravatar.com\\\/avatar\\\/63becc64fff8877a05400459aa003b94a1fdc8d3954acacc688ee6a2bc39fef8?s=96&d=mm&r=g\",\"url\":\"https:\\\/\\\/secure.gravatar.com\\\/avatar\\\/63becc64fff8877a05400459aa003b94a1fdc8d3954acacc688ee6a2bc39fef8?s=96&d=mm&r=g\",\"contentUrl\":\"https:\\\/\\\/secure.gravatar.com\\\/avatar\\\/63becc64fff8877a05400459aa003b94a1fdc8d3954acacc688ee6a2bc39fef8?s=96&d=mm&r=g\",\"caption\":\"Anil Jhalli\"}}]}<\/script>\n<!-- \/ Yoast SEO plugin. -->","yoast_head_json":{"title":"Le maire Riopel annonce sa candidature \u00e0 sa r\u00e9\u00e9lection - Tribune-Express","robots":{"index":"index","follow":"follow","max-snippet":"max-snippet:-1","max-image-preview":"max-image-preview:large","max-video-preview":"max-video-preview:-1"},"canonical":"https:\/\/tribune-express.ca\/en\/politique\/le-maire-riopel-annonce-sa-candidature-a-sa-reelection\/","og_locale":"en_US","og_type":"article","og_title":"Le maire Riopel annonce sa candidature \u00e0 sa r\u00e9\u00e9lection - Tribune-Express","og_description":"Le maire Normand Riopel a confirm\u00e9 qu&#8217;il se pr\u00e9senterait aux \u00e9lections municipales d&#8217;octobre prochain. \u00ab J&#8217;ai bien l&#8217;intention de me pr\u00e9senter \u00e0 nouveau, a d\u00e9clar\u00e9 le maire Riopel lors d&#8217;un entretien t\u00e9l\u00e9phonique cette fin de semaine. Il ne m&#8217;est jamais venu \u00e0 l&#8217;esprit de ne pas me pr\u00e9senter, a-t-il ajout\u00e9. J&#8217;adore ce que je fais. [&hellip;]","og_url":"https:\/\/tribune-express.ca\/en\/politique\/le-maire-riopel-annonce-sa-candidature-a-sa-reelection\/","og_site_name":"Tribune-Express","article_published_time":"2026-01-16T02:58:56+00:00","article_modified_time":"2026-02-17T20:52:13+00:00","og_image":[{"width":800,"height":1200,"url":"https:\/\/cdn.editionap.ca\/wp-content\/uploads\/sites\/3\/2024\/04\/RIOPEL-UCPR.jpg","type":"image\/jpeg"}],"author":"Anil Jhalli","twitter_card":"summary_large_image","twitter_misc":{"Written by":"Anil Jhalli","Est. reading time":"3 minutes"},"schema":{"@context":"https:\/\/schema.org","@graph":[{"@type":"Article","@id":"https:\/\/tribune-express.ca\/en\/politique\/le-maire-riopel-annonce-sa-candidature-a-sa-reelection\/#article","isPartOf":{"@id":"https:\/\/tribune-express.ca\/en\/politique\/le-maire-riopel-annonce-sa-candidature-a-sa-reelection\/"},"author":{"name":"Anil Jhalli","@id":"https:\/\/tribune-express.ca\/en\/#\/schema\/person\/a09095fdf65e09e747105760fe90175c"},"headline":"Le maire Riopel annonce sa candidature \u00e0 sa r\u00e9\u00e9lection","datePublished":"2026-01-16T02:58:56+00:00","dateModified":"2026-02-17T20:52:13+00:00","mainEntityOfPage":{"@id":"https:\/\/tribune-express.ca\/en\/politique\/le-maire-riopel-annonce-sa-candidature-a-sa-reelection\/"},"wordCount":565,"image":{"@id":"https:\/\/tribune-express.ca\/en\/politique\/le-maire-riopel-annonce-sa-candidature-a-sa-reelection\/#primaryimage"},"thumbnailUrl":"https:\/\/cdn.editionap.ca\/wp-content\/uploads\/sites\/3\/2024\/04\/RIOPEL-UCPR.jpg","articleSection":["Politique"],"inLanguage":"en-CA"},{"@type":"WebPage","@id":"https:\/\/tribune-express.ca\/en\/politique\/le-maire-riopel-annonce-sa-candidature-a-sa-reelection\/","url":"https:\/\/tribune-express.ca\/en\/politique\/le-maire-riopel-annonce-sa-candidature-a-sa-reelection\/","name":"Le maire Riopel annonce sa candidature \u00e0 sa r\u00e9\u00e9lection - Tribune-Express","isPartOf":{"@id":"https:\/\/tribune-express.ca\/en\/#website"},"primaryImageOfPage":{"@id":"https:\/\/tribune-express.ca\/en\/politique\/le-maire-riopel-annonce-sa-candidature-a-sa-reelection\/#primaryimage"},"image":{"@id":"https:\/\/tribune-express.ca\/en\/politique\/le-maire-riopel-annonce-sa-candidature-a-sa-reelection\/#primaryimage"},"thumbnailUrl":"https:\/\/cdn.editionap.ca\/wp-content\/uploads\/sites\/3\/2024\/04\/RIOPEL-UCPR.jpg","datePublished":"2026-01-16T02:58:56+00:00","dateModified":"2026-02-17T20:52:13+00:00","author":{"@id":"https:\/\/tribune-express.ca\/en\/#\/schema\/person\/a09095fdf65e09e747105760fe90175c"},"breadcrumb":{"@id":"https:\/\/tribune-express.ca\/en\/politique\/le-maire-riopel-annonce-sa-candidature-a-sa-reelection\/#breadcrumb"},"inLanguage":"en-CA","potentialAction":[{"@type":"ReadAction","target":["https:\/\/tribune-express.ca\/en\/politique\/le-maire-riopel-annonce-sa-candidature-a-sa-reelection\/"]}]},{"@type":"ImageObject","inLanguage":"en-CA","@id":"https:\/\/tribune-express.ca\/en\/politique\/le-maire-riopel-annonce-sa-candidature-a-sa-reelection\/#primaryimage","url":"https:\/\/cdn.editionap.ca\/wp-content\/uploads\/sites\/3\/2024\/04\/RIOPEL-UCPR.jpg","contentUrl":"https:\/\/cdn.editionap.ca\/wp-content\/uploads\/sites\/3\/2024\/04\/RIOPEL-UCPR.jpg","width":800,"height":1200,"caption":"Le maire de Champlain, Normand Riopel, a \u00e9t\u00e9 nomm\u00e9 pr\u00e9sident int\u00e9rimaire des Comt\u00e9s unis de Prescott-Russell lors de la r\u00e9union du conseil municipal du 25 avril."},{"@type":"BreadcrumbList","@id":"https:\/\/tribune-express.ca\/en\/politique\/le-maire-riopel-annonce-sa-candidature-a-sa-reelection\/#breadcrumb","itemListElement":[{"@type":"ListItem","position":1,"name":"Accueil","item":"https:\/\/tribune-express.ca\/en\/"},{"@type":"ListItem","position":2,"name":"Le maire Riopel annonce sa candidature \u00e0 sa r\u00e9\u00e9lection"}]},{"@type":"WebSite","@id":"https:\/\/tribune-express.ca\/en\/#website","url":"https:\/\/tribune-express.ca\/en\/","name":"Tribune-Express","description":"","potentialAction":[{"@type":"SearchAction","target":{"@type":"EntryPoint","urlTemplate":"https:\/\/tribune-express.ca\/en\/?s={search_term_string}"},"query-input":{"@type":"PropertyValueSpecification","valueRequired":true,"valueName":"search_term_string"}}],"inLanguage":"en-CA"},{"@type":"Person","@id":"https:\/\/tribune-express.ca\/en\/#\/schema\/person\/a09095fdf65e09e747105760fe90175c","name":"Anil Jhalli","image":{"@type":"ImageObject","inLanguage":"en-CA","@id":"https:\/\/secure.gravatar.com\/avatar\/63becc64fff8877a05400459aa003b94a1fdc8d3954acacc688ee6a2bc39fef8?s=96&d=mm&r=g","url":"https:\/\/secure.gravatar.com\/avatar\/63becc64fff8877a05400459aa003b94a1fdc8d3954acacc688ee6a2bc39fef8?s=96&d=mm&r=g","contentUrl":"https:\/\/secure.gravatar.com\/avatar\/63becc64fff8877a05400459aa003b94a1fdc8d3954acacc688ee6a2bc39fef8?s=96&d=mm&r=g","caption":"Anil Jhalli"}}]}},"_links":{"self":[{"href":"https:\/\/tribune-express.ca\/en\/wp-json\/wp\/v2\/posts\/108665","targetHints":{"allow":["GET"]}}],"collection":[{"href":"https:\/\/tribune-express.ca\/en\/wp-json\/wp\/v2\/posts"}],"about":[{"href":"https:\/\/tribune-express.ca\/en\/wp-json\/wp\/v2\/types\/post"}],"author":[{"embeddable":true,"href":"https:\/\/tribune-express.ca\/en\/wp-json\/wp\/v2\/users\/27"}],"replies":[{"embeddable":true,"href":"https:\/\/tribune-express.ca\/en\/wp-json\/wp\/v2\/comments?post=108665"}],"version-history":[{"count":1,"href":"https:\/\/tribune-express.ca\/en\/wp-json\/wp\/v2\/posts\/108665\/revisions"}],"predecessor-version":[{"id":134643,"href":"https:\/\/tribune-express.ca\/en\/wp-json\/wp\/v2\/posts\/108665\/revisions\/134643"}],"wp:featuredmedia":[{"embeddable":true,"href":"https:\/\/tribune-express.ca\/en\/wp-json\/wp\/v2\/media\/99890"}],"wp:attachment":[{"href":"https:\/\/tribune-express.ca\/en\/wp-json\/wp\/v2\/media?parent=108665"}],"wp:term":[{"taxonomy":"category","embeddable":true,"href":"https:\/\/tribune-express.ca\/en\/wp-json\/wp\/v2\/categories?post=108665"},{"taxonomy":"post_tag","embeddable":true,"href":"https:\/\/tribune-express.ca\/en\/wp-json\/wp\/v2\/tags?post=108665"}],"curies":[{"name":"wp","href":"https:\/\/api.w.org\/{rel}","templated":true}]}}