{"id":138607,"date":"2026-04-07T22:30:44","date_gmt":"2026-04-08T02:30:44","guid":{"rendered":"https:\/\/tribune-express.ca\/?p=138607"},"modified":"2026-04-07T22:30:46","modified_gmt":"2026-04-08T02:30:46","slug":"financement-supplementaire-pour-le-personnel-des-soins-de-longue-duree","status":"publish","type":"post","link":"https:\/\/tribune-express.ca\/en\/actualites\/financement-supplementaire-pour-le-personnel-des-soins-de-longue-duree\/","title":{"rendered":"Financement suppl\u00e9mentaire pour le personnel des soins de longue dur\u00e9e"},"content":{"rendered":"\n<p><strong>La R\u00e9sidence Prescott et Russell b\u00e9n\u00e9ficiera d&#8217;une aide financi\u00e8re suppl\u00e9mentaire pour r\u00e9pondre \u00e0 certains de ses besoins en personnel.<\/strong><\/p>\n\n\n\n<p>Le conseil des Comt\u00e9s unis de Prescott et Russell (CUPR) a re\u00e7u un rapport concernant un financement suppl\u00e9mentaire destin\u00e9 \u00e0 aider \u00e0 combler les besoins futurs en personnel de la R\u00e9sidence Prescott-Russell.<\/p>\n\n\n\n<p>En novembre dernier, l&#8217;administration de la R\u00e9sidence a re\u00e7u la confirmation d&#8217;un soutien financier provincial suppl\u00e9mentaire pour faciliter le recrutement de pr\u00e9pos\u00e9s aux b\u00e9n\u00e9ficiaires. Ce financement provient d&#8217;un programme d&#8217;incitations du minist\u00e8re provincial de la Sant\u00e9 ciblant les pr\u00e9pos\u00e9s aux b\u00e9n\u00e9ficiaires dans les \u00e9tablissements de soins de longue dur\u00e9e.<\/p>\n\n\n\n<p>La confirmation de ce financement est arriv\u00e9e trop tard pour \u00eatre int\u00e9gr\u00e9e au budget 2026 des CUPR, mais le conseil a accept\u00e9 et approuv\u00e9 une recommandation visant \u00e0 r\u00e9viser la section du budget concernant la R\u00e9sidence Prescott-Russell afin d&#8217;y inclure cette allocation suppl\u00e9mentaire de fonds provinciaux.<\/p>\n\n\n\n<p>La r\u00e9sidence PR recevra 290 000 $ pour les six premiers mois de l\u2019ann\u00e9e gr\u00e2ce au programme d\u2019incitations du minist\u00e8re de la Sant\u00e9, ainsi qu\u2019une autre tranche d\u2019aide financi\u00e8re \u00e0 compter du mois d\u2019ao\u00fbt.<\/p>\n\n\n\n<p>Cette aide financi\u00e8re suppl\u00e9mentaire vise \u00e0 soutenir l\u2019administration de la r\u00e9sidence PR dans le recrutement de pr\u00e9pos\u00e9s aux b\u00e9n\u00e9ficiaires pour cet \u00e9tablissement de soins de longue dur\u00e9e. Les candidats admissibles pourraient recevoir une prime d\u2019embauche \u00e0 condition de s\u2019engager pour une p\u00e9riode de service de 12 mois \u00e0 la r\u00e9sidence. Cette prime contribue \u00e0 r\u00e9pondre aux besoins de recrutement des \u00e9tablissements de soins en milieu rural et dans les petites villes.<\/p>\n\n\n\n<p>Le rapport pr\u00e9sent\u00e9 au conseil des CUPR indique que les candidats admissibles \u00e0 la prime ont \u00e9t\u00e9 inscrits pour cette tranche de financement en octobre dernier et que le minist\u00e8re a confirm\u00e9 leur admissibilit\u00e9 le mois suivant. L\u2019administration de la r\u00e9sidence suit actuellement le protocole du minist\u00e8re pour le versement des primes \u00e0 ces nouveaux employ\u00e9s.<\/p>\n","protected":false},"excerpt":{"rendered":"<p>La R\u00e9sidence Prescott et Russell b\u00e9n\u00e9ficiera d&#8217;une aide financi\u00e8re suppl\u00e9mentaire pour r\u00e9pondre \u00e0 certains de ses besoins en personnel. Le conseil des Comt\u00e9s unis de Prescott et Russell (CUPR) a re\u00e7u un rapport concernant un financement suppl\u00e9mentaire destin\u00e9 \u00e0 aider \u00e0 combler les besoins futurs en personnel de la R\u00e9sidence Prescott-Russell. En novembre dernier, l&#8217;administration [&hellip;]<\/p>\n","protected":false},"author":21,"featured_media":138614,"comment_status":"open","ping_status":"open","sticky":false,"template":"","format":"standard","meta":{"_acf_changed":false,"footnotes":""},"categories":[37],"tags":[],"class_list":["post-138607","post","type-post","status-publish","format-standard","has-post-thumbnail","hentry","category-actualites"],"acf":[],"featured_media_global":{"id":135824,"title":{"rendered":"PR Residence"},"description":{"rendered":""},"caption":{"rendered":""},"alt_text":"","media_type":"image","mime_type":"image\/jpeg","media_details":{"width":1920,"height":1440,"file":"2026\/04\/PR-Residence.jpg","filesize":746734,"sizes":{"medium":{"file":"PR-Residence-300x225.jpg","width":300,"height":225,"mime-type":"image\/jpeg","filesize":20820},"large":{"file":"PR-Residence-1024x768.jpg","width":1024,"height":768,"mime-type":"image\/jpeg","filesize":171703},"thumbnail":{"file":"PR-Residence-150x150.jpg","width":150,"height":150,"mime-type":"image\/jpeg","filesize":8084},"medium_large":{"file":"PR-Residence-768x576.jpg","width":768,"height":576,"mime-type":"image\/jpeg","filesize":105478},"1536x1536":{"file":"PR-Residence-1536x1152.jpg","width":1536,"height":1152,"mime-type":"image\/jpeg","filesize":338554},"Image Size 500x500":{"file":"PR-Residence-500x500.jpg","width":500,"height":500,"mime-type":"image\/jpeg","filesize":63714}},"image_meta":{"aperture":"0","credit":"","camera":"","caption":"","created_timestamp":"0","copyright":"","focal_length":"0","iso":"0","shutter_speed":"0","title":"","orientation":"0","keywords":[]}},"source_url":"https:\/\/editionap.ca\/wp-content\/uploads\/sites\/3\/2026\/04\/PR-Residence.jpg"},"yoast_head":"<!-- This site is optimized with the Yoast SEO plugin v27.4 - https:\/\/yoast.com\/product\/yoast-seo-wordpress\/ -->\n<title>Financement suppl\u00e9mentaire pour le personnel des soins de longue dur\u00e9e - Tribune-Express<\/title>\n<meta name=\"robots\" content=\"index, follow, max-snippet:-1, max-image-preview:large, max-video-preview:-1\" \/>\n<link rel=\"canonical\" href=\"https:\/\/tribune-express.ca\/en\/actualites\/financement-supplementaire-pour-le-personnel-des-soins-de-longue-duree\/\" \/>\n<meta property=\"og:locale\" content=\"en_US\" \/>\n<meta property=\"og:type\" content=\"article\" \/>\n<meta property=\"og:title\" content=\"Financement suppl\u00e9mentaire pour le personnel des soins de longue dur\u00e9e - Tribune-Express\" \/>\n<meta property=\"og:description\" content=\"La R\u00e9sidence Prescott et Russell b\u00e9n\u00e9ficiera d&#8217;une aide financi\u00e8re suppl\u00e9mentaire pour r\u00e9pondre \u00e0 certains de ses besoins en personnel. Le conseil des Comt\u00e9s unis de Prescott et Russell (CUPR) a re\u00e7u un rapport concernant un financement suppl\u00e9mentaire destin\u00e9 \u00e0 aider \u00e0 combler les besoins futurs en personnel de la R\u00e9sidence Prescott-Russell. En novembre dernier, l&#8217;administration [&hellip;]\" \/>\n<meta property=\"og:url\" content=\"https:\/\/tribune-express.ca\/en\/actualites\/financement-supplementaire-pour-le-personnel-des-soins-de-longue-duree\/\" \/>\n<meta property=\"og:site_name\" content=\"Tribune-Express\" \/>\n<meta property=\"article:published_time\" content=\"2026-04-08T02:30:44+00:00\" \/>\n<meta property=\"article:modified_time\" content=\"2026-04-08T02:30:46+00:00\" \/>\n<meta property=\"og:image\" content=\"https:\/\/editionap.ca\/wp-content\/uploads\/sites\/3\/2026\/04\/PR-Residence.jpg\" \/>\n\t<meta property=\"og:image:width\" content=\"1920\" \/>\n\t<meta property=\"og:image:height\" content=\"1440\" \/>\n\t<meta property=\"og:image:type\" content=\"image\/jpeg\" \/>\n<meta name=\"author\" content=\"Gregg Chamberlain\" \/>\n<meta name=\"twitter:card\" content=\"summary_large_image\" \/>\n<meta name=\"twitter:label1\" content=\"Written by\" \/>\n\t<meta name=\"twitter:data1\" content=\"Gregg Chamberlain\" \/>\n\t<meta name=\"twitter:label2\" content=\"Est. reading time\" \/>\n\t<meta name=\"twitter:data2\" content=\"2 minutes\" \/>\n<script type=\"application\/ld+json\" class=\"yoast-schema-graph\">{\"@context\":\"https:\\\/\\\/schema.org\",\"@graph\":[{\"@type\":\"Article\",\"@id\":\"https:\\\/\\\/tribune-express.ca\\\/en\\\/actualites\\\/financement-supplementaire-pour-le-personnel-des-soins-de-longue-duree\\\/#article\",\"isPartOf\":{\"@id\":\"https:\\\/\\\/tribune-express.ca\\\/en\\\/actualites\\\/financement-supplementaire-pour-le-personnel-des-soins-de-longue-duree\\\/\"},\"author\":{\"name\":\"Gregg Chamberlain\",\"@id\":\"https:\\\/\\\/tribune-express.ca\\\/en\\\/#\\\/schema\\\/person\\\/c03784f36585a6d796cecef66b57dda4\"},\"headline\":\"Financement suppl\u00e9mentaire pour le personnel des soins de longue dur\u00e9e\",\"datePublished\":\"2026-04-08T02:30:44+00:00\",\"dateModified\":\"2026-04-08T02:30:46+00:00\",\"mainEntityOfPage\":{\"@id\":\"https:\\\/\\\/tribune-express.ca\\\/en\\\/actualites\\\/financement-supplementaire-pour-le-personnel-des-soins-de-longue-duree\\\/\"},\"wordCount\":369,\"commentCount\":0,\"image\":{\"@id\":\"https:\\\/\\\/tribune-express.ca\\\/en\\\/actualites\\\/financement-supplementaire-pour-le-personnel-des-soins-de-longue-duree\\\/#primaryimage\"},\"thumbnailUrl\":\"https:\\\/\\\/editionap.ca\\\/wp-content\\\/uploads\\\/sites\\\/3\\\/2026\\\/04\\\/PR-Residence.jpg\",\"articleSection\":[\"Actualit\u00e9s\"],\"inLanguage\":\"en-CA\",\"potentialAction\":[{\"@type\":\"CommentAction\",\"name\":\"Comment\",\"target\":[\"https:\\\/\\\/tribune-express.ca\\\/en\\\/actualites\\\/financement-supplementaire-pour-le-personnel-des-soins-de-longue-duree\\\/#respond\"]}]},{\"@type\":\"WebPage\",\"@id\":\"https:\\\/\\\/tribune-express.ca\\\/en\\\/actualites\\\/financement-supplementaire-pour-le-personnel-des-soins-de-longue-duree\\\/\",\"url\":\"https:\\\/\\\/tribune-express.ca\\\/en\\\/actualites\\\/financement-supplementaire-pour-le-personnel-des-soins-de-longue-duree\\\/\",\"name\":\"Financement suppl\u00e9mentaire pour le personnel des soins de longue dur\u00e9e - Tribune-Express\",\"isPartOf\":{\"@id\":\"https:\\\/\\\/tribune-express.ca\\\/en\\\/#website\"},\"primaryImageOfPage\":{\"@id\":\"https:\\\/\\\/tribune-express.ca\\\/en\\\/actualites\\\/financement-supplementaire-pour-le-personnel-des-soins-de-longue-duree\\\/#primaryimage\"},\"image\":{\"@id\":\"https:\\\/\\\/tribune-express.ca\\\/en\\\/actualites\\\/financement-supplementaire-pour-le-personnel-des-soins-de-longue-duree\\\/#primaryimage\"},\"thumbnailUrl\":\"https:\\\/\\\/editionap.ca\\\/wp-content\\\/uploads\\\/sites\\\/3\\\/2026\\\/04\\\/PR-Residence.jpg\",\"datePublished\":\"2026-04-08T02:30:44+00:00\",\"dateModified\":\"2026-04-08T02:30:46+00:00\",\"author\":{\"@id\":\"https:\\\/\\\/tribune-express.ca\\\/en\\\/#\\\/schema\\\/person\\\/c03784f36585a6d796cecef66b57dda4\"},\"breadcrumb\":{\"@id\":\"https:\\\/\\\/tribune-express.ca\\\/en\\\/actualites\\\/financement-supplementaire-pour-le-personnel-des-soins-de-longue-duree\\\/#breadcrumb\"},\"inLanguage\":\"en-CA\",\"potentialAction\":[{\"@type\":\"ReadAction\",\"target\":[\"https:\\\/\\\/tribune-express.ca\\\/en\\\/actualites\\\/financement-supplementaire-pour-le-personnel-des-soins-de-longue-duree\\\/\"]}]},{\"@type\":\"ImageObject\",\"inLanguage\":\"en-CA\",\"@id\":\"https:\\\/\\\/tribune-express.ca\\\/en\\\/actualites\\\/financement-supplementaire-pour-le-personnel-des-soins-de-longue-duree\\\/#primaryimage\",\"url\":\"https:\\\/\\\/editionap.ca\\\/wp-content\\\/uploads\\\/sites\\\/3\\\/2026\\\/04\\\/PR-Residence.jpg\",\"contentUrl\":\"https:\\\/\\\/editionap.ca\\\/wp-content\\\/uploads\\\/sites\\\/3\\\/2026\\\/04\\\/PR-Residence.jpg\"},{\"@type\":\"BreadcrumbList\",\"@id\":\"https:\\\/\\\/tribune-express.ca\\\/en\\\/actualites\\\/financement-supplementaire-pour-le-personnel-des-soins-de-longue-duree\\\/#breadcrumb\",\"itemListElement\":[{\"@type\":\"ListItem\",\"position\":1,\"name\":\"Accueil\",\"item\":\"https:\\\/\\\/tribune-express.ca\\\/en\\\/\"},{\"@type\":\"ListItem\",\"position\":2,\"name\":\"Financement suppl\u00e9mentaire pour le personnel des soins de longue dur\u00e9e\"}]},{\"@type\":\"WebSite\",\"@id\":\"https:\\\/\\\/tribune-express.ca\\\/en\\\/#website\",\"url\":\"https:\\\/\\\/tribune-express.ca\\\/en\\\/\",\"name\":\"Tribune-Express\",\"description\":\"\",\"potentialAction\":[{\"@type\":\"SearchAction\",\"target\":{\"@type\":\"EntryPoint\",\"urlTemplate\":\"https:\\\/\\\/tribune-express.ca\\\/en\\\/?s={search_term_string}\"},\"query-input\":{\"@type\":\"PropertyValueSpecification\",\"valueRequired\":true,\"valueName\":\"search_term_string\"}}],\"inLanguage\":\"en-CA\"},{\"@type\":\"Person\",\"@id\":\"https:\\\/\\\/tribune-express.ca\\\/en\\\/#\\\/schema\\\/person\\\/c03784f36585a6d796cecef66b57dda4\",\"name\":\"Gregg Chamberlain\",\"image\":{\"@type\":\"ImageObject\",\"inLanguage\":\"en-CA\",\"@id\":\"https:\\\/\\\/secure.gravatar.com\\\/avatar\\\/366c870ac357116b852c4c9f2c9889005f8ebfab44da2136a5234c0f7b9c8565?s=96&d=mm&r=g\",\"url\":\"https:\\\/\\\/secure.gravatar.com\\\/avatar\\\/366c870ac357116b852c4c9f2c9889005f8ebfab44da2136a5234c0f7b9c8565?s=96&d=mm&r=g\",\"contentUrl\":\"https:\\\/\\\/secure.gravatar.com\\\/avatar\\\/366c870ac357116b852c4c9f2c9889005f8ebfab44da2136a5234c0f7b9c8565?s=96&d=mm&r=g\",\"caption\":\"Gregg Chamberlain\"}}]}<\/script>\n<!-- \/ Yoast SEO plugin. -->","yoast_head_json":{"title":"Financement suppl\u00e9mentaire pour le personnel des soins de longue dur\u00e9e - Tribune-Express","robots":{"index":"index","follow":"follow","max-snippet":"max-snippet:-1","max-image-preview":"max-image-preview:large","max-video-preview":"max-video-preview:-1"},"canonical":"https:\/\/tribune-express.ca\/en\/actualites\/financement-supplementaire-pour-le-personnel-des-soins-de-longue-duree\/","og_locale":"en_US","og_type":"article","og_title":"Financement suppl\u00e9mentaire pour le personnel des soins de longue dur\u00e9e - Tribune-Express","og_description":"La R\u00e9sidence Prescott et Russell b\u00e9n\u00e9ficiera d&#8217;une aide financi\u00e8re suppl\u00e9mentaire pour r\u00e9pondre \u00e0 certains de ses besoins en personnel. Le conseil des Comt\u00e9s unis de Prescott et Russell (CUPR) a re\u00e7u un rapport concernant un financement suppl\u00e9mentaire destin\u00e9 \u00e0 aider \u00e0 combler les besoins futurs en personnel de la R\u00e9sidence Prescott-Russell. En novembre dernier, l&#8217;administration [&hellip;]","og_url":"https:\/\/tribune-express.ca\/en\/actualites\/financement-supplementaire-pour-le-personnel-des-soins-de-longue-duree\/","og_site_name":"Tribune-Express","article_published_time":"2026-04-08T02:30:44+00:00","article_modified_time":"2026-04-08T02:30:46+00:00","og_image":[{"url":"https:\/\/editionap.ca\/wp-content\/uploads\/sites\/3\/2026\/04\/PR-Residence.jpg","width":1920,"height":1440,"type":"image\/jpeg"}],"author":"Gregg Chamberlain","twitter_card":"summary_large_image","twitter_misc":{"Written by":"Gregg Chamberlain","Est. reading time":"2 minutes"},"schema":{"@context":"https:\/\/schema.org","@graph":[{"@type":"Article","@id":"https:\/\/tribune-express.ca\/en\/actualites\/financement-supplementaire-pour-le-personnel-des-soins-de-longue-duree\/#article","isPartOf":{"@id":"https:\/\/tribune-express.ca\/en\/actualites\/financement-supplementaire-pour-le-personnel-des-soins-de-longue-duree\/"},"author":{"name":"Gregg Chamberlain","@id":"https:\/\/tribune-express.ca\/en\/#\/schema\/person\/c03784f36585a6d796cecef66b57dda4"},"headline":"Financement suppl\u00e9mentaire pour le personnel des soins de longue dur\u00e9e","datePublished":"2026-04-08T02:30:44+00:00","dateModified":"2026-04-08T02:30:46+00:00","mainEntityOfPage":{"@id":"https:\/\/tribune-express.ca\/en\/actualites\/financement-supplementaire-pour-le-personnel-des-soins-de-longue-duree\/"},"wordCount":369,"commentCount":0,"image":{"@id":"https:\/\/tribune-express.ca\/en\/actualites\/financement-supplementaire-pour-le-personnel-des-soins-de-longue-duree\/#primaryimage"},"thumbnailUrl":"https:\/\/editionap.ca\/wp-content\/uploads\/sites\/3\/2026\/04\/PR-Residence.jpg","articleSection":["Actualit\u00e9s"],"inLanguage":"en-CA","potentialAction":[{"@type":"CommentAction","name":"Comment","target":["https:\/\/tribune-express.ca\/en\/actualites\/financement-supplementaire-pour-le-personnel-des-soins-de-longue-duree\/#respond"]}]},{"@type":"WebPage","@id":"https:\/\/tribune-express.ca\/en\/actualites\/financement-supplementaire-pour-le-personnel-des-soins-de-longue-duree\/","url":"https:\/\/tribune-express.ca\/en\/actualites\/financement-supplementaire-pour-le-personnel-des-soins-de-longue-duree\/","name":"Financement suppl\u00e9mentaire pour le personnel des soins de longue dur\u00e9e - Tribune-Express","isPartOf":{"@id":"https:\/\/tribune-express.ca\/en\/#website"},"primaryImageOfPage":{"@id":"https:\/\/tribune-express.ca\/en\/actualites\/financement-supplementaire-pour-le-personnel-des-soins-de-longue-duree\/#primaryimage"},"image":{"@id":"https:\/\/tribune-express.ca\/en\/actualites\/financement-supplementaire-pour-le-personnel-des-soins-de-longue-duree\/#primaryimage"},"thumbnailUrl":"https:\/\/editionap.ca\/wp-content\/uploads\/sites\/3\/2026\/04\/PR-Residence.jpg","datePublished":"2026-04-08T02:30:44+00:00","dateModified":"2026-04-08T02:30:46+00:00","author":{"@id":"https:\/\/tribune-express.ca\/en\/#\/schema\/person\/c03784f36585a6d796cecef66b57dda4"},"breadcrumb":{"@id":"https:\/\/tribune-express.ca\/en\/actualites\/financement-supplementaire-pour-le-personnel-des-soins-de-longue-duree\/#breadcrumb"},"inLanguage":"en-CA","potentialAction":[{"@type":"ReadAction","target":["https:\/\/tribune-express.ca\/en\/actualites\/financement-supplementaire-pour-le-personnel-des-soins-de-longue-duree\/"]}]},{"@type":"ImageObject","inLanguage":"en-CA","@id":"https:\/\/tribune-express.ca\/en\/actualites\/financement-supplementaire-pour-le-personnel-des-soins-de-longue-duree\/#primaryimage","url":"https:\/\/editionap.ca\/wp-content\/uploads\/sites\/3\/2026\/04\/PR-Residence.jpg","contentUrl":"https:\/\/editionap.ca\/wp-content\/uploads\/sites\/3\/2026\/04\/PR-Residence.jpg"},{"@type":"BreadcrumbList","@id":"https:\/\/tribune-express.ca\/en\/actualites\/financement-supplementaire-pour-le-personnel-des-soins-de-longue-duree\/#breadcrumb","itemListElement":[{"@type":"ListItem","position":1,"name":"Accueil","item":"https:\/\/tribune-express.ca\/en\/"},{"@type":"ListItem","position":2,"name":"Financement suppl\u00e9mentaire pour le personnel des soins de longue dur\u00e9e"}]},{"@type":"WebSite","@id":"https:\/\/tribune-express.ca\/en\/#website","url":"https:\/\/tribune-express.ca\/en\/","name":"Tribune-Express","description":"","potentialAction":[{"@type":"SearchAction","target":{"@type":"EntryPoint","urlTemplate":"https:\/\/tribune-express.ca\/en\/?s={search_term_string}"},"query-input":{"@type":"PropertyValueSpecification","valueRequired":true,"valueName":"search_term_string"}}],"inLanguage":"en-CA"},{"@type":"Person","@id":"https:\/\/tribune-express.ca\/en\/#\/schema\/person\/c03784f36585a6d796cecef66b57dda4","name":"Gregg Chamberlain","image":{"@type":"ImageObject","inLanguage":"en-CA","@id":"https:\/\/secure.gravatar.com\/avatar\/366c870ac357116b852c4c9f2c9889005f8ebfab44da2136a5234c0f7b9c8565?s=96&d=mm&r=g","url":"https:\/\/secure.gravatar.com\/avatar\/366c870ac357116b852c4c9f2c9889005f8ebfab44da2136a5234c0f7b9c8565?s=96&d=mm&r=g","contentUrl":"https:\/\/secure.gravatar.com\/avatar\/366c870ac357116b852c4c9f2c9889005f8ebfab44da2136a5234c0f7b9c8565?s=96&d=mm&r=g","caption":"Gregg Chamberlain"}}]}},"_links":{"self":[{"href":"https:\/\/tribune-express.ca\/en\/wp-json\/wp\/v2\/posts\/138607","targetHints":{"allow":["GET"]}}],"collection":[{"href":"https:\/\/tribune-express.ca\/en\/wp-json\/wp\/v2\/posts"}],"about":[{"href":"https:\/\/tribune-express.ca\/en\/wp-json\/wp\/v2\/types\/post"}],"author":[{"embeddable":true,"href":"https:\/\/tribune-express.ca\/en\/wp-json\/wp\/v2\/users\/21"}],"replies":[{"embeddable":true,"href":"https:\/\/tribune-express.ca\/en\/wp-json\/wp\/v2\/comments?post=138607"}],"version-history":[{"count":1,"href":"https:\/\/tribune-express.ca\/en\/wp-json\/wp\/v2\/posts\/138607\/revisions"}],"predecessor-version":[{"id":138616,"href":"https:\/\/tribune-express.ca\/en\/wp-json\/wp\/v2\/posts\/138607\/revisions\/138616"}],"wp:featuredmedia":[{"embeddable":true,"href":"https:\/\/tribune-express.ca\/en\/wp-json\/wp\/v2\/media\/138614"}],"wp:attachment":[{"href":"https:\/\/tribune-express.ca\/en\/wp-json\/wp\/v2\/media?parent=138607"}],"wp:term":[{"taxonomy":"category","embeddable":true,"href":"https:\/\/tribune-express.ca\/en\/wp-json\/wp\/v2\/categories?post=138607"},{"taxonomy":"post_tag","embeddable":true,"href":"https:\/\/tribune-express.ca\/en\/wp-json\/wp\/v2\/tags?post=138607"}],"curies":[{"name":"wp","href":"https:\/\/api.w.org\/{rel}","templated":true}]}}