{"id":138623,"date":"2026-04-07T22:39:18","date_gmt":"2026-04-08T02:39:18","guid":{"rendered":"https:\/\/tribune-express.ca\/?p=138623"},"modified":"2026-04-07T22:39:19","modified_gmt":"2026-04-08T02:39:19","slug":"ambulance-response-times-improving","status":"publish","type":"post","link":"https:\/\/tribune-express.ca\/en\/actualites\/ambulance-response-times-improving\/","title":{"rendered":"Ambulance response times improving"},"content":{"rendered":"\n<p><strong>The Prescott and Russell Ambulance Service is seeing some success in its effort to answer emergency calls faster and get patients to hospitals sooner.<\/strong><\/p>\n\n\n\n<p>Marc-Andr\u00e9 P\u00e9riard, director of emergency services for the United Counties of Prescott-Russell (UCPR), presented UCPR council with a summary brief on the the regional ambulance service\u2019s latest annual response times report to the provincial health ministry.<\/p>\n\n\n\n<p>All regional and municipal ambulance services are required to provide the provincial government with regular summary reports on their call-response times.<\/p>\n\n\n\n<p>P\u00e9riard noted in his report to UCPR council that a new dispatching system was set up for the Eastern Ontario region in April 2024. The focus of the new system was \u201cbetter prioritization of 911 calls\u201d and to reduce the number of call response demands on neighbouring ambulance services.<\/p>\n\n\n\n<p>P\u00e9riard stated that the new system \u201chas had a significant impact on the number of calls we are responding to with lights and sirens\u201d and, he added, it has also reduced the number of call demands for Prescott-Russell ambulances from other municipalities. He noted that \u201cis helping us improve our response times.\u201d<\/p>\n\n\n\n<p>Last year the regional ambulance service dealt with a variety of emergency calls, including sudden heart attacks and other incidents related to accidents and other situations.<\/p>\n\n\n\n<p>For calls involving a heart attack that requires use of a defibrillator, the provincial guidelines demand a six-minute response time to answer a call. The ministry target is for at least a 40-per-cent success rate in achieving that response time. Last year the PR Ambulance Service was able to achieve that target 42 per cent of the time, compared to a 38-per-cent achievement rate in 2024.<\/p>\n\n\n\n<p>For a CTAS 1 call, which involves an immediate life-threatening situation for a patient, the provincial guideline demand is an eight-minute response time to answer a call. The ministry target for success is 48 per cent. Last year the PR Ambulance Service achieved a 53-per-cent success rate in response time to that type of call. The 2024 success rate was 43 per cent.<\/p>\n\n\n\n<p>The 2025 response time report shows similar success in either exceeding or almost achieving ministry success targets for other categories of emergency ambulance calls.<\/p>\n","protected":false},"excerpt":{"rendered":"<p>The Prescott and Russell Ambulance Service is seeing some success in its effort to answer emergency calls faster and get patients to hospitals sooner. Marc-Andr\u00e9 P\u00e9riard, director of emergency services for the United Counties of Prescott-Russell (UCPR), presented UCPR council with a summary brief on the the regional ambulance service\u2019s latest annual response times report [&hellip;]<\/p>\n","protected":false},"author":21,"featured_media":138628,"comment_status":"open","ping_status":"open","sticky":false,"template":"","format":"standard","meta":{"_acf_changed":false,"footnotes":""},"categories":[37],"tags":[],"class_list":["post-138623","post","type-post","status-publish","format-standard","has-post-thumbnail","hentry","category-actualites"],"acf":[],"featured_media_global":{"id":99562,"title":{"rendered":"ACTCS-COVID_Ambulance_Reserve"},"description":{"rendered":""},"caption":{"rendered":"Les services d\u2019urgence des Comt\u00e9s unis de Prescott et Russell ont annonc\u00e9 l\u2019adoption du syst\u00e8me de r\u00e9partition des priorit\u00e9s m\u00e9dicales \u00e0 partir du 10 avril."},"alt_text":"","media_type":"image","mime_type":"image\/jpeg","media_details":{"width":2560,"height":1707,"file":"2024\/03\/ACTCS-COVID_Ambulance_Reserve-scaled-1.jpg","filesize":983345,"sizes":{"medium":{"file":"ACTCS-COVID_Ambulance_Reserve-scaled-1-300x200.jpg","width":300,"height":200,"mime-type":"image\/jpeg","filesize":16708},"large":{"file":"ACTCS-COVID_Ambulance_Reserve-scaled-1-1024x683.jpg","width":1024,"height":683,"mime-type":"image\/jpeg","filesize":160923},"thumbnail":{"file":"ACTCS-COVID_Ambulance_Reserve-scaled-1-150x150.jpg","width":150,"height":150,"mime-type":"image\/jpeg","filesize":7271},"medium_large":{"file":"ACTCS-COVID_Ambulance_Reserve-scaled-1-768x512.jpg","width":768,"height":512,"mime-type":"image\/jpeg","filesize":92806},"1536x1536":{"file":"ACTCS-COVID_Ambulance_Reserve-scaled-1-1536x1024.jpg","width":1536,"height":1024,"mime-type":"image\/jpeg","filesize":347704},"2048x2048":{"file":"ACTCS-COVID_Ambulance_Reserve-scaled-1-2048x1366.jpg","width":2048,"height":1366,"mime-type":"image\/jpeg","filesize":586675}},"image_meta":{"aperture":"0","credit":"","camera":"","caption":"","created_timestamp":"0","copyright":"","focal_length":"0","iso":"0","shutter_speed":"0","title":"","orientation":"0","keywords":[]}},"source_url":"https:\/\/editionap.ca\/wp-content\/uploads\/sites\/3\/2024\/03\/ACTCS-COVID_Ambulance_Reserve-scaled-1.jpg"},"yoast_head":"<!-- This site is optimized with the Yoast SEO plugin v27.4 - https:\/\/yoast.com\/product\/yoast-seo-wordpress\/ -->\n<title>Ambulance response times improving - Tribune-Express<\/title>\n<meta name=\"robots\" content=\"index, follow, max-snippet:-1, max-image-preview:large, max-video-preview:-1\" \/>\n<link rel=\"canonical\" href=\"https:\/\/tribune-express.ca\/en\/actualites\/ambulance-response-times-improving\/\" \/>\n<meta property=\"og:locale\" content=\"en_US\" \/>\n<meta property=\"og:type\" content=\"article\" \/>\n<meta property=\"og:title\" content=\"Ambulance response times improving - Tribune-Express\" \/>\n<meta property=\"og:description\" content=\"The Prescott and Russell Ambulance Service is seeing some success in its effort to answer emergency calls faster and get patients to hospitals sooner. Marc-Andr\u00e9 P\u00e9riard, director of emergency services for the United Counties of Prescott-Russell (UCPR), presented UCPR council with a summary brief on the the regional ambulance service\u2019s latest annual response times report [&hellip;]\" \/>\n<meta property=\"og:url\" content=\"https:\/\/tribune-express.ca\/en\/actualites\/ambulance-response-times-improving\/\" \/>\n<meta property=\"og:site_name\" content=\"Tribune-Express\" \/>\n<meta property=\"article:published_time\" content=\"2026-04-08T02:39:18+00:00\" \/>\n<meta property=\"article:modified_time\" content=\"2026-04-08T02:39:19+00:00\" \/>\n<meta property=\"og:image\" content=\"https:\/\/editionap.ca\/wp-content\/uploads\/sites\/3\/2024\/03\/ACTCS-COVID_Ambulance_Reserve-scaled-1.jpg\" \/>\n\t<meta property=\"og:image:width\" content=\"2560\" \/>\n\t<meta property=\"og:image:height\" content=\"1707\" \/>\n\t<meta property=\"og:image:type\" content=\"image\/jpeg\" \/>\n<meta name=\"author\" content=\"Gregg Chamberlain\" \/>\n<meta name=\"twitter:card\" content=\"summary_large_image\" \/>\n<meta name=\"twitter:label1\" content=\"Written by\" \/>\n\t<meta name=\"twitter:data1\" content=\"Gregg Chamberlain\" \/>\n\t<meta name=\"twitter:label2\" content=\"Est. reading time\" \/>\n\t<meta name=\"twitter:data2\" content=\"3 minutes\" \/>\n<script type=\"application\/ld+json\" class=\"yoast-schema-graph\">{\"@context\":\"https:\\\/\\\/schema.org\",\"@graph\":[{\"@type\":\"Article\",\"@id\":\"https:\\\/\\\/tribune-express.ca\\\/en\\\/actualites\\\/ambulance-response-times-improving\\\/#article\",\"isPartOf\":{\"@id\":\"https:\\\/\\\/tribune-express.ca\\\/en\\\/actualites\\\/ambulance-response-times-improving\\\/\"},\"author\":{\"name\":\"Gregg Chamberlain\",\"@id\":\"https:\\\/\\\/tribune-express.ca\\\/en\\\/#\\\/schema\\\/person\\\/c03784f36585a6d796cecef66b57dda4\"},\"headline\":\"Ambulance response times improving\",\"datePublished\":\"2026-04-08T02:39:18+00:00\",\"dateModified\":\"2026-04-08T02:39:19+00:00\",\"mainEntityOfPage\":{\"@id\":\"https:\\\/\\\/tribune-express.ca\\\/en\\\/actualites\\\/ambulance-response-times-improving\\\/\"},\"wordCount\":360,\"commentCount\":0,\"image\":{\"@id\":\"https:\\\/\\\/tribune-express.ca\\\/en\\\/actualites\\\/ambulance-response-times-improving\\\/#primaryimage\"},\"thumbnailUrl\":\"https:\\\/\\\/editionap.ca\\\/wp-content\\\/uploads\\\/sites\\\/3\\\/2024\\\/03\\\/ACTCS-COVID_Ambulance_Reserve-scaled-1.jpg\",\"articleSection\":[\"Actualit\u00e9s\"],\"inLanguage\":\"en-CA\",\"potentialAction\":[{\"@type\":\"CommentAction\",\"name\":\"Comment\",\"target\":[\"https:\\\/\\\/tribune-express.ca\\\/en\\\/actualites\\\/ambulance-response-times-improving\\\/#respond\"]}]},{\"@type\":\"WebPage\",\"@id\":\"https:\\\/\\\/tribune-express.ca\\\/en\\\/actualites\\\/ambulance-response-times-improving\\\/\",\"url\":\"https:\\\/\\\/tribune-express.ca\\\/en\\\/actualites\\\/ambulance-response-times-improving\\\/\",\"name\":\"Ambulance response times improving - Tribune-Express\",\"isPartOf\":{\"@id\":\"https:\\\/\\\/tribune-express.ca\\\/en\\\/#website\"},\"primaryImageOfPage\":{\"@id\":\"https:\\\/\\\/tribune-express.ca\\\/en\\\/actualites\\\/ambulance-response-times-improving\\\/#primaryimage\"},\"image\":{\"@id\":\"https:\\\/\\\/tribune-express.ca\\\/en\\\/actualites\\\/ambulance-response-times-improving\\\/#primaryimage\"},\"thumbnailUrl\":\"https:\\\/\\\/editionap.ca\\\/wp-content\\\/uploads\\\/sites\\\/3\\\/2024\\\/03\\\/ACTCS-COVID_Ambulance_Reserve-scaled-1.jpg\",\"datePublished\":\"2026-04-08T02:39:18+00:00\",\"dateModified\":\"2026-04-08T02:39:19+00:00\",\"author\":{\"@id\":\"https:\\\/\\\/tribune-express.ca\\\/en\\\/#\\\/schema\\\/person\\\/c03784f36585a6d796cecef66b57dda4\"},\"breadcrumb\":{\"@id\":\"https:\\\/\\\/tribune-express.ca\\\/en\\\/actualites\\\/ambulance-response-times-improving\\\/#breadcrumb\"},\"inLanguage\":\"en-CA\",\"potentialAction\":[{\"@type\":\"ReadAction\",\"target\":[\"https:\\\/\\\/tribune-express.ca\\\/en\\\/actualites\\\/ambulance-response-times-improving\\\/\"]}]},{\"@type\":\"ImageObject\",\"inLanguage\":\"en-CA\",\"@id\":\"https:\\\/\\\/tribune-express.ca\\\/en\\\/actualites\\\/ambulance-response-times-improving\\\/#primaryimage\",\"url\":\"https:\\\/\\\/editionap.ca\\\/wp-content\\\/uploads\\\/sites\\\/3\\\/2024\\\/03\\\/ACTCS-COVID_Ambulance_Reserve-scaled-1.jpg\",\"contentUrl\":\"https:\\\/\\\/editionap.ca\\\/wp-content\\\/uploads\\\/sites\\\/3\\\/2024\\\/03\\\/ACTCS-COVID_Ambulance_Reserve-scaled-1.jpg\",\"caption\":\"Les services d\u2019urgence des Comt\u00e9s unis de Prescott et Russell ont annonc\u00e9 l\u2019adoption du syst\u00e8me de r\u00e9partition des priorit\u00e9s m\u00e9dicales \u00e0 partir du 10 avril.\"},{\"@type\":\"BreadcrumbList\",\"@id\":\"https:\\\/\\\/tribune-express.ca\\\/en\\\/actualites\\\/ambulance-response-times-improving\\\/#breadcrumb\",\"itemListElement\":[{\"@type\":\"ListItem\",\"position\":1,\"name\":\"Accueil\",\"item\":\"https:\\\/\\\/tribune-express.ca\\\/en\\\/\"},{\"@type\":\"ListItem\",\"position\":2,\"name\":\"Ambulance response times improving\"}]},{\"@type\":\"WebSite\",\"@id\":\"https:\\\/\\\/tribune-express.ca\\\/en\\\/#website\",\"url\":\"https:\\\/\\\/tribune-express.ca\\\/en\\\/\",\"name\":\"Tribune-Express\",\"description\":\"\",\"potentialAction\":[{\"@type\":\"SearchAction\",\"target\":{\"@type\":\"EntryPoint\",\"urlTemplate\":\"https:\\\/\\\/tribune-express.ca\\\/en\\\/?s={search_term_string}\"},\"query-input\":{\"@type\":\"PropertyValueSpecification\",\"valueRequired\":true,\"valueName\":\"search_term_string\"}}],\"inLanguage\":\"en-CA\"},{\"@type\":\"Person\",\"@id\":\"https:\\\/\\\/tribune-express.ca\\\/en\\\/#\\\/schema\\\/person\\\/c03784f36585a6d796cecef66b57dda4\",\"name\":\"Gregg Chamberlain\",\"image\":{\"@type\":\"ImageObject\",\"inLanguage\":\"en-CA\",\"@id\":\"https:\\\/\\\/secure.gravatar.com\\\/avatar\\\/366c870ac357116b852c4c9f2c9889005f8ebfab44da2136a5234c0f7b9c8565?s=96&d=mm&r=g\",\"url\":\"https:\\\/\\\/secure.gravatar.com\\\/avatar\\\/366c870ac357116b852c4c9f2c9889005f8ebfab44da2136a5234c0f7b9c8565?s=96&d=mm&r=g\",\"contentUrl\":\"https:\\\/\\\/secure.gravatar.com\\\/avatar\\\/366c870ac357116b852c4c9f2c9889005f8ebfab44da2136a5234c0f7b9c8565?s=96&d=mm&r=g\",\"caption\":\"Gregg Chamberlain\"}}]}<\/script>\n<!-- \/ Yoast SEO plugin. -->","yoast_head_json":{"title":"Ambulance response times improving - Tribune-Express","robots":{"index":"index","follow":"follow","max-snippet":"max-snippet:-1","max-image-preview":"max-image-preview:large","max-video-preview":"max-video-preview:-1"},"canonical":"https:\/\/tribune-express.ca\/en\/actualites\/ambulance-response-times-improving\/","og_locale":"en_US","og_type":"article","og_title":"Ambulance response times improving - Tribune-Express","og_description":"The Prescott and Russell Ambulance Service is seeing some success in its effort to answer emergency calls faster and get patients to hospitals sooner. Marc-Andr\u00e9 P\u00e9riard, director of emergency services for the United Counties of Prescott-Russell (UCPR), presented UCPR council with a summary brief on the the regional ambulance service\u2019s latest annual response times report [&hellip;]","og_url":"https:\/\/tribune-express.ca\/en\/actualites\/ambulance-response-times-improving\/","og_site_name":"Tribune-Express","article_published_time":"2026-04-08T02:39:18+00:00","article_modified_time":"2026-04-08T02:39:19+00:00","og_image":[{"url":"https:\/\/editionap.ca\/wp-content\/uploads\/sites\/3\/2024\/03\/ACTCS-COVID_Ambulance_Reserve-scaled-1.jpg","width":2560,"height":1707,"type":"image\/jpeg"}],"author":"Gregg Chamberlain","twitter_card":"summary_large_image","twitter_misc":{"Written by":"Gregg Chamberlain","Est. reading time":"3 minutes"},"schema":{"@context":"https:\/\/schema.org","@graph":[{"@type":"Article","@id":"https:\/\/tribune-express.ca\/en\/actualites\/ambulance-response-times-improving\/#article","isPartOf":{"@id":"https:\/\/tribune-express.ca\/en\/actualites\/ambulance-response-times-improving\/"},"author":{"name":"Gregg Chamberlain","@id":"https:\/\/tribune-express.ca\/en\/#\/schema\/person\/c03784f36585a6d796cecef66b57dda4"},"headline":"Ambulance response times improving","datePublished":"2026-04-08T02:39:18+00:00","dateModified":"2026-04-08T02:39:19+00:00","mainEntityOfPage":{"@id":"https:\/\/tribune-express.ca\/en\/actualites\/ambulance-response-times-improving\/"},"wordCount":360,"commentCount":0,"image":{"@id":"https:\/\/tribune-express.ca\/en\/actualites\/ambulance-response-times-improving\/#primaryimage"},"thumbnailUrl":"https:\/\/editionap.ca\/wp-content\/uploads\/sites\/3\/2024\/03\/ACTCS-COVID_Ambulance_Reserve-scaled-1.jpg","articleSection":["Actualit\u00e9s"],"inLanguage":"en-CA","potentialAction":[{"@type":"CommentAction","name":"Comment","target":["https:\/\/tribune-express.ca\/en\/actualites\/ambulance-response-times-improving\/#respond"]}]},{"@type":"WebPage","@id":"https:\/\/tribune-express.ca\/en\/actualites\/ambulance-response-times-improving\/","url":"https:\/\/tribune-express.ca\/en\/actualites\/ambulance-response-times-improving\/","name":"Ambulance response times improving - Tribune-Express","isPartOf":{"@id":"https:\/\/tribune-express.ca\/en\/#website"},"primaryImageOfPage":{"@id":"https:\/\/tribune-express.ca\/en\/actualites\/ambulance-response-times-improving\/#primaryimage"},"image":{"@id":"https:\/\/tribune-express.ca\/en\/actualites\/ambulance-response-times-improving\/#primaryimage"},"thumbnailUrl":"https:\/\/editionap.ca\/wp-content\/uploads\/sites\/3\/2024\/03\/ACTCS-COVID_Ambulance_Reserve-scaled-1.jpg","datePublished":"2026-04-08T02:39:18+00:00","dateModified":"2026-04-08T02:39:19+00:00","author":{"@id":"https:\/\/tribune-express.ca\/en\/#\/schema\/person\/c03784f36585a6d796cecef66b57dda4"},"breadcrumb":{"@id":"https:\/\/tribune-express.ca\/en\/actualites\/ambulance-response-times-improving\/#breadcrumb"},"inLanguage":"en-CA","potentialAction":[{"@type":"ReadAction","target":["https:\/\/tribune-express.ca\/en\/actualites\/ambulance-response-times-improving\/"]}]},{"@type":"ImageObject","inLanguage":"en-CA","@id":"https:\/\/tribune-express.ca\/en\/actualites\/ambulance-response-times-improving\/#primaryimage","url":"https:\/\/editionap.ca\/wp-content\/uploads\/sites\/3\/2024\/03\/ACTCS-COVID_Ambulance_Reserve-scaled-1.jpg","contentUrl":"https:\/\/editionap.ca\/wp-content\/uploads\/sites\/3\/2024\/03\/ACTCS-COVID_Ambulance_Reserve-scaled-1.jpg","caption":"Les services d\u2019urgence des Comt\u00e9s unis de Prescott et Russell ont annonc\u00e9 l\u2019adoption du syst\u00e8me de r\u00e9partition des priorit\u00e9s m\u00e9dicales \u00e0 partir du 10 avril."},{"@type":"BreadcrumbList","@id":"https:\/\/tribune-express.ca\/en\/actualites\/ambulance-response-times-improving\/#breadcrumb","itemListElement":[{"@type":"ListItem","position":1,"name":"Accueil","item":"https:\/\/tribune-express.ca\/en\/"},{"@type":"ListItem","position":2,"name":"Ambulance response times improving"}]},{"@type":"WebSite","@id":"https:\/\/tribune-express.ca\/en\/#website","url":"https:\/\/tribune-express.ca\/en\/","name":"Tribune-Express","description":"","potentialAction":[{"@type":"SearchAction","target":{"@type":"EntryPoint","urlTemplate":"https:\/\/tribune-express.ca\/en\/?s={search_term_string}"},"query-input":{"@type":"PropertyValueSpecification","valueRequired":true,"valueName":"search_term_string"}}],"inLanguage":"en-CA"},{"@type":"Person","@id":"https:\/\/tribune-express.ca\/en\/#\/schema\/person\/c03784f36585a6d796cecef66b57dda4","name":"Gregg Chamberlain","image":{"@type":"ImageObject","inLanguage":"en-CA","@id":"https:\/\/secure.gravatar.com\/avatar\/366c870ac357116b852c4c9f2c9889005f8ebfab44da2136a5234c0f7b9c8565?s=96&d=mm&r=g","url":"https:\/\/secure.gravatar.com\/avatar\/366c870ac357116b852c4c9f2c9889005f8ebfab44da2136a5234c0f7b9c8565?s=96&d=mm&r=g","contentUrl":"https:\/\/secure.gravatar.com\/avatar\/366c870ac357116b852c4c9f2c9889005f8ebfab44da2136a5234c0f7b9c8565?s=96&d=mm&r=g","caption":"Gregg Chamberlain"}}]}},"_links":{"self":[{"href":"https:\/\/tribune-express.ca\/en\/wp-json\/wp\/v2\/posts\/138623","targetHints":{"allow":["GET"]}}],"collection":[{"href":"https:\/\/tribune-express.ca\/en\/wp-json\/wp\/v2\/posts"}],"about":[{"href":"https:\/\/tribune-express.ca\/en\/wp-json\/wp\/v2\/types\/post"}],"author":[{"embeddable":true,"href":"https:\/\/tribune-express.ca\/en\/wp-json\/wp\/v2\/users\/21"}],"replies":[{"embeddable":true,"href":"https:\/\/tribune-express.ca\/en\/wp-json\/wp\/v2\/comments?post=138623"}],"version-history":[{"count":1,"href":"https:\/\/tribune-express.ca\/en\/wp-json\/wp\/v2\/posts\/138623\/revisions"}],"predecessor-version":[{"id":138632,"href":"https:\/\/tribune-express.ca\/en\/wp-json\/wp\/v2\/posts\/138623\/revisions\/138632"}],"wp:featuredmedia":[{"embeddable":true,"href":"https:\/\/tribune-express.ca\/en\/wp-json\/wp\/v2\/media\/138628"}],"wp:attachment":[{"href":"https:\/\/tribune-express.ca\/en\/wp-json\/wp\/v2\/media?parent=138623"}],"wp:term":[{"taxonomy":"category","embeddable":true,"href":"https:\/\/tribune-express.ca\/en\/wp-json\/wp\/v2\/categories?post=138623"},{"taxonomy":"post_tag","embeddable":true,"href":"https:\/\/tribune-express.ca\/en\/wp-json\/wp\/v2\/tags?post=138623"}],"curies":[{"name":"wp","href":"https:\/\/api.w.org\/{rel}","templated":true}]}}