{"id":139756,"date":"2026-04-29T10:46:09","date_gmt":"2026-04-29T14:46:09","guid":{"rendered":"https:\/\/tribune-express.ca\/?p=139756"},"modified":"2026-04-29T20:58:58","modified_gmt":"2026-04-30T00:58:58","slug":"le-conseil-municipal-de-champlain-dit-non-a-alto","status":"publish","type":"post","link":"https:\/\/tribune-express.ca\/en\/actualites\/le-conseil-municipal-de-champlain-dit-non-a-alto\/","title":{"rendered":"Le conseil municipal de Champlain dit non \u00e0 ALTO"},"content":{"rendered":"\n<p><strong>Le conseil municipal du canton de Champlain a pris position contre le projet de train \u00e0 grande vitesse propos\u00e9.<\/strong><\/p>\n\n\n\n<p>Le conseil municipal a approuv\u00e9 sa r\u00e9solution d&#8217;opposition au projet de train \u00e0 grande vitesse de Alto lors de sa r\u00e9union du 23 avril. L&#8217;approbation de la version finale de la r\u00e9solution a suivi apr\u00e8s que le maire Normand Riopel eut demand\u00e9 au conseil d&#8217;envisager un ajout suppl\u00e9mentaire au projet de document.<\/p>\n\n\n\n<p>\u00ab Que la municipalit\u00e9 de Champlain refuse d&#8217;accorder \u00e0 Alto l&#8217;autorisation de mener des \u00e9tudes environnementales ou g\u00e9otechniques sur les terrains municipaux \u00bb, a d\u00e9clar\u00e9 le maire Riopel.<\/p>\n\n\n\n<p>Au d\u00e9but du printemps, Alto a commenc\u00e9 \u00e0 envoyer des brochures \u00e0 certains propri\u00e9taires fonciers de la r\u00e9gion de l\u2019Est de l\u2019Ontario, leur demandant l\u2019autorisation de r\u00e9aliser des tests d\u2019\u00e9valuation sur leurs propri\u00e9t\u00e9s et leur proposant une compensation financi\u00e8re en cas d\u2019accord. La brochure pr\u00e9cise que cette demande d\u2019\u00e9valuation ne signifie pas qu\u2019ALTO a l\u2019intention d\u2019acqu\u00e9rir la propri\u00e9t\u00e9 ni que le trac\u00e9 final de la ligne ferroviaire passera \u00e0 proximit\u00e9 ou traversera la propri\u00e9t\u00e9.<\/p>\n\n\n\n<p>Les destinataires de ces demandes sont invit\u00e9s \u00e0 contacter Alto au 1-855-888-4421 ou \u00e0 l&#8217;adresse permission@altotrain.ca s&#8217;ils ont des questions.<\/p>\n\n\n\n<p>Plusieurs propri\u00e9taires fonciers de la r\u00e9gion de Prescott-Russell ont re\u00e7u ces demandes, dont dix dans la r\u00e9gion de Vankleek Hill. Trois des propri\u00e9t\u00e9s vis\u00e9es par ces demandes d\u2019\u00e9valuation se trouvent \u00e0 quelques kilom\u00e8tres du village.<\/p>\n\n\n\n<p>ALTNO, l\u2019association locale oppos\u00e9e au projet de train \u00e0 grande vitesse, a mis en ligne une carte sur www.altno.ca\/accessmap indiquant les propri\u00e9t\u00e9s qu\u2019ALTO semble vouloir faire \u00e9valuer.<\/p>\n\n\n\n<p>La r\u00e9solution du conseil municipal de Champlain stipule qu\u2019il \u00ab s\u2019oppose au trac\u00e9 du projet de train \u00e0 grande vitesse de l\u2019ALTO \u00e0 l\u2019int\u00e9rieur de ses limites municipales \u00bb et exige que le gouvernement f\u00e9d\u00e9ral et Alto \u00ab suspendent l\u2019avancement de ces trac\u00e9s jusqu\u2019\u00e0 ce qu\u2019une consultation significative et une divulgation compl\u00e8te des impacts aient \u00e9t\u00e9 men\u00e9es \u00e0 bien \u00bb.<\/p>\n\n\n\n<p>La r\u00e9solution du conseil exige \u00e9galement que les corridors de transport existants, notamment l\u2019autoroute 401, la route 40 et la route 50, soient prioritaires dans le trac\u00e9 final du projet de train \u00e0 grande vitesse, et que Alto et le gouvernement f\u00e9d\u00e9ral recherchent des itin\u00e9raires de raccordement alternatifs \u00ab qui minimisent les impacts sur les communaut\u00e9s rurales et qui garantissent que les int\u00e9r\u00eats, la s\u00e9curit\u00e9 et la qualit\u00e9 de vie des r\u00e9sidents restent primordiaux dans toutes les d\u00e9cisions li\u00e9es \u00e0 ce projet \u00bb.<\/p>\n\n\n\n<p>Des copies de la r\u00e9solution seront transmises au premier ministre Mark Carney, au ministre f\u00e9d\u00e9ral des Transports Steve MacKinnon, au pr\u00e9sident-directeur g\u00e9n\u00e9ral de Alto Martin Imbleau, au premier ministre Doug Ford, \u00e0 la d\u00e9put\u00e9e f\u00e9d\u00e9rale Giovanna Mingarelli, au d\u00e9put\u00e9 provincial St\u00e9phane Sarrazin, \u00e0 la F\u00e9d\u00e9ration canadienne des municipalit\u00e9s, \u00e0 l\u2019Association des municipalit\u00e9s de l\u2019Ontario, \u00e0 l\u2019Association des municipalit\u00e9s rurales de l\u2019Ontario, \u00e0 la F\u00e9d\u00e9ration de l\u2019agriculture de l\u2019Ontario, au Caucus des pr\u00e9sidents de l\u2019Est de l\u2019Ontario, ainsi qu\u2019\u00e0 toutes les municipalit\u00e9s membres des Comt\u00e9s unis de Prescott-Russell.<\/p>\n","protected":false},"excerpt":{"rendered":"<p>Le conseil municipal du canton de Champlain a pris position contre le projet de train \u00e0 grande vitesse propos\u00e9. Le conseil municipal a approuv\u00e9 sa r\u00e9solution d&#8217;opposition au projet de train \u00e0 grande vitesse de Alto lors de sa r\u00e9union du 23 avril. L&#8217;approbation de la version finale de la r\u00e9solution a suivi apr\u00e8s que [&hellip;]<\/p>\n","protected":false},"author":21,"featured_media":138827,"comment_status":"open","ping_status":"open","sticky":false,"template":"","format":"standard","meta":{"_acf_changed":false,"footnotes":""},"categories":[37],"tags":[],"class_list":["post-139756","post","type-post","status-publish","format-standard","has-post-thumbnail","hentry","category-actualites"],"acf":[],"featured_media_global":{"id":106046,"title":{"rendered":"champlain"},"description":{"rendered":"Le conseil municipal de Champlain a approuv\u00e9 une proposition du directeur des travaux publics, Maxime Lafrance, visant \u00e0 modifier le plan de r\u00e9fection de la chauss\u00e9e de la rue Pendleton \u00e0 Vankleek Hill."},"caption":{"rendered":"Le conseil municipal de Champlain a approuv\u00e9 une proposition du directeur des travaux publics, Maxime Lafrance, visant \u00e0 modifier le plan de r\u00e9fection de la chauss\u00e9e de la rue Pendleton \u00e0 Vankleek Hill."},"alt_text":"Le conseil municipal de Champlain a approuv\u00e9 une proposition du directeur des travaux publics, Maxime Lafrance, visant \u00e0 modifier le plan de r\u00e9fection de la chauss\u00e9e de la rue Pendleton \u00e0 Vankleek Hill.","media_type":"image","mime_type":"image\/jpeg","media_details":{"width":892,"height":286,"file":"2025\/05\/champlain.jpg","filesize":87230,"sizes":{"medium":{"file":"champlain-300x96.jpg","width":300,"height":96,"mime-type":"image\/jpeg","filesize":8849},"thumbnail":{"file":"champlain-150x150.jpg","width":150,"height":150,"mime-type":"image\/jpeg","filesize":5626},"medium_large":{"file":"champlain-768x246.jpg","width":768,"height":246,"mime-type":"image\/jpeg","filesize":45257}},"image_meta":{"aperture":"0","credit":"","camera":"","caption":"","created_timestamp":"0","copyright":"","focal_length":"0","iso":"0","shutter_speed":"0","title":"","orientation":"0","keywords":[]}},"source_url":"https:\/\/editionap.ca\/wp-content\/uploads\/sites\/3\/2025\/05\/champlain.jpg"},"yoast_head":"<!-- This site is optimized with the Yoast SEO plugin v27.4 - https:\/\/yoast.com\/product\/yoast-seo-wordpress\/ -->\n<title>Le conseil municipal de Champlain dit non \u00e0 ALTO - Tribune-Express<\/title>\n<meta name=\"robots\" content=\"index, follow, max-snippet:-1, max-image-preview:large, max-video-preview:-1\" \/>\n<link rel=\"canonical\" href=\"https:\/\/tribune-express.ca\/en\/actualites\/le-conseil-municipal-de-champlain-dit-non-a-alto\/\" \/>\n<meta property=\"og:locale\" content=\"en_US\" \/>\n<meta property=\"og:type\" content=\"article\" \/>\n<meta property=\"og:title\" content=\"Le conseil municipal de Champlain dit non \u00e0 ALTO - Tribune-Express\" \/>\n<meta property=\"og:description\" content=\"Le conseil municipal du canton de Champlain a pris position contre le projet de train \u00e0 grande vitesse propos\u00e9. Le conseil municipal a approuv\u00e9 sa r\u00e9solution d&#8217;opposition au projet de train \u00e0 grande vitesse de Alto lors de sa r\u00e9union du 23 avril. L&#8217;approbation de la version finale de la r\u00e9solution a suivi apr\u00e8s que [&hellip;]\" \/>\n<meta property=\"og:url\" content=\"https:\/\/tribune-express.ca\/en\/actualites\/le-conseil-municipal-de-champlain-dit-non-a-alto\/\" \/>\n<meta property=\"og:site_name\" content=\"Tribune-Express\" \/>\n<meta property=\"article:published_time\" content=\"2026-04-29T14:46:09+00:00\" \/>\n<meta property=\"article:modified_time\" content=\"2026-04-30T00:58:58+00:00\" \/>\n<meta property=\"og:image\" content=\"https:\/\/editionap.ca\/wp-content\/uploads\/sites\/3\/2025\/05\/champlain.jpg\" \/>\n\t<meta property=\"og:image:width\" content=\"892\" \/>\n\t<meta property=\"og:image:height\" content=\"286\" \/>\n\t<meta property=\"og:image:type\" content=\"image\/jpeg\" \/>\n<meta name=\"author\" content=\"Gregg Chamberlain\" \/>\n<meta name=\"twitter:card\" content=\"summary_large_image\" \/>\n<meta name=\"twitter:label1\" content=\"Written by\" \/>\n\t<meta name=\"twitter:data1\" content=\"Gregg Chamberlain\" \/>\n\t<meta name=\"twitter:label2\" content=\"Est. reading time\" \/>\n\t<meta name=\"twitter:data2\" content=\"3 minutes\" \/>\n<script type=\"application\/ld+json\" class=\"yoast-schema-graph\">{\"@context\":\"https:\\\/\\\/schema.org\",\"@graph\":[{\"@type\":\"Article\",\"@id\":\"https:\\\/\\\/tribune-express.ca\\\/en\\\/actualites\\\/le-conseil-municipal-de-champlain-dit-non-a-alto\\\/#article\",\"isPartOf\":{\"@id\":\"https:\\\/\\\/tribune-express.ca\\\/en\\\/actualites\\\/le-conseil-municipal-de-champlain-dit-non-a-alto\\\/\"},\"author\":{\"name\":\"Gregg Chamberlain\",\"@id\":\"https:\\\/\\\/tribune-express.ca\\\/en\\\/#\\\/schema\\\/person\\\/c03784f36585a6d796cecef66b57dda4\"},\"headline\":\"Le conseil municipal de Champlain dit non \u00e0 ALTO\",\"datePublished\":\"2026-04-29T14:46:09+00:00\",\"dateModified\":\"2026-04-30T00:58:58+00:00\",\"mainEntityOfPage\":{\"@id\":\"https:\\\/\\\/tribune-express.ca\\\/en\\\/actualites\\\/le-conseil-municipal-de-champlain-dit-non-a-alto\\\/\"},\"wordCount\":572,\"commentCount\":0,\"image\":{\"@id\":\"https:\\\/\\\/tribune-express.ca\\\/en\\\/actualites\\\/le-conseil-municipal-de-champlain-dit-non-a-alto\\\/#primaryimage\"},\"thumbnailUrl\":\"https:\\\/\\\/editionap.ca\\\/wp-content\\\/uploads\\\/sites\\\/3\\\/2025\\\/05\\\/champlain.jpg\",\"articleSection\":[\"Actualit\u00e9s\"],\"inLanguage\":\"en-CA\",\"potentialAction\":[{\"@type\":\"CommentAction\",\"name\":\"Comment\",\"target\":[\"https:\\\/\\\/tribune-express.ca\\\/en\\\/actualites\\\/le-conseil-municipal-de-champlain-dit-non-a-alto\\\/#respond\"]}]},{\"@type\":\"WebPage\",\"@id\":\"https:\\\/\\\/tribune-express.ca\\\/en\\\/actualites\\\/le-conseil-municipal-de-champlain-dit-non-a-alto\\\/\",\"url\":\"https:\\\/\\\/tribune-express.ca\\\/en\\\/actualites\\\/le-conseil-municipal-de-champlain-dit-non-a-alto\\\/\",\"name\":\"Le conseil municipal de Champlain dit non \u00e0 ALTO - Tribune-Express\",\"isPartOf\":{\"@id\":\"https:\\\/\\\/tribune-express.ca\\\/en\\\/#website\"},\"primaryImageOfPage\":{\"@id\":\"https:\\\/\\\/tribune-express.ca\\\/en\\\/actualites\\\/le-conseil-municipal-de-champlain-dit-non-a-alto\\\/#primaryimage\"},\"image\":{\"@id\":\"https:\\\/\\\/tribune-express.ca\\\/en\\\/actualites\\\/le-conseil-municipal-de-champlain-dit-non-a-alto\\\/#primaryimage\"},\"thumbnailUrl\":\"https:\\\/\\\/editionap.ca\\\/wp-content\\\/uploads\\\/sites\\\/3\\\/2025\\\/05\\\/champlain.jpg\",\"datePublished\":\"2026-04-29T14:46:09+00:00\",\"dateModified\":\"2026-04-30T00:58:58+00:00\",\"author\":{\"@id\":\"https:\\\/\\\/tribune-express.ca\\\/en\\\/#\\\/schema\\\/person\\\/c03784f36585a6d796cecef66b57dda4\"},\"breadcrumb\":{\"@id\":\"https:\\\/\\\/tribune-express.ca\\\/en\\\/actualites\\\/le-conseil-municipal-de-champlain-dit-non-a-alto\\\/#breadcrumb\"},\"inLanguage\":\"en-CA\",\"potentialAction\":[{\"@type\":\"ReadAction\",\"target\":[\"https:\\\/\\\/tribune-express.ca\\\/en\\\/actualites\\\/le-conseil-municipal-de-champlain-dit-non-a-alto\\\/\"]}]},{\"@type\":\"ImageObject\",\"inLanguage\":\"en-CA\",\"@id\":\"https:\\\/\\\/tribune-express.ca\\\/en\\\/actualites\\\/le-conseil-municipal-de-champlain-dit-non-a-alto\\\/#primaryimage\",\"url\":\"https:\\\/\\\/editionap.ca\\\/wp-content\\\/uploads\\\/sites\\\/3\\\/2025\\\/05\\\/champlain.jpg\",\"contentUrl\":\"https:\\\/\\\/editionap.ca\\\/wp-content\\\/uploads\\\/sites\\\/3\\\/2025\\\/05\\\/champlain.jpg\",\"caption\":\"Le conseil municipal de Champlain a approuv\u00e9 une proposition du directeur des travaux publics, Maxime Lafrance, visant \u00e0 modifier le plan de r\u00e9fection de la chauss\u00e9e de la rue Pendleton \u00e0 Vankleek Hill.\"},{\"@type\":\"BreadcrumbList\",\"@id\":\"https:\\\/\\\/tribune-express.ca\\\/en\\\/actualites\\\/le-conseil-municipal-de-champlain-dit-non-a-alto\\\/#breadcrumb\",\"itemListElement\":[{\"@type\":\"ListItem\",\"position\":1,\"name\":\"Accueil\",\"item\":\"https:\\\/\\\/tribune-express.ca\\\/en\\\/\"},{\"@type\":\"ListItem\",\"position\":2,\"name\":\"Le conseil municipal de Champlain dit non \u00e0 ALTO\"}]},{\"@type\":\"WebSite\",\"@id\":\"https:\\\/\\\/tribune-express.ca\\\/en\\\/#website\",\"url\":\"https:\\\/\\\/tribune-express.ca\\\/en\\\/\",\"name\":\"Tribune-Express\",\"description\":\"\",\"potentialAction\":[{\"@type\":\"SearchAction\",\"target\":{\"@type\":\"EntryPoint\",\"urlTemplate\":\"https:\\\/\\\/tribune-express.ca\\\/en\\\/?s={search_term_string}\"},\"query-input\":{\"@type\":\"PropertyValueSpecification\",\"valueRequired\":true,\"valueName\":\"search_term_string\"}}],\"inLanguage\":\"en-CA\"},{\"@type\":\"Person\",\"@id\":\"https:\\\/\\\/tribune-express.ca\\\/en\\\/#\\\/schema\\\/person\\\/c03784f36585a6d796cecef66b57dda4\",\"name\":\"Gregg Chamberlain\",\"image\":{\"@type\":\"ImageObject\",\"inLanguage\":\"en-CA\",\"@id\":\"https:\\\/\\\/secure.gravatar.com\\\/avatar\\\/366c870ac357116b852c4c9f2c9889005f8ebfab44da2136a5234c0f7b9c8565?s=96&d=mm&r=g\",\"url\":\"https:\\\/\\\/secure.gravatar.com\\\/avatar\\\/366c870ac357116b852c4c9f2c9889005f8ebfab44da2136a5234c0f7b9c8565?s=96&d=mm&r=g\",\"contentUrl\":\"https:\\\/\\\/secure.gravatar.com\\\/avatar\\\/366c870ac357116b852c4c9f2c9889005f8ebfab44da2136a5234c0f7b9c8565?s=96&d=mm&r=g\",\"caption\":\"Gregg Chamberlain\"}}]}<\/script>\n<!-- \/ Yoast SEO plugin. -->","yoast_head_json":{"title":"Le conseil municipal de Champlain dit non \u00e0 ALTO - Tribune-Express","robots":{"index":"index","follow":"follow","max-snippet":"max-snippet:-1","max-image-preview":"max-image-preview:large","max-video-preview":"max-video-preview:-1"},"canonical":"https:\/\/tribune-express.ca\/en\/actualites\/le-conseil-municipal-de-champlain-dit-non-a-alto\/","og_locale":"en_US","og_type":"article","og_title":"Le conseil municipal de Champlain dit non \u00e0 ALTO - Tribune-Express","og_description":"Le conseil municipal du canton de Champlain a pris position contre le projet de train \u00e0 grande vitesse propos\u00e9. Le conseil municipal a approuv\u00e9 sa r\u00e9solution d&#8217;opposition au projet de train \u00e0 grande vitesse de Alto lors de sa r\u00e9union du 23 avril. L&#8217;approbation de la version finale de la r\u00e9solution a suivi apr\u00e8s que [&hellip;]","og_url":"https:\/\/tribune-express.ca\/en\/actualites\/le-conseil-municipal-de-champlain-dit-non-a-alto\/","og_site_name":"Tribune-Express","article_published_time":"2026-04-29T14:46:09+00:00","article_modified_time":"2026-04-30T00:58:58+00:00","og_image":[{"url":"https:\/\/editionap.ca\/wp-content\/uploads\/sites\/3\/2025\/05\/champlain.jpg","width":892,"height":286,"type":"image\/jpeg"}],"author":"Gregg Chamberlain","twitter_card":"summary_large_image","twitter_misc":{"Written by":"Gregg Chamberlain","Est. reading time":"3 minutes"},"schema":{"@context":"https:\/\/schema.org","@graph":[{"@type":"Article","@id":"https:\/\/tribune-express.ca\/en\/actualites\/le-conseil-municipal-de-champlain-dit-non-a-alto\/#article","isPartOf":{"@id":"https:\/\/tribune-express.ca\/en\/actualites\/le-conseil-municipal-de-champlain-dit-non-a-alto\/"},"author":{"name":"Gregg Chamberlain","@id":"https:\/\/tribune-express.ca\/en\/#\/schema\/person\/c03784f36585a6d796cecef66b57dda4"},"headline":"Le conseil municipal de Champlain dit non \u00e0 ALTO","datePublished":"2026-04-29T14:46:09+00:00","dateModified":"2026-04-30T00:58:58+00:00","mainEntityOfPage":{"@id":"https:\/\/tribune-express.ca\/en\/actualites\/le-conseil-municipal-de-champlain-dit-non-a-alto\/"},"wordCount":572,"commentCount":0,"image":{"@id":"https:\/\/tribune-express.ca\/en\/actualites\/le-conseil-municipal-de-champlain-dit-non-a-alto\/#primaryimage"},"thumbnailUrl":"https:\/\/editionap.ca\/wp-content\/uploads\/sites\/3\/2025\/05\/champlain.jpg","articleSection":["Actualit\u00e9s"],"inLanguage":"en-CA","potentialAction":[{"@type":"CommentAction","name":"Comment","target":["https:\/\/tribune-express.ca\/en\/actualites\/le-conseil-municipal-de-champlain-dit-non-a-alto\/#respond"]}]},{"@type":"WebPage","@id":"https:\/\/tribune-express.ca\/en\/actualites\/le-conseil-municipal-de-champlain-dit-non-a-alto\/","url":"https:\/\/tribune-express.ca\/en\/actualites\/le-conseil-municipal-de-champlain-dit-non-a-alto\/","name":"Le conseil municipal de Champlain dit non \u00e0 ALTO - Tribune-Express","isPartOf":{"@id":"https:\/\/tribune-express.ca\/en\/#website"},"primaryImageOfPage":{"@id":"https:\/\/tribune-express.ca\/en\/actualites\/le-conseil-municipal-de-champlain-dit-non-a-alto\/#primaryimage"},"image":{"@id":"https:\/\/tribune-express.ca\/en\/actualites\/le-conseil-municipal-de-champlain-dit-non-a-alto\/#primaryimage"},"thumbnailUrl":"https:\/\/editionap.ca\/wp-content\/uploads\/sites\/3\/2025\/05\/champlain.jpg","datePublished":"2026-04-29T14:46:09+00:00","dateModified":"2026-04-30T00:58:58+00:00","author":{"@id":"https:\/\/tribune-express.ca\/en\/#\/schema\/person\/c03784f36585a6d796cecef66b57dda4"},"breadcrumb":{"@id":"https:\/\/tribune-express.ca\/en\/actualites\/le-conseil-municipal-de-champlain-dit-non-a-alto\/#breadcrumb"},"inLanguage":"en-CA","potentialAction":[{"@type":"ReadAction","target":["https:\/\/tribune-express.ca\/en\/actualites\/le-conseil-municipal-de-champlain-dit-non-a-alto\/"]}]},{"@type":"ImageObject","inLanguage":"en-CA","@id":"https:\/\/tribune-express.ca\/en\/actualites\/le-conseil-municipal-de-champlain-dit-non-a-alto\/#primaryimage","url":"https:\/\/editionap.ca\/wp-content\/uploads\/sites\/3\/2025\/05\/champlain.jpg","contentUrl":"https:\/\/editionap.ca\/wp-content\/uploads\/sites\/3\/2025\/05\/champlain.jpg","caption":"Le conseil municipal de Champlain a approuv\u00e9 une proposition du directeur des travaux publics, Maxime Lafrance, visant \u00e0 modifier le plan de r\u00e9fection de la chauss\u00e9e de la rue Pendleton \u00e0 Vankleek Hill."},{"@type":"BreadcrumbList","@id":"https:\/\/tribune-express.ca\/en\/actualites\/le-conseil-municipal-de-champlain-dit-non-a-alto\/#breadcrumb","itemListElement":[{"@type":"ListItem","position":1,"name":"Accueil","item":"https:\/\/tribune-express.ca\/en\/"},{"@type":"ListItem","position":2,"name":"Le conseil municipal de Champlain dit non \u00e0 ALTO"}]},{"@type":"WebSite","@id":"https:\/\/tribune-express.ca\/en\/#website","url":"https:\/\/tribune-express.ca\/en\/","name":"Tribune-Express","description":"","potentialAction":[{"@type":"SearchAction","target":{"@type":"EntryPoint","urlTemplate":"https:\/\/tribune-express.ca\/en\/?s={search_term_string}"},"query-input":{"@type":"PropertyValueSpecification","valueRequired":true,"valueName":"search_term_string"}}],"inLanguage":"en-CA"},{"@type":"Person","@id":"https:\/\/tribune-express.ca\/en\/#\/schema\/person\/c03784f36585a6d796cecef66b57dda4","name":"Gregg Chamberlain","image":{"@type":"ImageObject","inLanguage":"en-CA","@id":"https:\/\/secure.gravatar.com\/avatar\/366c870ac357116b852c4c9f2c9889005f8ebfab44da2136a5234c0f7b9c8565?s=96&d=mm&r=g","url":"https:\/\/secure.gravatar.com\/avatar\/366c870ac357116b852c4c9f2c9889005f8ebfab44da2136a5234c0f7b9c8565?s=96&d=mm&r=g","contentUrl":"https:\/\/secure.gravatar.com\/avatar\/366c870ac357116b852c4c9f2c9889005f8ebfab44da2136a5234c0f7b9c8565?s=96&d=mm&r=g","caption":"Gregg Chamberlain"}}]}},"_links":{"self":[{"href":"https:\/\/tribune-express.ca\/en\/wp-json\/wp\/v2\/posts\/139756","targetHints":{"allow":["GET"]}}],"collection":[{"href":"https:\/\/tribune-express.ca\/en\/wp-json\/wp\/v2\/posts"}],"about":[{"href":"https:\/\/tribune-express.ca\/en\/wp-json\/wp\/v2\/types\/post"}],"author":[{"embeddable":true,"href":"https:\/\/tribune-express.ca\/en\/wp-json\/wp\/v2\/users\/21"}],"replies":[{"embeddable":true,"href":"https:\/\/tribune-express.ca\/en\/wp-json\/wp\/v2\/comments?post=139756"}],"version-history":[{"count":1,"href":"https:\/\/tribune-express.ca\/en\/wp-json\/wp\/v2\/posts\/139756\/revisions"}],"predecessor-version":[{"id":139778,"href":"https:\/\/tribune-express.ca\/en\/wp-json\/wp\/v2\/posts\/139756\/revisions\/139778"}],"wp:featuredmedia":[{"embeddable":true,"href":"https:\/\/tribune-express.ca\/en\/wp-json\/wp\/v2\/media\/138827"}],"wp:attachment":[{"href":"https:\/\/tribune-express.ca\/en\/wp-json\/wp\/v2\/media?parent=139756"}],"wp:term":[{"taxonomy":"category","embeddable":true,"href":"https:\/\/tribune-express.ca\/en\/wp-json\/wp\/v2\/categories?post=139756"},{"taxonomy":"post_tag","embeddable":true,"href":"https:\/\/tribune-express.ca\/en\/wp-json\/wp\/v2\/tags?post=139756"}],"curies":[{"name":"wp","href":"https:\/\/api.w.org\/{rel}","templated":true}]}}