{"id":139779,"date":"2026-04-29T10:54:22","date_gmt":"2026-04-29T14:54:22","guid":{"rendered":"https:\/\/tribune-express.ca\/?p=139779"},"modified":"2026-04-29T10:54:24","modified_gmt":"2026-04-29T14:54:24","slug":"mp-mingarelli-wont-support-train-route-land-grab","status":"publish","type":"post","link":"https:\/\/tribune-express.ca\/actualites\/mp-mingarelli-wont-support-train-route-land-grab\/","title":{"rendered":"MP Mingarelli won\u2019t support train route land grab"},"content":{"rendered":"\n<p><strong>The Member of Parliament (MP) for the region has made it plain now that she will not support any blanket expropriation of land for a proposed high-speed rail project<\/strong> .<\/p>\n\n\n\n<p>\u201cI wish to be clear that I do not support widespread expropriation in Prescott-Russell-Cumblerland,\u201d stated MP Giovanna Mingarelli, in a news release issued to regional media April 24. \u201cIt is my expectation that Alto will undertake the necessary due diligence and engage in careful conversation with landowners in order to secure the support of the majority of our community as the Alto high-speed rail project continues.\u201d<\/p>\n\n\n\n<p>Mingarelli\u2019s office issued the press release to noted that Alto finished the first phase of its public consultation process about the high-speed rail link it proposes to building connecting Toronto and Qu\u00e9bec City, with five other designated stops that include Ottawa and Montr\u00e9al. The Crown corporation held more than 70 public information events about the project, including several virtual information sessions, and collected comments, criticisms, and concerns from more than 12,000 people.<\/p>\n\n\n\n<p>Alto will publish a \u201cWhat We Heard Report\u201d compilation document that will include a summary of the feedback and the key themes of concerns and issues raised during the consultation sessions. Mingarelli noted that she also met with residents, municipal leaders, representatives for stakeholder groups, and federal government officials about the project during the consultation period \u201cto ensure that our community\u2019s voice is heard\u201d about the project.<\/p>\n\n\n\n<p>During the past week, Mingarelli noted, she hosted three roundtable sessions in her Prescott-Russell-Cumberland riding: one with local farmers and other representatives of the agricultural community at the St-Isidore Community Centre, one with residents of the riding at the Hammond Community Centre, and one with business leaders at Ivaco Rolling Mills in L\u2019Orignal. That session included federal transport minister Steven MacKinnon as a special guest.<\/p>\n\n\n\n<p>Mingarelli also hosted a meeting last Friday in L\u2019Orignal between MacKinnon, Warden Mario Zanth of the United Counties of Prescott-Russell (UCPR), Bonnie Clark, chair of the Eastern Ontario Wardens Caucus (EOWC), and Champlain Township Mayor Normand Riopel. The EOWC issued a resolution earlier this year opposing the proposed high-speed rail project until both the federal government and Alto take steps to ensure that the final route does not impact local communities in Eastern Ontario, involve loss of farmland or wildlife habitats, and that both the federal government and Alto make use of existing infrastructure corridors for the final route plan to reduce or eliminate the need to expropriate private lands.<\/p>\n\n\n\n<p>In the UCPR there has been growing opposition to the proposed high-speed rail project, starting with a January resolution from East Hawkesbury Township council opposing the project because of fear for the impact on local farmlands and the lack of clear information to municipalities about where the route will go and how it will affect communities. Other municipalities in Prescott-Russell have since approved similar resolutions.<\/p>\n\n\n\n<p>Mingarelli stated that one reason she organized the April 24 face-to-face session between the federal transport minister and representatives for the UCPR, EOWC and Prescott-Russell municipalities was \u201cto ensure the voices of our local and regional leadership are firmly anchored in Alto\u2019s public consultation process.\u201d The MP indicated that the recent discussions have now \u201creinforced a clear message\u201d from her riding demanding \u201ca process that is transparent, respectful, and grounded in meaningful consultation\u201d so that residents and community leaders know what will happen.<\/p>\n\n\n\n<p>\u201cFamilies, farmers, property owners, and municipalities wish to be heard,\u201d stated Mingarelli, \u201cand they need clear information about what this project could mean for their homes, land, livelihoods, and communities.\u201d<\/p>\n\n\n\n<p>Mingarelli affirmed she will keep in contact with Alto and the transport minister about issues raised in her riding over the proposed high-speed rail project.<\/p>\n\n\n\n<p>\u201cThe community has been clear they are open to alternative solutions for the path of the train,\u201d stated Mingarelli. \u201cWherever there are opportunities to avoid the most serious consequences for property owners and families, those options should be fully explored.\u201d<\/p>\n","protected":false},"excerpt":{"rendered":"<p>The Member of Parliament (MP) for the region has made it plain now that she will not support any blanket expropriation of land for a proposed high-speed rail project . \u201cI wish to be clear that I do not support widespread expropriation in Prescott-Russell-Cumblerland,\u201d stated MP Giovanna Mingarelli, in a news release issued to regional [&hellip;]<\/p>\n","protected":false},"author":21,"featured_media":138640,"comment_status":"open","ping_status":"open","sticky":false,"template":"","format":"standard","meta":{"_acf_changed":false,"footnotes":""},"categories":[37],"tags":[],"class_list":["post-139779","post","type-post","status-publish","format-standard","has-post-thumbnail","hentry","category-actualites"],"acf":[],"featured_media_global":{"id":105862,"title":{"rendered":"DSC_7232"},"description":{"rendered":""},"caption":{"rendered":"Giovanna Mingarelli, d\u00e9sormais d\u00e9put\u00e9e lib\u00e9rale de la nouvelle circonscription de Prescott-Russell-Cumberland, s\u2019est adress\u00e9e \u00e0 ses amis, \u00e0 sa famille et \u00e0 son \u00e9quipe de campagne au Broadway Bar and Grill de Rockland le soir de l\u2019\u00e9lection. Mme Mingarelli est la premi\u00e8re femme \u00e0 occuper cette circonscription f\u00e9d\u00e9rale (anciennement Glengarry-Prescott-Russell). "},"alt_text":"Giovanna Mingarelli, d\u00e9sormais d\u00e9put\u00e9e lib\u00e9rale de la nouvelle circonscription de Prescott-Russell-Cumberland, s\u2019est adress\u00e9e \u00e0 ses amis, \u00e0 sa famille et \u00e0 son \u00e9quipe de campagne au Broadway Bar and Grill de Rockland le soir de l\u2019\u00e9lection. Mme Mingarelli est la premi\u00e8re femme \u00e0 occuper cette circonscription f\u00e9d\u00e9rale (anciennement Glengarry-Prescott-Russell). (Joseph Coppolino, EAP)","media_type":"image","mime_type":"image\/jpeg","media_details":{"width":2560,"height":1709,"file":"2025\/04\/DSC_7232-scaled-1.jpg","filesize":755930,"sizes":{"medium":{"file":"DSC_7232-scaled-1-300x200.jpg","width":300,"height":200,"mime-type":"image\/jpeg","filesize":14546},"large":{"file":"DSC_7232-scaled-1-1024x684.jpg","width":1024,"height":684,"mime-type":"image\/jpeg","filesize":93958},"thumbnail":{"file":"DSC_7232-scaled-1-150x150.jpg","width":150,"height":150,"mime-type":"image\/jpeg","filesize":6914},"medium_large":{"file":"DSC_7232-scaled-1-768x513.jpg","width":768,"height":513,"mime-type":"image\/jpeg","filesize":59085},"1536x1536":{"file":"DSC_7232-scaled-1-1536x1025.jpg","width":1536,"height":1025,"mime-type":"image\/jpeg","filesize":202827},"2048x2048":{"file":"DSC_7232-scaled-1-2048x1367.jpg","width":2048,"height":1367,"mime-type":"image\/jpeg","filesize":371012}},"image_meta":{"aperture":"0","credit":"","camera":"","caption":"","created_timestamp":"0","copyright":"","focal_length":"0","iso":"0","shutter_speed":"0","title":"","orientation":"0","keywords":[]}},"source_url":"https:\/\/editionap.ca\/wp-content\/uploads\/sites\/3\/2025\/04\/DSC_7232-scaled-1.jpg"},"yoast_head":"<!-- This site is optimized with the Yoast SEO plugin v27.4 - https:\/\/yoast.com\/product\/yoast-seo-wordpress\/ -->\n<title>MP Mingarelli won\u2019t support train route land grab - Tribune-Express<\/title>\n<meta name=\"robots\" content=\"index, follow, max-snippet:-1, max-image-preview:large, max-video-preview:-1\" \/>\n<link rel=\"canonical\" href=\"https:\/\/tribune-express.ca\/en\/actualites\/mp-mingarelli-wont-support-train-route-land-grab\/\" \/>\n<meta property=\"og:locale\" content=\"en_US\" \/>\n<meta property=\"og:type\" content=\"article\" \/>\n<meta property=\"og:title\" content=\"MP Mingarelli won\u2019t support train route land grab - Tribune-Express\" \/>\n<meta property=\"og:description\" content=\"The Member of Parliament (MP) for the region has made it plain now that she will not support any blanket expropriation of land for a proposed high-speed rail project . \u201cI wish to be clear that I do not support widespread expropriation in Prescott-Russell-Cumblerland,\u201d stated MP Giovanna Mingarelli, in a news release issued to regional [&hellip;]\" \/>\n<meta property=\"og:url\" content=\"https:\/\/tribune-express.ca\/actualites\/mp-mingarelli-wont-support-train-route-land-grab\/\" \/>\n<meta property=\"og:site_name\" content=\"Tribune-Express\" \/>\n<meta property=\"article:published_time\" content=\"2026-04-29T14:54:22+00:00\" \/>\n<meta property=\"article:modified_time\" content=\"2026-04-29T14:54:24+00:00\" \/>\n<meta property=\"og:image\" content=\"https:\/\/editionap.ca\/wp-content\/uploads\/sites\/3\/2025\/04\/DSC_7232-scaled-1.jpg\" \/>\n\t<meta property=\"og:image:width\" content=\"2560\" \/>\n\t<meta property=\"og:image:height\" content=\"1709\" \/>\n\t<meta property=\"og:image:type\" content=\"image\/jpeg\" \/>\n<meta name=\"author\" content=\"Gregg Chamberlain\" \/>\n<meta name=\"twitter:card\" content=\"summary_large_image\" \/>\n<meta name=\"twitter:label1\" content=\"Written by\" \/>\n\t<meta name=\"twitter:data1\" content=\"Gregg Chamberlain\" \/>\n\t<meta name=\"twitter:label2\" content=\"Est. reading time\" \/>\n\t<meta name=\"twitter:data2\" content=\"4 minutes\" \/>\n<script type=\"application\/ld+json\" class=\"yoast-schema-graph\">{\"@context\":\"https:\\\/\\\/schema.org\",\"@graph\":[{\"@type\":\"Article\",\"@id\":\"https:\\\/\\\/tribune-express.ca\\\/actualites\\\/mp-mingarelli-wont-support-train-route-land-grab\\\/#article\",\"isPartOf\":{\"@id\":\"https:\\\/\\\/tribune-express.ca\\\/actualites\\\/mp-mingarelli-wont-support-train-route-land-grab\\\/\"},\"author\":{\"name\":\"Gregg Chamberlain\",\"@id\":\"https:\\\/\\\/tribune-express.ca\\\/en\\\/#\\\/schema\\\/person\\\/c03784f36585a6d796cecef66b57dda4\"},\"headline\":\"MP Mingarelli won\u2019t support train route land grab\",\"datePublished\":\"2026-04-29T14:54:22+00:00\",\"dateModified\":\"2026-04-29T14:54:24+00:00\",\"mainEntityOfPage\":{\"@id\":\"https:\\\/\\\/tribune-express.ca\\\/actualites\\\/mp-mingarelli-wont-support-train-route-land-grab\\\/\"},\"wordCount\":664,\"commentCount\":0,\"image\":{\"@id\":\"https:\\\/\\\/tribune-express.ca\\\/actualites\\\/mp-mingarelli-wont-support-train-route-land-grab\\\/#primaryimage\"},\"thumbnailUrl\":\"https:\\\/\\\/editionap.ca\\\/wp-content\\\/uploads\\\/sites\\\/3\\\/2025\\\/04\\\/DSC_7232-scaled-1.jpg\",\"articleSection\":[\"Actualit\u00e9s\"],\"inLanguage\":\"en-CA\",\"potentialAction\":[{\"@type\":\"CommentAction\",\"name\":\"Comment\",\"target\":[\"https:\\\/\\\/tribune-express.ca\\\/actualites\\\/mp-mingarelli-wont-support-train-route-land-grab\\\/#respond\"]}]},{\"@type\":\"WebPage\",\"@id\":\"https:\\\/\\\/tribune-express.ca\\\/actualites\\\/mp-mingarelli-wont-support-train-route-land-grab\\\/\",\"url\":\"https:\\\/\\\/tribune-express.ca\\\/actualites\\\/mp-mingarelli-wont-support-train-route-land-grab\\\/\",\"name\":\"MP Mingarelli won\u2019t support train route land grab - Tribune-Express\",\"isPartOf\":{\"@id\":\"https:\\\/\\\/tribune-express.ca\\\/en\\\/#website\"},\"primaryImageOfPage\":{\"@id\":\"https:\\\/\\\/tribune-express.ca\\\/actualites\\\/mp-mingarelli-wont-support-train-route-land-grab\\\/#primaryimage\"},\"image\":{\"@id\":\"https:\\\/\\\/tribune-express.ca\\\/actualites\\\/mp-mingarelli-wont-support-train-route-land-grab\\\/#primaryimage\"},\"thumbnailUrl\":\"https:\\\/\\\/editionap.ca\\\/wp-content\\\/uploads\\\/sites\\\/3\\\/2025\\\/04\\\/DSC_7232-scaled-1.jpg\",\"datePublished\":\"2026-04-29T14:54:22+00:00\",\"dateModified\":\"2026-04-29T14:54:24+00:00\",\"author\":{\"@id\":\"https:\\\/\\\/tribune-express.ca\\\/en\\\/#\\\/schema\\\/person\\\/c03784f36585a6d796cecef66b57dda4\"},\"breadcrumb\":{\"@id\":\"https:\\\/\\\/tribune-express.ca\\\/actualites\\\/mp-mingarelli-wont-support-train-route-land-grab\\\/#breadcrumb\"},\"inLanguage\":\"en-CA\",\"potentialAction\":[{\"@type\":\"ReadAction\",\"target\":[\"https:\\\/\\\/tribune-express.ca\\\/actualites\\\/mp-mingarelli-wont-support-train-route-land-grab\\\/\"]}]},{\"@type\":\"ImageObject\",\"inLanguage\":\"en-CA\",\"@id\":\"https:\\\/\\\/tribune-express.ca\\\/actualites\\\/mp-mingarelli-wont-support-train-route-land-grab\\\/#primaryimage\",\"url\":\"https:\\\/\\\/editionap.ca\\\/wp-content\\\/uploads\\\/sites\\\/3\\\/2025\\\/04\\\/DSC_7232-scaled-1.jpg\",\"contentUrl\":\"https:\\\/\\\/editionap.ca\\\/wp-content\\\/uploads\\\/sites\\\/3\\\/2025\\\/04\\\/DSC_7232-scaled-1.jpg\",\"caption\":\"Giovanna Mingarelli, d\u00e9sormais d\u00e9put\u00e9e lib\u00e9rale de la nouvelle circonscription de Prescott-Russell-Cumberland, s\u2019est adress\u00e9e \u00e0 ses amis, \u00e0 sa famille et \u00e0 son \u00e9quipe de campagne au Broadway Bar and Grill de Rockland le soir de l\u2019\u00e9lection. Mme Mingarelli est la premi\u00e8re femme \u00e0 occuper cette circonscription f\u00e9d\u00e9rale (anciennement Glengarry-Prescott-Russell).\"},{\"@type\":\"BreadcrumbList\",\"@id\":\"https:\\\/\\\/tribune-express.ca\\\/actualites\\\/mp-mingarelli-wont-support-train-route-land-grab\\\/#breadcrumb\",\"itemListElement\":[{\"@type\":\"ListItem\",\"position\":1,\"name\":\"Accueil\",\"item\":\"https:\\\/\\\/tribune-express.ca\\\/en\\\/\"},{\"@type\":\"ListItem\",\"position\":2,\"name\":\"MP Mingarelli won\u2019t support train route land grab\"}]},{\"@type\":\"WebSite\",\"@id\":\"https:\\\/\\\/tribune-express.ca\\\/en\\\/#website\",\"url\":\"https:\\\/\\\/tribune-express.ca\\\/en\\\/\",\"name\":\"Tribune-Express\",\"description\":\"\",\"potentialAction\":[{\"@type\":\"SearchAction\",\"target\":{\"@type\":\"EntryPoint\",\"urlTemplate\":\"https:\\\/\\\/tribune-express.ca\\\/en\\\/?s={search_term_string}\"},\"query-input\":{\"@type\":\"PropertyValueSpecification\",\"valueRequired\":true,\"valueName\":\"search_term_string\"}}],\"inLanguage\":\"en-CA\"},{\"@type\":\"Person\",\"@id\":\"https:\\\/\\\/tribune-express.ca\\\/en\\\/#\\\/schema\\\/person\\\/c03784f36585a6d796cecef66b57dda4\",\"name\":\"Gregg Chamberlain\",\"image\":{\"@type\":\"ImageObject\",\"inLanguage\":\"en-CA\",\"@id\":\"https:\\\/\\\/secure.gravatar.com\\\/avatar\\\/366c870ac357116b852c4c9f2c9889005f8ebfab44da2136a5234c0f7b9c8565?s=96&d=mm&r=g\",\"url\":\"https:\\\/\\\/secure.gravatar.com\\\/avatar\\\/366c870ac357116b852c4c9f2c9889005f8ebfab44da2136a5234c0f7b9c8565?s=96&d=mm&r=g\",\"contentUrl\":\"https:\\\/\\\/secure.gravatar.com\\\/avatar\\\/366c870ac357116b852c4c9f2c9889005f8ebfab44da2136a5234c0f7b9c8565?s=96&d=mm&r=g\",\"caption\":\"Gregg Chamberlain\"}}]}<\/script>\n<!-- \/ Yoast SEO plugin. -->","yoast_head_json":{"title":"MP Mingarelli won\u2019t support train route land grab - Tribune-Express","robots":{"index":"index","follow":"follow","max-snippet":"max-snippet:-1","max-image-preview":"max-image-preview:large","max-video-preview":"max-video-preview:-1"},"canonical":"https:\/\/tribune-express.ca\/en\/actualites\/mp-mingarelli-wont-support-train-route-land-grab\/","og_locale":"en_US","og_type":"article","og_title":"MP Mingarelli won\u2019t support train route land grab - Tribune-Express","og_description":"The Member of Parliament (MP) for the region has made it plain now that she will not support any blanket expropriation of land for a proposed high-speed rail project . \u201cI wish to be clear that I do not support widespread expropriation in Prescott-Russell-Cumblerland,\u201d stated MP Giovanna Mingarelli, in a news release issued to regional [&hellip;]","og_url":"https:\/\/tribune-express.ca\/actualites\/mp-mingarelli-wont-support-train-route-land-grab\/","og_site_name":"Tribune-Express","article_published_time":"2026-04-29T14:54:22+00:00","article_modified_time":"2026-04-29T14:54:24+00:00","og_image":[{"url":"https:\/\/editionap.ca\/wp-content\/uploads\/sites\/3\/2025\/04\/DSC_7232-scaled-1.jpg","width":2560,"height":1709,"type":"image\/jpeg"}],"author":"Gregg Chamberlain","twitter_card":"summary_large_image","twitter_misc":{"Written by":"Gregg Chamberlain","Est. reading time":"4 minutes"},"schema":{"@context":"https:\/\/schema.org","@graph":[{"@type":"Article","@id":"https:\/\/tribune-express.ca\/actualites\/mp-mingarelli-wont-support-train-route-land-grab\/#article","isPartOf":{"@id":"https:\/\/tribune-express.ca\/actualites\/mp-mingarelli-wont-support-train-route-land-grab\/"},"author":{"name":"Gregg Chamberlain","@id":"https:\/\/tribune-express.ca\/en\/#\/schema\/person\/c03784f36585a6d796cecef66b57dda4"},"headline":"MP Mingarelli won\u2019t support train route land grab","datePublished":"2026-04-29T14:54:22+00:00","dateModified":"2026-04-29T14:54:24+00:00","mainEntityOfPage":{"@id":"https:\/\/tribune-express.ca\/actualites\/mp-mingarelli-wont-support-train-route-land-grab\/"},"wordCount":664,"commentCount":0,"image":{"@id":"https:\/\/tribune-express.ca\/actualites\/mp-mingarelli-wont-support-train-route-land-grab\/#primaryimage"},"thumbnailUrl":"https:\/\/editionap.ca\/wp-content\/uploads\/sites\/3\/2025\/04\/DSC_7232-scaled-1.jpg","articleSection":["Actualit\u00e9s"],"inLanguage":"en-CA","potentialAction":[{"@type":"CommentAction","name":"Comment","target":["https:\/\/tribune-express.ca\/actualites\/mp-mingarelli-wont-support-train-route-land-grab\/#respond"]}]},{"@type":"WebPage","@id":"https:\/\/tribune-express.ca\/actualites\/mp-mingarelli-wont-support-train-route-land-grab\/","url":"https:\/\/tribune-express.ca\/actualites\/mp-mingarelli-wont-support-train-route-land-grab\/","name":"MP Mingarelli won\u2019t support train route land grab - Tribune-Express","isPartOf":{"@id":"https:\/\/tribune-express.ca\/en\/#website"},"primaryImageOfPage":{"@id":"https:\/\/tribune-express.ca\/actualites\/mp-mingarelli-wont-support-train-route-land-grab\/#primaryimage"},"image":{"@id":"https:\/\/tribune-express.ca\/actualites\/mp-mingarelli-wont-support-train-route-land-grab\/#primaryimage"},"thumbnailUrl":"https:\/\/editionap.ca\/wp-content\/uploads\/sites\/3\/2025\/04\/DSC_7232-scaled-1.jpg","datePublished":"2026-04-29T14:54:22+00:00","dateModified":"2026-04-29T14:54:24+00:00","author":{"@id":"https:\/\/tribune-express.ca\/en\/#\/schema\/person\/c03784f36585a6d796cecef66b57dda4"},"breadcrumb":{"@id":"https:\/\/tribune-express.ca\/actualites\/mp-mingarelli-wont-support-train-route-land-grab\/#breadcrumb"},"inLanguage":"en-CA","potentialAction":[{"@type":"ReadAction","target":["https:\/\/tribune-express.ca\/actualites\/mp-mingarelli-wont-support-train-route-land-grab\/"]}]},{"@type":"ImageObject","inLanguage":"en-CA","@id":"https:\/\/tribune-express.ca\/actualites\/mp-mingarelli-wont-support-train-route-land-grab\/#primaryimage","url":"https:\/\/editionap.ca\/wp-content\/uploads\/sites\/3\/2025\/04\/DSC_7232-scaled-1.jpg","contentUrl":"https:\/\/editionap.ca\/wp-content\/uploads\/sites\/3\/2025\/04\/DSC_7232-scaled-1.jpg","caption":"Giovanna Mingarelli, d\u00e9sormais d\u00e9put\u00e9e lib\u00e9rale de la nouvelle circonscription de Prescott-Russell-Cumberland, s\u2019est adress\u00e9e \u00e0 ses amis, \u00e0 sa famille et \u00e0 son \u00e9quipe de campagne au Broadway Bar and Grill de Rockland le soir de l\u2019\u00e9lection. Mme Mingarelli est la premi\u00e8re femme \u00e0 occuper cette circonscription f\u00e9d\u00e9rale (anciennement Glengarry-Prescott-Russell)."},{"@type":"BreadcrumbList","@id":"https:\/\/tribune-express.ca\/actualites\/mp-mingarelli-wont-support-train-route-land-grab\/#breadcrumb","itemListElement":[{"@type":"ListItem","position":1,"name":"Accueil","item":"https:\/\/tribune-express.ca\/en\/"},{"@type":"ListItem","position":2,"name":"MP Mingarelli won\u2019t support train route land grab"}]},{"@type":"WebSite","@id":"https:\/\/tribune-express.ca\/en\/#website","url":"https:\/\/tribune-express.ca\/en\/","name":"Tribune-Express","description":"","potentialAction":[{"@type":"SearchAction","target":{"@type":"EntryPoint","urlTemplate":"https:\/\/tribune-express.ca\/en\/?s={search_term_string}"},"query-input":{"@type":"PropertyValueSpecification","valueRequired":true,"valueName":"search_term_string"}}],"inLanguage":"en-CA"},{"@type":"Person","@id":"https:\/\/tribune-express.ca\/en\/#\/schema\/person\/c03784f36585a6d796cecef66b57dda4","name":"Gregg Chamberlain","image":{"@type":"ImageObject","inLanguage":"en-CA","@id":"https:\/\/secure.gravatar.com\/avatar\/366c870ac357116b852c4c9f2c9889005f8ebfab44da2136a5234c0f7b9c8565?s=96&d=mm&r=g","url":"https:\/\/secure.gravatar.com\/avatar\/366c870ac357116b852c4c9f2c9889005f8ebfab44da2136a5234c0f7b9c8565?s=96&d=mm&r=g","contentUrl":"https:\/\/secure.gravatar.com\/avatar\/366c870ac357116b852c4c9f2c9889005f8ebfab44da2136a5234c0f7b9c8565?s=96&d=mm&r=g","caption":"Gregg Chamberlain"}}]}},"_links":{"self":[{"href":"https:\/\/tribune-express.ca\/en\/wp-json\/wp\/v2\/posts\/139779","targetHints":{"allow":["GET"]}}],"collection":[{"href":"https:\/\/tribune-express.ca\/en\/wp-json\/wp\/v2\/posts"}],"about":[{"href":"https:\/\/tribune-express.ca\/en\/wp-json\/wp\/v2\/types\/post"}],"author":[{"embeddable":true,"href":"https:\/\/tribune-express.ca\/en\/wp-json\/wp\/v2\/users\/21"}],"replies":[{"embeddable":true,"href":"https:\/\/tribune-express.ca\/en\/wp-json\/wp\/v2\/comments?post=139779"}],"version-history":[{"count":1,"href":"https:\/\/tribune-express.ca\/en\/wp-json\/wp\/v2\/posts\/139779\/revisions"}],"predecessor-version":[{"id":139807,"href":"https:\/\/tribune-express.ca\/en\/wp-json\/wp\/v2\/posts\/139779\/revisions\/139807"}],"wp:featuredmedia":[{"embeddable":true,"href":"https:\/\/tribune-express.ca\/en\/wp-json\/wp\/v2\/media\/138640"}],"wp:attachment":[{"href":"https:\/\/tribune-express.ca\/en\/wp-json\/wp\/v2\/media?parent=139779"}],"wp:term":[{"taxonomy":"category","embeddable":true,"href":"https:\/\/tribune-express.ca\/en\/wp-json\/wp\/v2\/categories?post=139779"},{"taxonomy":"post_tag","embeddable":true,"href":"https:\/\/tribune-express.ca\/en\/wp-json\/wp\/v2\/tags?post=139779"}],"curies":[{"name":"wp","href":"https:\/\/api.w.org\/{rel}","templated":true}]}}