{"id":139808,"date":"2026-04-29T10:57:10","date_gmt":"2026-04-29T14:57:10","guid":{"rendered":"https:\/\/tribune-express.ca\/?p=139808"},"modified":"2026-04-29T11:06:44","modified_gmt":"2026-04-29T15:06:44","slug":"le-budget-2025-des-cupr-affiche-un-deficit-de-2-millions-de-dollars","status":"publish","type":"post","link":"https:\/\/tribune-express.ca\/en\/actualites\/le-budget-2025-des-cupr-affiche-un-deficit-de-2-millions-de-dollars\/","title":{"rendered":"Le budget 2025 des CUPR affiche un d\u00e9ficit de 2 millions de dollars"},"content":{"rendered":"\n<p><strong>Les Comt\u00e9s unis de Prescott-Russell ont fini par afficher un budget d\u00e9ficitaire pour 2025, mais ce n\u2019est ni une surprise ni une catastrophe, et cela n\u2019entra\u00eenera pas de d\u00e9penses suppl\u00e9mentaires pour les contribuables.<\/strong><\/p>\n\n\n\n<p>\u00ab C&#8217;est inhabituel et cela s&#8217;explique par des circonstances exceptionnelles \u00bb, a d\u00e9clar\u00e9 Val\u00e9rie Parisien, directrice financi\u00e8re des Comt\u00e9s unis de Prescott-Russell (CUPR), lors d&#8217;une interview accord\u00e9e \u00e0 l&#8217;issue de la r\u00e9union du conseil des CUPR du 22 avril.<\/p>\n\n\n\n<p>Mme Parisien a pass\u00e9 environ une demi-heure \u00e0 expliquer aux huit maires si\u00e9geant au conseil des CUPR comment le plan budg\u00e9taire 2025 approuv\u00e9 l\u2019ann\u00e9e derni\u00e8re s\u2019est sold\u00e9 par un d\u00e9ficit de 2,2 millions de dollars au lieu de l\u2019exc\u00e9dent de 4,8 millions pr\u00e9vu. La responsabilit\u00e9 en incombe principalement au retard pris dans l\u2019ouverture de la nouvelle r\u00e9sidence Prescott-Russell, un \u00e9tablissement de soins de longue dur\u00e9e et de retraite, ainsi qu\u2019aux co\u00fbts d\u2019entretien hivernal des routes plus \u00e9lev\u00e9s que pr\u00e9vu pour le service des travaux publics des CUPR, en raison d\u2019une p\u00e9nurie de sel de d\u00e9neigement.<\/p>\n\n\n\n<p>La nouvelle r\u00e9sidence Prescott-Russell devait ouvrir l\u2019ann\u00e9e derni\u00e8re, mais des retards ont retard\u00e9 l\u2019obtention du permis d\u2019occupation d\u00e9finitif pour l\u2019\u00e9tablissement. La nouvelle r\u00e9sidence est con\u00e7ue pour accueillir 224 r\u00e9sidents, soit 78 de plus que l\u2019ancienne.<\/p>\n\n\n\n<p>\u00ab Une grande partie de notre enveloppe de financement (provinciale) pour la r\u00e9sidence d\u00e9pend du nombre de lits dont nous disposons, a d\u00e9clar\u00e9 Mme Parisien au conseil des CUPR. Nous pr\u00e9voyions donc d\u2019emm\u00e9nager en janvier (2025). Nous avons \u00e9tabli notre budget en cons\u00e9quence et, bien s\u00fbr, nous n\u2019avons pas emm\u00e9nag\u00e9, ce qui a affect\u00e9 nos r\u00e9sultats (budg\u00e9taires) cette ann\u00e9e avec d\u2019importantes pertes de recettes. Cependant, ces pertes ont \u00e9t\u00e9 compens\u00e9es par certains exc\u00e9dents. \u00bb<\/p>\n\n\n\n<p>Le rapport de Mme Parisien a montr\u00e9 que les exc\u00e9dents cumul\u00e9s de 1 633 509 $ provenant des budgets de fin d&#8217;exercice des services d&#8217;urgence, des services sociaux, des services d&#8217;am\u00e9nagement et de foresterie, ainsi que du service des imp\u00f4ts des CUPR, ont compens\u00e9 une partie des d\u00e9ficits cumul\u00e9s de 3 873 866 $ enregistr\u00e9s par les services de l&#8217;administration g\u00e9n\u00e9rale et des travaux publics, ainsi que par la r\u00e9sidence Prescott-Russell. La r\u00e9sidence PR repr\u00e9sentait environ les deux tiers du d\u00e9ficit, soit 2 725 664 $. La part du d\u00e9ficit des travaux publics s&#8217;\u00e9levait \u00e0 1 144 286 $, et celle de l&#8217;administration g\u00e9n\u00e9rale \u00e0 3 936 $.<\/p>\n\n\n\n<p>Le d\u00e9ficit du d\u00e9partement des travaux publics s\u2019explique en partie par l\u2019augmentation des d\u00e9penses li\u00e9es \u00e0 l\u2019entretien hivernal des routes, due \u00e0 la demande accrue de sel de d\u00e9neigement. Les entreprises fournissant du sel de d\u00e9neigement ont<\/p>\n\n\n\n<p>re\u00e7u davantage de demandes de livraisons suppl\u00e9mentaires que ne le permettaient leurs stocks disponibles ; elles ont donc commenc\u00e9 \u00e0 augmenter le prix de ces livraisons suppl\u00e9mentaires.<\/p>\n\n\n\n<p>Le budget 2025 des CUPR comprend \u00e9galement un certain nombre de projets de travaux publics et de services qui n\u2019ont pas \u00e9t\u00e9 men\u00e9s \u00e0 bien comme pr\u00e9vu ou qui sont inachev\u00e9s. Mme Parisien a indiqu\u00e9 que les cr\u00e9dits allou\u00e9s \u00e0 ces projets inachev\u00e9s sont plac\u00e9s dans des r\u00e9serves sp\u00e9cifiques afin de contribuer au financement de leur ach\u00e8vement cette ann\u00e9e, dans le cadre du budget global 2026.<\/p>\n\n\n\n<p>Les CUPR cl\u00f4ture presque toujours chaque exercice financier avec un exc\u00e9dent budg\u00e9taire, qu&#8217;il soit modeste ou important. Cet exc\u00e9dent est soit vers\u00e9 au fonds de r\u00e9serve de fonds de roulement ou \u00e0 d&#8217;autres fonds de r\u00e9serve, soit utilis\u00e9 pour att\u00e9nuer une \u00e9ventuelle forte hausse d&#8217;imp\u00f4ts dans le prochain budget annuel. Mme Parisien a soulign\u00e9 que le d\u00e9ficit budg\u00e9taire de 2025 n&#8217;\u00e9tait pas une surprise pour son service, car celui-ci avait anticip\u00e9 l&#8217;impact de la baisse des recettes li\u00e9e au report de l&#8217;ouverture de la r\u00e9sidence Prescott-Russell<\/p>\n\n\n\n<p>\u00ab C&#8217;est inhabituel, mais nous nous y attendions \u00bb, a-t-elle d\u00e9clar\u00e9, citant les d\u00e9ficits pr\u00e9vus pour la r\u00e9sidence et le service des travaux publics.<\/p>\n\n\n\n<p>Le service des finances des CUPR couvrira le d\u00e9ficit budg\u00e9taire de 2025 en puisant dans la r\u00e9serve de fonds de roulement. Mme Parisien a expliqu\u00e9 que la r\u00e9serve de fonds de roulement avait pour but d&#8217;aider les CUPR \u00e0 faire face \u00e0 des besoins financiers exceptionnels ou impr\u00e9vus, tels que le d\u00e9ficit de 2025.<\/p>\n\n\n\n<p>Mme Parisien a \u00e9galement confirm\u00e9 que le d\u00e9ficit budg\u00e9taire de 2025 n\u2019aura aucune incidence sur les taux d\u2019imposition fonci\u00e8re qui ont \u00e9t\u00e9 approuv\u00e9s dans le cadre du budget 2026. Les propri\u00e9taires de maisons et autres biens immobiliers n\u2019ont pas \u00e0 craindre d\u2019augmentations surprises de leurs factures d\u2019imp\u00f4t foncier pour couvrir ce d\u00e9ficit<\/p>\n","protected":false},"excerpt":{"rendered":"<p>Les Comt\u00e9s unis de Prescott-Russell ont fini par afficher un budget d\u00e9ficitaire pour 2025, mais ce n\u2019est ni une surprise ni une catastrophe, et cela n\u2019entra\u00eenera pas de d\u00e9penses suppl\u00e9mentaires pour les contribuables. \u00ab C&#8217;est inhabituel et cela s&#8217;explique par des circonstances exceptionnelles \u00bb, a d\u00e9clar\u00e9 Val\u00e9rie Parisien, directrice financi\u00e8re des Comt\u00e9s unis de Prescott-Russell [&hellip;]<\/p>\n","protected":false},"author":21,"featured_media":139058,"comment_status":"open","ping_status":"open","sticky":false,"template":"","format":"standard","meta":{"_acf_changed":false,"footnotes":""},"categories":[37],"tags":[],"class_list":["post-139808","post","type-post","status-publish","format-standard","has-post-thumbnail","hentry","category-actualites"],"acf":[],"featured_media_global":{"id":6041,"title":{"rendered":"Canadian currency bank notes"},"description":{"rendered":"Canadian currency bank notes money"},"caption":{"rendered":""},"alt_text":"","media_type":"image","mime_type":"image\/jpeg","media_details":{"width":1920,"height":1415,"file":"2020\/09\/2ab2b53c-b6ce-42e4-bbd5-b3c73ef97854.jpg","filesize":932026,"sizes":{"medium":{"file":"2ab2b53c-b6ce-42e4-bbd5-b3c73ef97854-300x221.jpg","width":300,"height":221,"mime-type":"image\/jpeg","filesize":35164},"large":{"file":"2ab2b53c-b6ce-42e4-bbd5-b3c73ef97854-1024x755.jpg","width":1024,"height":755,"mime-type":"image\/jpeg","filesize":275433},"thumbnail":{"file":"2ab2b53c-b6ce-42e4-bbd5-b3c73ef97854-150x150.jpg","width":150,"height":150,"mime-type":"image\/jpeg","filesize":18366},"medium_large":{"file":"2ab2b53c-b6ce-42e4-bbd5-b3c73ef97854-768x566.jpg","width":768,"height":566,"mime-type":"image\/jpeg","filesize":158781},"1536x1536":{"file":"2ab2b53c-b6ce-42e4-bbd5-b3c73ef97854-1536x1132.jpg","width":1536,"height":1132,"mime-type":"image\/jpeg","filesize":579477}},"image_meta":{"aperture":"5.6","credit":"dennizn - stock.adobe.com","camera":"PENTAX K-3 II","caption":"Canadian currency bank notes money","created_timestamp":"1517742784","copyright":"\u00a9dennizn - stock.adobe.com","focal_length":"115","iso":"200","shutter_speed":"0.01","title":"Canadian currency bank notes","orientation":"1","keywords":["money","canada","background","canadian","banknotes","exchange","currency","business","finance","bank","dollars","texture","cash","made","financial","bill","wealth","salary","investment","international","budget","wallpaper","colorful","country","american","note","economy","state","payment","dollar","paper","polymer","bills","editorial","fifty","illustrative","concept","new","green","pattern","symbol","image","plastic","banknote","savings"]}},"source_url":"https:\/\/editionap.ca\/wp-content\/uploads\/sites\/3\/2020\/09\/2ab2b53c-b6ce-42e4-bbd5-b3c73ef97854.jpg"},"yoast_head":"<!-- This site is optimized with the Yoast SEO plugin v27.4 - https:\/\/yoast.com\/product\/yoast-seo-wordpress\/ -->\n<title>Le budget 2025 des CUPR affiche un d\u00e9ficit de 2 millions de dollars - Tribune-Express<\/title>\n<meta name=\"robots\" content=\"index, follow, max-snippet:-1, max-image-preview:large, max-video-preview:-1\" \/>\n<link rel=\"canonical\" href=\"https:\/\/tribune-express.ca\/en\/actualites\/le-budget-2025-des-cupr-affiche-un-deficit-de-2-millions-de-dollars\/\" \/>\n<meta property=\"og:locale\" content=\"en_US\" \/>\n<meta property=\"og:type\" content=\"article\" \/>\n<meta property=\"og:title\" content=\"Le budget 2025 des CUPR affiche un d\u00e9ficit de 2 millions de dollars - Tribune-Express\" \/>\n<meta property=\"og:description\" content=\"Les Comt\u00e9s unis de Prescott-Russell ont fini par afficher un budget d\u00e9ficitaire pour 2025, mais ce n\u2019est ni une surprise ni une catastrophe, et cela n\u2019entra\u00eenera pas de d\u00e9penses suppl\u00e9mentaires pour les contribuables. \u00ab C&#8217;est inhabituel et cela s&#8217;explique par des circonstances exceptionnelles \u00bb, a d\u00e9clar\u00e9 Val\u00e9rie Parisien, directrice financi\u00e8re des Comt\u00e9s unis de Prescott-Russell [&hellip;]\" \/>\n<meta property=\"og:url\" content=\"https:\/\/tribune-express.ca\/en\/actualites\/le-budget-2025-des-cupr-affiche-un-deficit-de-2-millions-de-dollars\/\" \/>\n<meta property=\"og:site_name\" content=\"Tribune-Express\" \/>\n<meta property=\"article:published_time\" content=\"2026-04-29T14:57:10+00:00\" \/>\n<meta property=\"article:modified_time\" content=\"2026-04-29T15:06:44+00:00\" \/>\n<meta property=\"og:image\" content=\"https:\/\/editionap.ca\/wp-content\/uploads\/sites\/3\/2020\/09\/2ab2b53c-b6ce-42e4-bbd5-b3c73ef97854.jpg\" \/>\n\t<meta property=\"og:image:width\" content=\"1920\" \/>\n\t<meta property=\"og:image:height\" content=\"1415\" \/>\n\t<meta property=\"og:image:type\" content=\"image\/jpeg\" \/>\n<meta name=\"author\" content=\"Gregg Chamberlain\" \/>\n<meta name=\"twitter:card\" content=\"summary_large_image\" \/>\n<meta name=\"twitter:label1\" content=\"Written by\" \/>\n\t<meta name=\"twitter:data1\" content=\"Gregg Chamberlain\" \/>\n\t<meta name=\"twitter:label2\" content=\"Est. reading time\" \/>\n\t<meta name=\"twitter:data2\" content=\"4 minutes\" \/>\n<script type=\"application\/ld+json\" class=\"yoast-schema-graph\">{\"@context\":\"https:\\\/\\\/schema.org\",\"@graph\":[{\"@type\":\"Article\",\"@id\":\"https:\\\/\\\/tribune-express.ca\\\/en\\\/actualites\\\/le-budget-2025-des-cupr-affiche-un-deficit-de-2-millions-de-dollars\\\/#article\",\"isPartOf\":{\"@id\":\"https:\\\/\\\/tribune-express.ca\\\/en\\\/actualites\\\/le-budget-2025-des-cupr-affiche-un-deficit-de-2-millions-de-dollars\\\/\"},\"author\":{\"name\":\"Gregg Chamberlain\",\"@id\":\"https:\\\/\\\/tribune-express.ca\\\/en\\\/#\\\/schema\\\/person\\\/c03784f36585a6d796cecef66b57dda4\"},\"headline\":\"Le budget 2025 des CUPR affiche un d\u00e9ficit de 2 millions de dollars\",\"datePublished\":\"2026-04-29T14:57:10+00:00\",\"dateModified\":\"2026-04-29T15:06:44+00:00\",\"mainEntityOfPage\":{\"@id\":\"https:\\\/\\\/tribune-express.ca\\\/en\\\/actualites\\\/le-budget-2025-des-cupr-affiche-un-deficit-de-2-millions-de-dollars\\\/\"},\"wordCount\":842,\"commentCount\":0,\"image\":{\"@id\":\"https:\\\/\\\/tribune-express.ca\\\/en\\\/actualites\\\/le-budget-2025-des-cupr-affiche-un-deficit-de-2-millions-de-dollars\\\/#primaryimage\"},\"thumbnailUrl\":\"https:\\\/\\\/editionap.ca\\\/wp-content\\\/uploads\\\/sites\\\/3\\\/2020\\\/09\\\/2ab2b53c-b6ce-42e4-bbd5-b3c73ef97854.jpg\",\"articleSection\":[\"Actualit\u00e9s\"],\"inLanguage\":\"en-CA\",\"potentialAction\":[{\"@type\":\"CommentAction\",\"name\":\"Comment\",\"target\":[\"https:\\\/\\\/tribune-express.ca\\\/en\\\/actualites\\\/le-budget-2025-des-cupr-affiche-un-deficit-de-2-millions-de-dollars\\\/#respond\"]}]},{\"@type\":\"WebPage\",\"@id\":\"https:\\\/\\\/tribune-express.ca\\\/en\\\/actualites\\\/le-budget-2025-des-cupr-affiche-un-deficit-de-2-millions-de-dollars\\\/\",\"url\":\"https:\\\/\\\/tribune-express.ca\\\/en\\\/actualites\\\/le-budget-2025-des-cupr-affiche-un-deficit-de-2-millions-de-dollars\\\/\",\"name\":\"Le budget 2025 des CUPR affiche un d\u00e9ficit de 2 millions de dollars - Tribune-Express\",\"isPartOf\":{\"@id\":\"https:\\\/\\\/tribune-express.ca\\\/en\\\/#website\"},\"primaryImageOfPage\":{\"@id\":\"https:\\\/\\\/tribune-express.ca\\\/en\\\/actualites\\\/le-budget-2025-des-cupr-affiche-un-deficit-de-2-millions-de-dollars\\\/#primaryimage\"},\"image\":{\"@id\":\"https:\\\/\\\/tribune-express.ca\\\/en\\\/actualites\\\/le-budget-2025-des-cupr-affiche-un-deficit-de-2-millions-de-dollars\\\/#primaryimage\"},\"thumbnailUrl\":\"https:\\\/\\\/editionap.ca\\\/wp-content\\\/uploads\\\/sites\\\/3\\\/2020\\\/09\\\/2ab2b53c-b6ce-42e4-bbd5-b3c73ef97854.jpg\",\"datePublished\":\"2026-04-29T14:57:10+00:00\",\"dateModified\":\"2026-04-29T15:06:44+00:00\",\"author\":{\"@id\":\"https:\\\/\\\/tribune-express.ca\\\/en\\\/#\\\/schema\\\/person\\\/c03784f36585a6d796cecef66b57dda4\"},\"breadcrumb\":{\"@id\":\"https:\\\/\\\/tribune-express.ca\\\/en\\\/actualites\\\/le-budget-2025-des-cupr-affiche-un-deficit-de-2-millions-de-dollars\\\/#breadcrumb\"},\"inLanguage\":\"en-CA\",\"potentialAction\":[{\"@type\":\"ReadAction\",\"target\":[\"https:\\\/\\\/tribune-express.ca\\\/en\\\/actualites\\\/le-budget-2025-des-cupr-affiche-un-deficit-de-2-millions-de-dollars\\\/\"]}]},{\"@type\":\"ImageObject\",\"inLanguage\":\"en-CA\",\"@id\":\"https:\\\/\\\/tribune-express.ca\\\/en\\\/actualites\\\/le-budget-2025-des-cupr-affiche-un-deficit-de-2-millions-de-dollars\\\/#primaryimage\",\"url\":\"https:\\\/\\\/editionap.ca\\\/wp-content\\\/uploads\\\/sites\\\/3\\\/2020\\\/09\\\/2ab2b53c-b6ce-42e4-bbd5-b3c73ef97854.jpg\",\"contentUrl\":\"https:\\\/\\\/editionap.ca\\\/wp-content\\\/uploads\\\/sites\\\/3\\\/2020\\\/09\\\/2ab2b53c-b6ce-42e4-bbd5-b3c73ef97854.jpg\"},{\"@type\":\"BreadcrumbList\",\"@id\":\"https:\\\/\\\/tribune-express.ca\\\/en\\\/actualites\\\/le-budget-2025-des-cupr-affiche-un-deficit-de-2-millions-de-dollars\\\/#breadcrumb\",\"itemListElement\":[{\"@type\":\"ListItem\",\"position\":1,\"name\":\"Accueil\",\"item\":\"https:\\\/\\\/tribune-express.ca\\\/en\\\/\"},{\"@type\":\"ListItem\",\"position\":2,\"name\":\"Le budget 2025 des CUPR affiche un d\u00e9ficit de 2 millions de dollars\"}]},{\"@type\":\"WebSite\",\"@id\":\"https:\\\/\\\/tribune-express.ca\\\/en\\\/#website\",\"url\":\"https:\\\/\\\/tribune-express.ca\\\/en\\\/\",\"name\":\"Tribune-Express\",\"description\":\"\",\"potentialAction\":[{\"@type\":\"SearchAction\",\"target\":{\"@type\":\"EntryPoint\",\"urlTemplate\":\"https:\\\/\\\/tribune-express.ca\\\/en\\\/?s={search_term_string}\"},\"query-input\":{\"@type\":\"PropertyValueSpecification\",\"valueRequired\":true,\"valueName\":\"search_term_string\"}}],\"inLanguage\":\"en-CA\"},{\"@type\":\"Person\",\"@id\":\"https:\\\/\\\/tribune-express.ca\\\/en\\\/#\\\/schema\\\/person\\\/c03784f36585a6d796cecef66b57dda4\",\"name\":\"Gregg Chamberlain\",\"image\":{\"@type\":\"ImageObject\",\"inLanguage\":\"en-CA\",\"@id\":\"https:\\\/\\\/secure.gravatar.com\\\/avatar\\\/366c870ac357116b852c4c9f2c9889005f8ebfab44da2136a5234c0f7b9c8565?s=96&d=mm&r=g\",\"url\":\"https:\\\/\\\/secure.gravatar.com\\\/avatar\\\/366c870ac357116b852c4c9f2c9889005f8ebfab44da2136a5234c0f7b9c8565?s=96&d=mm&r=g\",\"contentUrl\":\"https:\\\/\\\/secure.gravatar.com\\\/avatar\\\/366c870ac357116b852c4c9f2c9889005f8ebfab44da2136a5234c0f7b9c8565?s=96&d=mm&r=g\",\"caption\":\"Gregg Chamberlain\"}}]}<\/script>\n<!-- \/ Yoast SEO plugin. -->","yoast_head_json":{"title":"Le budget 2025 des CUPR affiche un d\u00e9ficit de 2 millions de dollars - Tribune-Express","robots":{"index":"index","follow":"follow","max-snippet":"max-snippet:-1","max-image-preview":"max-image-preview:large","max-video-preview":"max-video-preview:-1"},"canonical":"https:\/\/tribune-express.ca\/en\/actualites\/le-budget-2025-des-cupr-affiche-un-deficit-de-2-millions-de-dollars\/","og_locale":"en_US","og_type":"article","og_title":"Le budget 2025 des CUPR affiche un d\u00e9ficit de 2 millions de dollars - Tribune-Express","og_description":"Les Comt\u00e9s unis de Prescott-Russell ont fini par afficher un budget d\u00e9ficitaire pour 2025, mais ce n\u2019est ni une surprise ni une catastrophe, et cela n\u2019entra\u00eenera pas de d\u00e9penses suppl\u00e9mentaires pour les contribuables. \u00ab C&#8217;est inhabituel et cela s&#8217;explique par des circonstances exceptionnelles \u00bb, a d\u00e9clar\u00e9 Val\u00e9rie Parisien, directrice financi\u00e8re des Comt\u00e9s unis de Prescott-Russell [&hellip;]","og_url":"https:\/\/tribune-express.ca\/en\/actualites\/le-budget-2025-des-cupr-affiche-un-deficit-de-2-millions-de-dollars\/","og_site_name":"Tribune-Express","article_published_time":"2026-04-29T14:57:10+00:00","article_modified_time":"2026-04-29T15:06:44+00:00","og_image":[{"url":"https:\/\/editionap.ca\/wp-content\/uploads\/sites\/3\/2020\/09\/2ab2b53c-b6ce-42e4-bbd5-b3c73ef97854.jpg","width":1920,"height":1415,"type":"image\/jpeg"}],"author":"Gregg Chamberlain","twitter_card":"summary_large_image","twitter_misc":{"Written by":"Gregg Chamberlain","Est. reading time":"4 minutes"},"schema":{"@context":"https:\/\/schema.org","@graph":[{"@type":"Article","@id":"https:\/\/tribune-express.ca\/en\/actualites\/le-budget-2025-des-cupr-affiche-un-deficit-de-2-millions-de-dollars\/#article","isPartOf":{"@id":"https:\/\/tribune-express.ca\/en\/actualites\/le-budget-2025-des-cupr-affiche-un-deficit-de-2-millions-de-dollars\/"},"author":{"name":"Gregg Chamberlain","@id":"https:\/\/tribune-express.ca\/en\/#\/schema\/person\/c03784f36585a6d796cecef66b57dda4"},"headline":"Le budget 2025 des CUPR affiche un d\u00e9ficit de 2 millions de dollars","datePublished":"2026-04-29T14:57:10+00:00","dateModified":"2026-04-29T15:06:44+00:00","mainEntityOfPage":{"@id":"https:\/\/tribune-express.ca\/en\/actualites\/le-budget-2025-des-cupr-affiche-un-deficit-de-2-millions-de-dollars\/"},"wordCount":842,"commentCount":0,"image":{"@id":"https:\/\/tribune-express.ca\/en\/actualites\/le-budget-2025-des-cupr-affiche-un-deficit-de-2-millions-de-dollars\/#primaryimage"},"thumbnailUrl":"https:\/\/editionap.ca\/wp-content\/uploads\/sites\/3\/2020\/09\/2ab2b53c-b6ce-42e4-bbd5-b3c73ef97854.jpg","articleSection":["Actualit\u00e9s"],"inLanguage":"en-CA","potentialAction":[{"@type":"CommentAction","name":"Comment","target":["https:\/\/tribune-express.ca\/en\/actualites\/le-budget-2025-des-cupr-affiche-un-deficit-de-2-millions-de-dollars\/#respond"]}]},{"@type":"WebPage","@id":"https:\/\/tribune-express.ca\/en\/actualites\/le-budget-2025-des-cupr-affiche-un-deficit-de-2-millions-de-dollars\/","url":"https:\/\/tribune-express.ca\/en\/actualites\/le-budget-2025-des-cupr-affiche-un-deficit-de-2-millions-de-dollars\/","name":"Le budget 2025 des CUPR affiche un d\u00e9ficit de 2 millions de dollars - Tribune-Express","isPartOf":{"@id":"https:\/\/tribune-express.ca\/en\/#website"},"primaryImageOfPage":{"@id":"https:\/\/tribune-express.ca\/en\/actualites\/le-budget-2025-des-cupr-affiche-un-deficit-de-2-millions-de-dollars\/#primaryimage"},"image":{"@id":"https:\/\/tribune-express.ca\/en\/actualites\/le-budget-2025-des-cupr-affiche-un-deficit-de-2-millions-de-dollars\/#primaryimage"},"thumbnailUrl":"https:\/\/editionap.ca\/wp-content\/uploads\/sites\/3\/2020\/09\/2ab2b53c-b6ce-42e4-bbd5-b3c73ef97854.jpg","datePublished":"2026-04-29T14:57:10+00:00","dateModified":"2026-04-29T15:06:44+00:00","author":{"@id":"https:\/\/tribune-express.ca\/en\/#\/schema\/person\/c03784f36585a6d796cecef66b57dda4"},"breadcrumb":{"@id":"https:\/\/tribune-express.ca\/en\/actualites\/le-budget-2025-des-cupr-affiche-un-deficit-de-2-millions-de-dollars\/#breadcrumb"},"inLanguage":"en-CA","potentialAction":[{"@type":"ReadAction","target":["https:\/\/tribune-express.ca\/en\/actualites\/le-budget-2025-des-cupr-affiche-un-deficit-de-2-millions-de-dollars\/"]}]},{"@type":"ImageObject","inLanguage":"en-CA","@id":"https:\/\/tribune-express.ca\/en\/actualites\/le-budget-2025-des-cupr-affiche-un-deficit-de-2-millions-de-dollars\/#primaryimage","url":"https:\/\/editionap.ca\/wp-content\/uploads\/sites\/3\/2020\/09\/2ab2b53c-b6ce-42e4-bbd5-b3c73ef97854.jpg","contentUrl":"https:\/\/editionap.ca\/wp-content\/uploads\/sites\/3\/2020\/09\/2ab2b53c-b6ce-42e4-bbd5-b3c73ef97854.jpg"},{"@type":"BreadcrumbList","@id":"https:\/\/tribune-express.ca\/en\/actualites\/le-budget-2025-des-cupr-affiche-un-deficit-de-2-millions-de-dollars\/#breadcrumb","itemListElement":[{"@type":"ListItem","position":1,"name":"Accueil","item":"https:\/\/tribune-express.ca\/en\/"},{"@type":"ListItem","position":2,"name":"Le budget 2025 des CUPR affiche un d\u00e9ficit de 2 millions de dollars"}]},{"@type":"WebSite","@id":"https:\/\/tribune-express.ca\/en\/#website","url":"https:\/\/tribune-express.ca\/en\/","name":"Tribune-Express","description":"","potentialAction":[{"@type":"SearchAction","target":{"@type":"EntryPoint","urlTemplate":"https:\/\/tribune-express.ca\/en\/?s={search_term_string}"},"query-input":{"@type":"PropertyValueSpecification","valueRequired":true,"valueName":"search_term_string"}}],"inLanguage":"en-CA"},{"@type":"Person","@id":"https:\/\/tribune-express.ca\/en\/#\/schema\/person\/c03784f36585a6d796cecef66b57dda4","name":"Gregg Chamberlain","image":{"@type":"ImageObject","inLanguage":"en-CA","@id":"https:\/\/secure.gravatar.com\/avatar\/366c870ac357116b852c4c9f2c9889005f8ebfab44da2136a5234c0f7b9c8565?s=96&d=mm&r=g","url":"https:\/\/secure.gravatar.com\/avatar\/366c870ac357116b852c4c9f2c9889005f8ebfab44da2136a5234c0f7b9c8565?s=96&d=mm&r=g","contentUrl":"https:\/\/secure.gravatar.com\/avatar\/366c870ac357116b852c4c9f2c9889005f8ebfab44da2136a5234c0f7b9c8565?s=96&d=mm&r=g","caption":"Gregg Chamberlain"}}]}},"_links":{"self":[{"href":"https:\/\/tribune-express.ca\/en\/wp-json\/wp\/v2\/posts\/139808","targetHints":{"allow":["GET"]}}],"collection":[{"href":"https:\/\/tribune-express.ca\/en\/wp-json\/wp\/v2\/posts"}],"about":[{"href":"https:\/\/tribune-express.ca\/en\/wp-json\/wp\/v2\/types\/post"}],"author":[{"embeddable":true,"href":"https:\/\/tribune-express.ca\/en\/wp-json\/wp\/v2\/users\/21"}],"replies":[{"embeddable":true,"href":"https:\/\/tribune-express.ca\/en\/wp-json\/wp\/v2\/comments?post=139808"}],"version-history":[{"count":1,"href":"https:\/\/tribune-express.ca\/en\/wp-json\/wp\/v2\/posts\/139808\/revisions"}],"predecessor-version":[{"id":139809,"href":"https:\/\/tribune-express.ca\/en\/wp-json\/wp\/v2\/posts\/139808\/revisions\/139809"}],"wp:featuredmedia":[{"embeddable":true,"href":"https:\/\/tribune-express.ca\/en\/wp-json\/wp\/v2\/media\/139058"}],"wp:attachment":[{"href":"https:\/\/tribune-express.ca\/en\/wp-json\/wp\/v2\/media?parent=139808"}],"wp:term":[{"taxonomy":"category","embeddable":true,"href":"https:\/\/tribune-express.ca\/en\/wp-json\/wp\/v2\/categories?post=139808"},{"taxonomy":"post_tag","embeddable":true,"href":"https:\/\/tribune-express.ca\/en\/wp-json\/wp\/v2\/tags?post=139808"}],"curies":[{"name":"wp","href":"https:\/\/api.w.org\/{rel}","templated":true}]}}