{"id":3230,"date":"2021-04-20T12:42:00","date_gmt":"2021-04-20T12:42:01","guid":{"rendered":"https:\/\/editionap.ca\/2021\/04\/20\/linternet-et-leconomie-au-coeur-des-preoccupations\/"},"modified":"2026-02-17T21:56:26","modified_gmt":"2026-02-17T20:56:26","slug":"linternet-et-leconomie-au-coeur-des-preoccupations","status":"publish","type":"post","link":"https:\/\/tribune-express.ca\/en\/societe\/linternet-et-leconomie-au-coeur-des-preoccupations\/","title":{"rendered":"L\u2019Internet et l\u2019\u00e9conomie au coeur des pr\u00e9occupations"},"content":{"rendered":"<p>Un sondage a \u00e9t\u00e9 envoy\u00e9 aux r\u00e9sidents et aux entreprises dans le cadre de l&#8217;\u00e9laboration d&#8217;un plan strat\u00e9gique par le canton. La firme de consultants MDB Insight a re\u00e7u 290 r\u00e9ponses &#8211; 206 de la part des r\u00e9sidents et 84 de la part des entreprises, qui ont montr\u00e9 un haut degr\u00e9 de satisfaction \u00e0 l&#8217;\u00e9gard des services de la municipalit\u00e9. &nbsp;<\/p>\n<p>Les premiers r\u00e9sultats pr\u00e9sent\u00e9s lors d&#8217;un atelier du conseil mardi dernier ont montr\u00e9 que 84% des r\u00e9pondants \u00e9taient satisfaits des services fournis par le canton de Champlain. Cinquante-deux pour cent des r\u00e9pondants ont coch\u00e9 plut\u00f4t satisfaits, tandis que 32% se sont dits tr\u00e8s satisfaits. &nbsp;<\/p>\n<p>Le d\u00e9neigement, les services publics, la qualit\u00e9 des parcs, les services d&#8217;incendie et l&#8217;entretien des routes figurent parmi les services les mieux not\u00e9s dans l&#8217;enqu\u00eate. Les programmes pour les personnes \u00e2g\u00e9es, le mus\u00e9e, le d\u00e9veloppement \u00e9conomique, les services d&#8217;eau et la connectivit\u00e9 Internet figurent parmi les services les moins bien not\u00e9s. &nbsp;<\/p>\n<p>Les entreprises \u00e9taient les plus satisfaites des routes et autoroutes provinciales, des routes et rues locales et du service cellulaire, mais trouvaient insuffisants les programmes d&#8217;\u00e9tudes postsecondaires, la formation professionnelle et les programmes de financement pour l&#8217;am\u00e9lioration des entreprises et des propri\u00e9t\u00e9s. &nbsp;&nbsp;<\/p>\n<p>Lorsqu&#8217;on leur a demand\u00e9 sur quelle question le conseil devrait se concentrer le plus, la grande cat\u00e9gorie de la croissance, du d\u00e9veloppement et de l&#8217;emploi a \u00e9t\u00e9 la plus populaire, suivie par les routes, les espaces verts, l&#8217;environnement et les loisirs, la r\u00e9duction des imp\u00f4ts et une plus grande transparence. Quatorze r\u00e9pondants ont plaid\u00e9 pour un d\u00e9veloppement faible ou nul, tandis que 13 ont d\u00e9sign\u00e9 l&#8217;am\u00e9lioration d&#8217;Internet comme la plus grande priorit\u00e9. &nbsp;<\/p>\n<p>Le sondage faisait partie d&#8217;une \u00e9tude plus large utilis\u00e9e pour d\u00e9velopper un plan strat\u00e9gique \u00e9conomique et d&#8217;entreprise pour la municipalit\u00e9, con\u00e7u comme un moyen \u00ab d&#8217;attirer de nouveaux emplois, de conserver les entreprises et de favoriser la croissance \u00e9conomique\u00bb. MDB Insight a \u00e9galement sond\u00e9 les conseillers municipaux, le personnel administratif et d&#8217;autres parties prenantes dans le cadre de ce processus. &nbsp;<\/p>\n<p>Lors de l&#8217;atelier de mardi, les conseillers ont discut\u00e9 d&#8217;un \u00e9nonc\u00e9 de mission global et d&#8217;une vision \u00e0 long terme pour le canton. Andr\u00e9 Roy, conseiller du quartier de L&#8217;Orignal, a d\u00e9clar\u00e9 que tout \u00e9nonc\u00e9 de mission devait pr\u00e9ciser la raison pour laquelle ces services \u00e9taient offerts. \u00abVous voulez encourager une communaut\u00e9 saine; vous voulez encourager votre communaut\u00e9 \u00e0 s&#8217;\u00e9panouir, a-t-il dit. Il faut que ce que vous voulez offrir soit clair.\u00bb&nbsp;<\/p>\n<p>Peter Barton, conseiller de la circonscription de Vankleek Hill, a demand\u00e9 que l&#8217;on mette moins l&#8217;accent sur la marque et le marketing au profit d&#8217;un soutien aux entreprises et aux groupes communautaires. \u00abNous avons beaucoup parl\u00e9 de prendre de belles photos et de nous battre avec plus de 400 autres municipalit\u00e9s pour que les gens viennent s&#8217;installer ici, mais si nous soutenons les entreprises qui sont ici et les diff\u00e9rents organismes communautaires, c&#8217;est ce qui va attirer les gens ici\u00bb, a-t-il plaid\u00e9. &nbsp;<\/p>\n<p>Le maire Normand Riopel a d\u00e9clar\u00e9 que l&#8217;\u00e9coute de la communaut\u00e9 sera vitale pour tout \u00e9nonc\u00e9 de mission. \u00abAvoir une bonne oreille, je pense que c&#8217;est un r\u00f4le cl\u00e9 dans notre communaut\u00e9, a-t-il dit. C&#8217;est facile de si\u00e9ger ici au conseil et de prendre des d\u00e9cisions. Mais en pr\u00eatant attention et en \u00e9coutant, je pense que cela donne \u00e0 la communaut\u00e9 un bon sentiment de r\u00e9ussite.\u00bb &nbsp;<\/p>\n<p>Une nouvelle consultation publique est pr\u00e9vue en avril, tandis que les plans strat\u00e9giques d\u00e9finitifs devraient \u00eatre pr\u00e9sent\u00e9s en juin.&nbsp;<\/p>\n<p>&nbsp;&nbsp;<\/p>\n","protected":false},"excerpt":{"rendered":"<p>L\u2019am\u00e9lioration de la connectivit\u00e9 Internet et l\u2019importance du d\u00e9veloppement \u00e9conomique demeurent la priorit\u00e9 des citoyens malgr\u00e9 un taux de satisfaction \u00e9lev\u00e9 \u00e0 l&#8217;\u00e9gard des services, selon les premiers r\u00e9sultats d&#8217;une enqu\u00eate men\u00e9e aupr\u00e8s des r\u00e9sidents et des entreprises du canton de Champlain.<\/p>\n","protected":false},"author":7,"featured_media":3231,"comment_status":"closed","ping_status":"open","sticky":false,"template":"","format":"standard","meta":{"_acf_changed":false,"footnotes":""},"categories":[40],"tags":[],"class_list":["post-3230","post","type-post","status-publish","format-standard","has-post-thumbnail","hentry","category-societe"],"acf":[],"featured_media_global":[],"yoast_head":"<!-- This site is optimized with the Yoast SEO plugin v27.5 - https:\/\/yoast.com\/product\/yoast-seo-wordpress\/ -->\n<title>L\u2019Internet et l\u2019\u00e9conomie au coeur des pr\u00e9occupations - Tribune-Express<\/title>\n<meta name=\"robots\" content=\"index, follow, max-snippet:-1, max-image-preview:large, max-video-preview:-1\" \/>\n<link rel=\"canonical\" href=\"https:\/\/tribune-express.ca\/en\/societe\/linternet-et-leconomie-au-coeur-des-preoccupations\/\" \/>\n<meta property=\"og:locale\" content=\"en_US\" \/>\n<meta property=\"og:type\" content=\"article\" \/>\n<meta property=\"og:title\" content=\"L\u2019Internet et l\u2019\u00e9conomie au coeur des pr\u00e9occupations - Tribune-Express\" \/>\n<meta property=\"og:description\" content=\"L\u2019am\u00e9lioration de la connectivit\u00e9 Internet et l\u2019importance du d\u00e9veloppement \u00e9conomique demeurent la priorit\u00e9 des citoyens malgr\u00e9 un taux de satisfaction \u00e9lev\u00e9 \u00e0 l&#039;\u00e9gard des services, selon les premiers r\u00e9sultats d&#039;une enqu\u00eate men\u00e9e aupr\u00e8s des r\u00e9sidents et des entreprises du canton de Champlain.\" \/>\n<meta property=\"og:url\" content=\"https:\/\/tribune-express.ca\/en\/societe\/linternet-et-leconomie-au-coeur-des-preoccupations\/\" \/>\n<meta property=\"og:site_name\" content=\"Tribune-Express\" \/>\n<meta property=\"article:published_time\" content=\"2021-04-20T12:42:01+00:00\" \/>\n<meta property=\"article:modified_time\" content=\"2026-02-17T20:56:26+00:00\" \/>\n<meta property=\"og:image\" content=\"https:\/\/cdn.editionap.ca\/wp-content\/uploads\/sites\/3\/2021\/04\/337ac2c5-20a5-4050-a761-0804e4ff6bf6-scaled-1.jpg\" \/>\n\t<meta property=\"og:image:width\" content=\"2560\" \/>\n\t<meta property=\"og:image:height\" content=\"1920\" \/>\n\t<meta property=\"og:image:type\" content=\"image\/jpeg\" \/>\n<meta name=\"author\" content=\"ezn2_spadmin\" \/>\n<meta name=\"twitter:card\" content=\"summary_large_image\" \/>\n<meta name=\"twitter:label1\" content=\"Written by\" \/>\n\t<meta name=\"twitter:data1\" content=\"ezn2_spadmin\" \/>\n\t<meta name=\"twitter:label2\" content=\"Est. reading time\" \/>\n\t<meta name=\"twitter:data2\" content=\"3 minutes\" \/>\n<script type=\"application\/ld+json\" class=\"yoast-schema-graph\">{\"@context\":\"https:\\\/\\\/schema.org\",\"@graph\":[{\"@type\":\"Article\",\"@id\":\"https:\\\/\\\/tribune-express.ca\\\/en\\\/societe\\\/linternet-et-leconomie-au-coeur-des-preoccupations\\\/#article\",\"isPartOf\":{\"@id\":\"https:\\\/\\\/tribune-express.ca\\\/en\\\/societe\\\/linternet-et-leconomie-au-coeur-des-preoccupations\\\/\"},\"author\":{\"name\":\"ezn2_spadmin\",\"@id\":\"https:\\\/\\\/tribune-express.ca\\\/en\\\/#\\\/schema\\\/person\\\/ecd8a97c76ea385f3027e987481ea16a\"},\"headline\":\"L\u2019Internet et l\u2019\u00e9conomie au coeur des pr\u00e9occupations\",\"datePublished\":\"2021-04-20T12:42:01+00:00\",\"dateModified\":\"2026-02-17T20:56:26+00:00\",\"mainEntityOfPage\":{\"@id\":\"https:\\\/\\\/tribune-express.ca\\\/en\\\/societe\\\/linternet-et-leconomie-au-coeur-des-preoccupations\\\/\"},\"wordCount\":660,\"image\":{\"@id\":\"https:\\\/\\\/tribune-express.ca\\\/en\\\/societe\\\/linternet-et-leconomie-au-coeur-des-preoccupations\\\/#primaryimage\"},\"thumbnailUrl\":\"https:\\\/\\\/cdn.editionap.ca\\\/wp-content\\\/uploads\\\/sites\\\/3\\\/2021\\\/04\\\/337ac2c5-20a5-4050-a761-0804e4ff6bf6-scaled-1.jpg\",\"articleSection\":[\"Soci\u00e9t\u00e9\"],\"inLanguage\":\"en-CA\"},{\"@type\":\"WebPage\",\"@id\":\"https:\\\/\\\/tribune-express.ca\\\/en\\\/societe\\\/linternet-et-leconomie-au-coeur-des-preoccupations\\\/\",\"url\":\"https:\\\/\\\/tribune-express.ca\\\/en\\\/societe\\\/linternet-et-leconomie-au-coeur-des-preoccupations\\\/\",\"name\":\"L\u2019Internet et l\u2019\u00e9conomie au coeur des pr\u00e9occupations - Tribune-Express\",\"isPartOf\":{\"@id\":\"https:\\\/\\\/tribune-express.ca\\\/en\\\/#website\"},\"primaryImageOfPage\":{\"@id\":\"https:\\\/\\\/tribune-express.ca\\\/en\\\/societe\\\/linternet-et-leconomie-au-coeur-des-preoccupations\\\/#primaryimage\"},\"image\":{\"@id\":\"https:\\\/\\\/tribune-express.ca\\\/en\\\/societe\\\/linternet-et-leconomie-au-coeur-des-preoccupations\\\/#primaryimage\"},\"thumbnailUrl\":\"https:\\\/\\\/cdn.editionap.ca\\\/wp-content\\\/uploads\\\/sites\\\/3\\\/2021\\\/04\\\/337ac2c5-20a5-4050-a761-0804e4ff6bf6-scaled-1.jpg\",\"datePublished\":\"2021-04-20T12:42:01+00:00\",\"dateModified\":\"2026-02-17T20:56:26+00:00\",\"author\":{\"@id\":\"https:\\\/\\\/tribune-express.ca\\\/en\\\/#\\\/schema\\\/person\\\/ecd8a97c76ea385f3027e987481ea16a\"},\"breadcrumb\":{\"@id\":\"https:\\\/\\\/tribune-express.ca\\\/en\\\/societe\\\/linternet-et-leconomie-au-coeur-des-preoccupations\\\/#breadcrumb\"},\"inLanguage\":\"en-CA\",\"potentialAction\":[{\"@type\":\"ReadAction\",\"target\":[\"https:\\\/\\\/tribune-express.ca\\\/en\\\/societe\\\/linternet-et-leconomie-au-coeur-des-preoccupations\\\/\"]}]},{\"@type\":\"ImageObject\",\"inLanguage\":\"en-CA\",\"@id\":\"https:\\\/\\\/tribune-express.ca\\\/en\\\/societe\\\/linternet-et-leconomie-au-coeur-des-preoccupations\\\/#primaryimage\",\"url\":\"https:\\\/\\\/cdn.editionap.ca\\\/wp-content\\\/uploads\\\/sites\\\/3\\\/2021\\\/04\\\/337ac2c5-20a5-4050-a761-0804e4ff6bf6-scaled-1.jpg\",\"contentUrl\":\"https:\\\/\\\/cdn.editionap.ca\\\/wp-content\\\/uploads\\\/sites\\\/3\\\/2021\\\/04\\\/337ac2c5-20a5-4050-a761-0804e4ff6bf6-scaled-1.jpg\",\"width\":2560,\"height\":1920},{\"@type\":\"BreadcrumbList\",\"@id\":\"https:\\\/\\\/tribune-express.ca\\\/en\\\/societe\\\/linternet-et-leconomie-au-coeur-des-preoccupations\\\/#breadcrumb\",\"itemListElement\":[{\"@type\":\"ListItem\",\"position\":1,\"name\":\"Accueil\",\"item\":\"https:\\\/\\\/tribune-express.ca\\\/en\\\/\"},{\"@type\":\"ListItem\",\"position\":2,\"name\":\"L\u2019Internet et l\u2019\u00e9conomie au coeur des pr\u00e9occupations\"}]},{\"@type\":\"WebSite\",\"@id\":\"https:\\\/\\\/tribune-express.ca\\\/en\\\/#website\",\"url\":\"https:\\\/\\\/tribune-express.ca\\\/en\\\/\",\"name\":\"Tribune-Express\",\"description\":\"\",\"potentialAction\":[{\"@type\":\"SearchAction\",\"target\":{\"@type\":\"EntryPoint\",\"urlTemplate\":\"https:\\\/\\\/tribune-express.ca\\\/en\\\/?s={search_term_string}\"},\"query-input\":{\"@type\":\"PropertyValueSpecification\",\"valueRequired\":true,\"valueName\":\"search_term_string\"}}],\"inLanguage\":\"en-CA\"},{\"@type\":\"Person\",\"@id\":\"https:\\\/\\\/tribune-express.ca\\\/en\\\/#\\\/schema\\\/person\\\/ecd8a97c76ea385f3027e987481ea16a\",\"name\":\"ezn2_spadmin\",\"image\":{\"@type\":\"ImageObject\",\"inLanguage\":\"en-CA\",\"@id\":\"https:\\\/\\\/secure.gravatar.com\\\/avatar\\\/10a4f0f991cc37cefde2ecf3b88df276159d0bcf256623224d1025086c609a97?s=96&d=mm&r=g\",\"url\":\"https:\\\/\\\/secure.gravatar.com\\\/avatar\\\/10a4f0f991cc37cefde2ecf3b88df276159d0bcf256623224d1025086c609a97?s=96&d=mm&r=g\",\"contentUrl\":\"https:\\\/\\\/secure.gravatar.com\\\/avatar\\\/10a4f0f991cc37cefde2ecf3b88df276159d0bcf256623224d1025086c609a97?s=96&d=mm&r=g\",\"caption\":\"ezn2_spadmin\"}}]}<\/script>\n<!-- \/ Yoast SEO plugin. -->","yoast_head_json":{"title":"L\u2019Internet et l\u2019\u00e9conomie au coeur des pr\u00e9occupations - Tribune-Express","robots":{"index":"index","follow":"follow","max-snippet":"max-snippet:-1","max-image-preview":"max-image-preview:large","max-video-preview":"max-video-preview:-1"},"canonical":"https:\/\/tribune-express.ca\/en\/societe\/linternet-et-leconomie-au-coeur-des-preoccupations\/","og_locale":"en_US","og_type":"article","og_title":"L\u2019Internet et l\u2019\u00e9conomie au coeur des pr\u00e9occupations - Tribune-Express","og_description":"L\u2019am\u00e9lioration de la connectivit\u00e9 Internet et l\u2019importance du d\u00e9veloppement \u00e9conomique demeurent la priorit\u00e9 des citoyens malgr\u00e9 un taux de satisfaction \u00e9lev\u00e9 \u00e0 l'\u00e9gard des services, selon les premiers r\u00e9sultats d'une enqu\u00eate men\u00e9e aupr\u00e8s des r\u00e9sidents et des entreprises du canton de Champlain.","og_url":"https:\/\/tribune-express.ca\/en\/societe\/linternet-et-leconomie-au-coeur-des-preoccupations\/","og_site_name":"Tribune-Express","article_published_time":"2021-04-20T12:42:01+00:00","article_modified_time":"2026-02-17T20:56:26+00:00","og_image":[{"width":2560,"height":1920,"url":"https:\/\/cdn.editionap.ca\/wp-content\/uploads\/sites\/3\/2021\/04\/337ac2c5-20a5-4050-a761-0804e4ff6bf6-scaled-1.jpg","type":"image\/jpeg"}],"author":"ezn2_spadmin","twitter_card":"summary_large_image","twitter_misc":{"Written by":"ezn2_spadmin","Est. reading time":"3 minutes"},"schema":{"@context":"https:\/\/schema.org","@graph":[{"@type":"Article","@id":"https:\/\/tribune-express.ca\/en\/societe\/linternet-et-leconomie-au-coeur-des-preoccupations\/#article","isPartOf":{"@id":"https:\/\/tribune-express.ca\/en\/societe\/linternet-et-leconomie-au-coeur-des-preoccupations\/"},"author":{"name":"ezn2_spadmin","@id":"https:\/\/tribune-express.ca\/en\/#\/schema\/person\/ecd8a97c76ea385f3027e987481ea16a"},"headline":"L\u2019Internet et l\u2019\u00e9conomie au coeur des pr\u00e9occupations","datePublished":"2021-04-20T12:42:01+00:00","dateModified":"2026-02-17T20:56:26+00:00","mainEntityOfPage":{"@id":"https:\/\/tribune-express.ca\/en\/societe\/linternet-et-leconomie-au-coeur-des-preoccupations\/"},"wordCount":660,"image":{"@id":"https:\/\/tribune-express.ca\/en\/societe\/linternet-et-leconomie-au-coeur-des-preoccupations\/#primaryimage"},"thumbnailUrl":"https:\/\/cdn.editionap.ca\/wp-content\/uploads\/sites\/3\/2021\/04\/337ac2c5-20a5-4050-a761-0804e4ff6bf6-scaled-1.jpg","articleSection":["Soci\u00e9t\u00e9"],"inLanguage":"en-CA"},{"@type":"WebPage","@id":"https:\/\/tribune-express.ca\/en\/societe\/linternet-et-leconomie-au-coeur-des-preoccupations\/","url":"https:\/\/tribune-express.ca\/en\/societe\/linternet-et-leconomie-au-coeur-des-preoccupations\/","name":"L\u2019Internet et l\u2019\u00e9conomie au coeur des pr\u00e9occupations - Tribune-Express","isPartOf":{"@id":"https:\/\/tribune-express.ca\/en\/#website"},"primaryImageOfPage":{"@id":"https:\/\/tribune-express.ca\/en\/societe\/linternet-et-leconomie-au-coeur-des-preoccupations\/#primaryimage"},"image":{"@id":"https:\/\/tribune-express.ca\/en\/societe\/linternet-et-leconomie-au-coeur-des-preoccupations\/#primaryimage"},"thumbnailUrl":"https:\/\/cdn.editionap.ca\/wp-content\/uploads\/sites\/3\/2021\/04\/337ac2c5-20a5-4050-a761-0804e4ff6bf6-scaled-1.jpg","datePublished":"2021-04-20T12:42:01+00:00","dateModified":"2026-02-17T20:56:26+00:00","author":{"@id":"https:\/\/tribune-express.ca\/en\/#\/schema\/person\/ecd8a97c76ea385f3027e987481ea16a"},"breadcrumb":{"@id":"https:\/\/tribune-express.ca\/en\/societe\/linternet-et-leconomie-au-coeur-des-preoccupations\/#breadcrumb"},"inLanguage":"en-CA","potentialAction":[{"@type":"ReadAction","target":["https:\/\/tribune-express.ca\/en\/societe\/linternet-et-leconomie-au-coeur-des-preoccupations\/"]}]},{"@type":"ImageObject","inLanguage":"en-CA","@id":"https:\/\/tribune-express.ca\/en\/societe\/linternet-et-leconomie-au-coeur-des-preoccupations\/#primaryimage","url":"https:\/\/cdn.editionap.ca\/wp-content\/uploads\/sites\/3\/2021\/04\/337ac2c5-20a5-4050-a761-0804e4ff6bf6-scaled-1.jpg","contentUrl":"https:\/\/cdn.editionap.ca\/wp-content\/uploads\/sites\/3\/2021\/04\/337ac2c5-20a5-4050-a761-0804e4ff6bf6-scaled-1.jpg","width":2560,"height":1920},{"@type":"BreadcrumbList","@id":"https:\/\/tribune-express.ca\/en\/societe\/linternet-et-leconomie-au-coeur-des-preoccupations\/#breadcrumb","itemListElement":[{"@type":"ListItem","position":1,"name":"Accueil","item":"https:\/\/tribune-express.ca\/en\/"},{"@type":"ListItem","position":2,"name":"L\u2019Internet et l\u2019\u00e9conomie au coeur des pr\u00e9occupations"}]},{"@type":"WebSite","@id":"https:\/\/tribune-express.ca\/en\/#website","url":"https:\/\/tribune-express.ca\/en\/","name":"Tribune-Express","description":"","potentialAction":[{"@type":"SearchAction","target":{"@type":"EntryPoint","urlTemplate":"https:\/\/tribune-express.ca\/en\/?s={search_term_string}"},"query-input":{"@type":"PropertyValueSpecification","valueRequired":true,"valueName":"search_term_string"}}],"inLanguage":"en-CA"},{"@type":"Person","@id":"https:\/\/tribune-express.ca\/en\/#\/schema\/person\/ecd8a97c76ea385f3027e987481ea16a","name":"ezn2_spadmin","image":{"@type":"ImageObject","inLanguage":"en-CA","@id":"https:\/\/secure.gravatar.com\/avatar\/10a4f0f991cc37cefde2ecf3b88df276159d0bcf256623224d1025086c609a97?s=96&d=mm&r=g","url":"https:\/\/secure.gravatar.com\/avatar\/10a4f0f991cc37cefde2ecf3b88df276159d0bcf256623224d1025086c609a97?s=96&d=mm&r=g","contentUrl":"https:\/\/secure.gravatar.com\/avatar\/10a4f0f991cc37cefde2ecf3b88df276159d0bcf256623224d1025086c609a97?s=96&d=mm&r=g","caption":"ezn2_spadmin"}}]}},"_links":{"self":[{"href":"https:\/\/tribune-express.ca\/en\/wp-json\/wp\/v2\/posts\/3230","targetHints":{"allow":["GET"]}}],"collection":[{"href":"https:\/\/tribune-express.ca\/en\/wp-json\/wp\/v2\/posts"}],"about":[{"href":"https:\/\/tribune-express.ca\/en\/wp-json\/wp\/v2\/types\/post"}],"author":[{"embeddable":true,"href":"https:\/\/tribune-express.ca\/en\/wp-json\/wp\/v2\/users\/7"}],"replies":[{"embeddable":true,"href":"https:\/\/tribune-express.ca\/en\/wp-json\/wp\/v2\/comments?post=3230"}],"version-history":[{"count":1,"href":"https:\/\/tribune-express.ca\/en\/wp-json\/wp\/v2\/posts\/3230\/revisions"}],"predecessor-version":[{"id":134114,"href":"https:\/\/tribune-express.ca\/en\/wp-json\/wp\/v2\/posts\/3230\/revisions\/134114"}],"wp:featuredmedia":[{"embeddable":true,"href":"https:\/\/tribune-express.ca\/en\/wp-json\/wp\/v2\/media\/3231"}],"wp:attachment":[{"href":"https:\/\/tribune-express.ca\/en\/wp-json\/wp\/v2\/media?parent=3230"}],"wp:term":[{"taxonomy":"category","embeddable":true,"href":"https:\/\/tribune-express.ca\/en\/wp-json\/wp\/v2\/categories?post=3230"},{"taxonomy":"post_tag","embeddable":true,"href":"https:\/\/tribune-express.ca\/en\/wp-json\/wp\/v2\/tags?post=3230"}],"curies":[{"name":"wp","href":"https:\/\/api.w.org\/{rel}","templated":true}]}}