{"id":5857,"date":"2020-10-21T20:17:06","date_gmt":"2020-10-21T20:17:07","guid":{"rendered":"https:\/\/editionap.ca\/2020\/10\/21\/nos-collectivites-en-bref-community-in-brief\/"},"modified":"2026-02-17T21:57:34","modified_gmt":"2026-02-17T20:57:34","slug":"nos-collectivites-en-bref-community-in-brief","status":"publish","type":"post","link":"https:\/\/tribune-express.ca\/en\/societe\/nos-collectivites-en-bref-community-in-brief\/","title":{"rendered":"Nos collectivit\u00e9s en bref | Community in brief"},"content":{"rendered":"<p><strong>5214$ pour les organismes d&#8217;Alfred-Plantagenet<\/strong><\/p>\n<p>Le tournoi de golf annuel du maire d&#8217;Alfred-Plantagenet a permis de r\u00e9colter 5214 dollars pour des associations caritatives locales. L&#8217;\u00e9v\u00e8nement a eu lieu le 10 septembre, les 80 participants observant les directives de s\u00e9curit\u00e9 en mati\u00e8re de sant\u00e9 publique en cas de pand\u00e9mie. Les fonds r\u00e9colt\u00e9s seront revers\u00e9s au programme de soccer pour les jeunes PRO17, \u00e0 la ligue de baseball pour les jeunes de Wendover et au fonds d&#8217;habits de neige Garder nos petits c\u0153urs au chaud pour fournir des habits de neige aux enfants des familles dans le besoin. \u2013 Gregg Chamberlain<\/p>\n<p><strong>Helping Rockland Food Bank help others<\/strong><\/p>\n","protected":false},"excerpt":{"rendered":"<p>5214$ pour les organismes d&#8217;Alfred-Plantagenet Le tournoi de golf annuel du maire d&#8217;Alfred-Plantagenet a permis de r\u00e9colter 5214 dollars pour des associations caritatives locales. L&#8217;\u00e9v\u00e8nement a eu lieu le 10 septembre, les 80 participants observant les directives de s\u00e9curit\u00e9 en mati\u00e8re de sant\u00e9 publique en cas de pand\u00e9mie. Les fonds r\u00e9colt\u00e9s seront revers\u00e9s au programme [&hellip;]<\/p>\n","protected":false},"author":7,"featured_media":5858,"comment_status":"open","ping_status":"open","sticky":false,"template":"","format":"standard","meta":{"_acf_changed":false,"footnotes":""},"categories":[40],"tags":[],"class_list":["post-5857","post","type-post","status-publish","format-standard","has-post-thumbnail","hentry","category-societe"],"acf":[],"featured_media_global":[],"yoast_head":"<!-- This site is optimized with the Yoast SEO plugin v27.5 - https:\/\/yoast.com\/product\/yoast-seo-wordpress\/ -->\n<title>Nos collectivit\u00e9s en bref | Community in brief - Tribune-Express<\/title>\n<meta name=\"robots\" content=\"index, follow, max-snippet:-1, max-image-preview:large, max-video-preview:-1\" \/>\n<link rel=\"canonical\" href=\"https:\/\/tribune-express.ca\/en\/societe\/nos-collectivites-en-bref-community-in-brief\/\" \/>\n<meta property=\"og:locale\" content=\"en_US\" \/>\n<meta property=\"og:type\" content=\"article\" \/>\n<meta property=\"og:title\" content=\"Nos collectivit\u00e9s en bref | Community in brief - Tribune-Express\" \/>\n<meta property=\"og:description\" content=\"5214$ pour les organismes d&#8217;Alfred-Plantagenet Le tournoi de golf annuel du maire d&#8217;Alfred-Plantagenet a permis de r\u00e9colter 5214 dollars pour des associations caritatives locales. L&#8217;\u00e9v\u00e8nement a eu lieu le 10 septembre, les 80 participants observant les directives de s\u00e9curit\u00e9 en mati\u00e8re de sant\u00e9 publique en cas de pand\u00e9mie. Les fonds r\u00e9colt\u00e9s seront revers\u00e9s au programme [&hellip;]\" \/>\n<meta property=\"og:url\" content=\"https:\/\/tribune-express.ca\/en\/societe\/nos-collectivites-en-bref-community-in-brief\/\" \/>\n<meta property=\"og:site_name\" content=\"Tribune-Express\" \/>\n<meta property=\"article:published_time\" content=\"2020-10-21T20:17:07+00:00\" \/>\n<meta property=\"article:modified_time\" content=\"2026-02-17T20:57:34+00:00\" \/>\n<meta property=\"og:image\" content=\"https:\/\/cdn.editionap.ca\/wp-content\/uploads\/sites\/3\/2020\/10\/4d59aace-8bf6-4f18-9035-73b4ca592be9-scaled-1.jpg\" \/>\n\t<meta property=\"og:image:width\" content=\"2560\" \/>\n\t<meta property=\"og:image:height\" content=\"1707\" \/>\n\t<meta property=\"og:image:type\" content=\"image\/jpeg\" \/>\n<meta name=\"author\" content=\"ezn2_spadmin\" \/>\n<meta name=\"twitter:card\" content=\"summary_large_image\" \/>\n<meta name=\"twitter:label1\" content=\"Written by\" \/>\n\t<meta name=\"twitter:data1\" content=\"ezn2_spadmin\" \/>\n\t<meta name=\"twitter:label2\" content=\"Est. reading time\" \/>\n\t<meta name=\"twitter:data2\" content=\"1 minute\" \/>\n<script type=\"application\/ld+json\" class=\"yoast-schema-graph\">{\"@context\":\"https:\\\/\\\/schema.org\",\"@graph\":[{\"@type\":\"Article\",\"@id\":\"https:\\\/\\\/tribune-express.ca\\\/en\\\/societe\\\/nos-collectivites-en-bref-community-in-brief\\\/#article\",\"isPartOf\":{\"@id\":\"https:\\\/\\\/tribune-express.ca\\\/en\\\/societe\\\/nos-collectivites-en-bref-community-in-brief\\\/\"},\"author\":{\"name\":\"ezn2_spadmin\",\"@id\":\"https:\\\/\\\/tribune-express.ca\\\/en\\\/#\\\/schema\\\/person\\\/ecd8a97c76ea385f3027e987481ea16a\"},\"headline\":\"Nos collectivit\u00e9s en bref | Community in brief\",\"datePublished\":\"2020-10-21T20:17:07+00:00\",\"dateModified\":\"2026-02-17T20:57:34+00:00\",\"mainEntityOfPage\":{\"@id\":\"https:\\\/\\\/tribune-express.ca\\\/en\\\/societe\\\/nos-collectivites-en-bref-community-in-brief\\\/\"},\"wordCount\":120,\"commentCount\":0,\"image\":{\"@id\":\"https:\\\/\\\/tribune-express.ca\\\/en\\\/societe\\\/nos-collectivites-en-bref-community-in-brief\\\/#primaryimage\"},\"thumbnailUrl\":\"https:\\\/\\\/cdn.editionap.ca\\\/wp-content\\\/uploads\\\/sites\\\/3\\\/2020\\\/10\\\/4d59aace-8bf6-4f18-9035-73b4ca592be9-scaled-1.jpg\",\"articleSection\":[\"Soci\u00e9t\u00e9\"],\"inLanguage\":\"en-CA\",\"potentialAction\":[{\"@type\":\"CommentAction\",\"name\":\"Comment\",\"target\":[\"https:\\\/\\\/tribune-express.ca\\\/en\\\/societe\\\/nos-collectivites-en-bref-community-in-brief\\\/#respond\"]}]},{\"@type\":\"WebPage\",\"@id\":\"https:\\\/\\\/tribune-express.ca\\\/en\\\/societe\\\/nos-collectivites-en-bref-community-in-brief\\\/\",\"url\":\"https:\\\/\\\/tribune-express.ca\\\/en\\\/societe\\\/nos-collectivites-en-bref-community-in-brief\\\/\",\"name\":\"Nos collectivit\u00e9s en bref | Community in brief - Tribune-Express\",\"isPartOf\":{\"@id\":\"https:\\\/\\\/tribune-express.ca\\\/en\\\/#website\"},\"primaryImageOfPage\":{\"@id\":\"https:\\\/\\\/tribune-express.ca\\\/en\\\/societe\\\/nos-collectivites-en-bref-community-in-brief\\\/#primaryimage\"},\"image\":{\"@id\":\"https:\\\/\\\/tribune-express.ca\\\/en\\\/societe\\\/nos-collectivites-en-bref-community-in-brief\\\/#primaryimage\"},\"thumbnailUrl\":\"https:\\\/\\\/cdn.editionap.ca\\\/wp-content\\\/uploads\\\/sites\\\/3\\\/2020\\\/10\\\/4d59aace-8bf6-4f18-9035-73b4ca592be9-scaled-1.jpg\",\"datePublished\":\"2020-10-21T20:17:07+00:00\",\"dateModified\":\"2026-02-17T20:57:34+00:00\",\"author\":{\"@id\":\"https:\\\/\\\/tribune-express.ca\\\/en\\\/#\\\/schema\\\/person\\\/ecd8a97c76ea385f3027e987481ea16a\"},\"breadcrumb\":{\"@id\":\"https:\\\/\\\/tribune-express.ca\\\/en\\\/societe\\\/nos-collectivites-en-bref-community-in-brief\\\/#breadcrumb\"},\"inLanguage\":\"en-CA\",\"potentialAction\":[{\"@type\":\"ReadAction\",\"target\":[\"https:\\\/\\\/tribune-express.ca\\\/en\\\/societe\\\/nos-collectivites-en-bref-community-in-brief\\\/\"]}]},{\"@type\":\"ImageObject\",\"inLanguage\":\"en-CA\",\"@id\":\"https:\\\/\\\/tribune-express.ca\\\/en\\\/societe\\\/nos-collectivites-en-bref-community-in-brief\\\/#primaryimage\",\"url\":\"https:\\\/\\\/cdn.editionap.ca\\\/wp-content\\\/uploads\\\/sites\\\/3\\\/2020\\\/10\\\/4d59aace-8bf6-4f18-9035-73b4ca592be9-scaled-1.jpg\",\"contentUrl\":\"https:\\\/\\\/cdn.editionap.ca\\\/wp-content\\\/uploads\\\/sites\\\/3\\\/2020\\\/10\\\/4d59aace-8bf6-4f18-9035-73b4ca592be9-scaled-1.jpg\",\"width\":2560,\"height\":1707},{\"@type\":\"BreadcrumbList\",\"@id\":\"https:\\\/\\\/tribune-express.ca\\\/en\\\/societe\\\/nos-collectivites-en-bref-community-in-brief\\\/#breadcrumb\",\"itemListElement\":[{\"@type\":\"ListItem\",\"position\":1,\"name\":\"Accueil\",\"item\":\"https:\\\/\\\/tribune-express.ca\\\/en\\\/\"},{\"@type\":\"ListItem\",\"position\":2,\"name\":\"Nos collectivit\u00e9s en bref | Community in brief\"}]},{\"@type\":\"WebSite\",\"@id\":\"https:\\\/\\\/tribune-express.ca\\\/en\\\/#website\",\"url\":\"https:\\\/\\\/tribune-express.ca\\\/en\\\/\",\"name\":\"Tribune-Express\",\"description\":\"\",\"potentialAction\":[{\"@type\":\"SearchAction\",\"target\":{\"@type\":\"EntryPoint\",\"urlTemplate\":\"https:\\\/\\\/tribune-express.ca\\\/en\\\/?s={search_term_string}\"},\"query-input\":{\"@type\":\"PropertyValueSpecification\",\"valueRequired\":true,\"valueName\":\"search_term_string\"}}],\"inLanguage\":\"en-CA\"},{\"@type\":\"Person\",\"@id\":\"https:\\\/\\\/tribune-express.ca\\\/en\\\/#\\\/schema\\\/person\\\/ecd8a97c76ea385f3027e987481ea16a\",\"name\":\"ezn2_spadmin\",\"image\":{\"@type\":\"ImageObject\",\"inLanguage\":\"en-CA\",\"@id\":\"https:\\\/\\\/secure.gravatar.com\\\/avatar\\\/10a4f0f991cc37cefde2ecf3b88df276159d0bcf256623224d1025086c609a97?s=96&d=mm&r=g\",\"url\":\"https:\\\/\\\/secure.gravatar.com\\\/avatar\\\/10a4f0f991cc37cefde2ecf3b88df276159d0bcf256623224d1025086c609a97?s=96&d=mm&r=g\",\"contentUrl\":\"https:\\\/\\\/secure.gravatar.com\\\/avatar\\\/10a4f0f991cc37cefde2ecf3b88df276159d0bcf256623224d1025086c609a97?s=96&d=mm&r=g\",\"caption\":\"ezn2_spadmin\"}}]}<\/script>\n<!-- \/ Yoast SEO plugin. -->","yoast_head_json":{"title":"Nos collectivit\u00e9s en bref | Community in brief - Tribune-Express","robots":{"index":"index","follow":"follow","max-snippet":"max-snippet:-1","max-image-preview":"max-image-preview:large","max-video-preview":"max-video-preview:-1"},"canonical":"https:\/\/tribune-express.ca\/en\/societe\/nos-collectivites-en-bref-community-in-brief\/","og_locale":"en_US","og_type":"article","og_title":"Nos collectivit\u00e9s en bref | Community in brief - Tribune-Express","og_description":"5214$ pour les organismes d&#8217;Alfred-Plantagenet Le tournoi de golf annuel du maire d&#8217;Alfred-Plantagenet a permis de r\u00e9colter 5214 dollars pour des associations caritatives locales. L&#8217;\u00e9v\u00e8nement a eu lieu le 10 septembre, les 80 participants observant les directives de s\u00e9curit\u00e9 en mati\u00e8re de sant\u00e9 publique en cas de pand\u00e9mie. Les fonds r\u00e9colt\u00e9s seront revers\u00e9s au programme [&hellip;]","og_url":"https:\/\/tribune-express.ca\/en\/societe\/nos-collectivites-en-bref-community-in-brief\/","og_site_name":"Tribune-Express","article_published_time":"2020-10-21T20:17:07+00:00","article_modified_time":"2026-02-17T20:57:34+00:00","og_image":[{"width":2560,"height":1707,"url":"https:\/\/cdn.editionap.ca\/wp-content\/uploads\/sites\/3\/2020\/10\/4d59aace-8bf6-4f18-9035-73b4ca592be9-scaled-1.jpg","type":"image\/jpeg"}],"author":"ezn2_spadmin","twitter_card":"summary_large_image","twitter_misc":{"Written by":"ezn2_spadmin","Est. reading time":"1 minute"},"schema":{"@context":"https:\/\/schema.org","@graph":[{"@type":"Article","@id":"https:\/\/tribune-express.ca\/en\/societe\/nos-collectivites-en-bref-community-in-brief\/#article","isPartOf":{"@id":"https:\/\/tribune-express.ca\/en\/societe\/nos-collectivites-en-bref-community-in-brief\/"},"author":{"name":"ezn2_spadmin","@id":"https:\/\/tribune-express.ca\/en\/#\/schema\/person\/ecd8a97c76ea385f3027e987481ea16a"},"headline":"Nos collectivit\u00e9s en bref | Community in brief","datePublished":"2020-10-21T20:17:07+00:00","dateModified":"2026-02-17T20:57:34+00:00","mainEntityOfPage":{"@id":"https:\/\/tribune-express.ca\/en\/societe\/nos-collectivites-en-bref-community-in-brief\/"},"wordCount":120,"commentCount":0,"image":{"@id":"https:\/\/tribune-express.ca\/en\/societe\/nos-collectivites-en-bref-community-in-brief\/#primaryimage"},"thumbnailUrl":"https:\/\/cdn.editionap.ca\/wp-content\/uploads\/sites\/3\/2020\/10\/4d59aace-8bf6-4f18-9035-73b4ca592be9-scaled-1.jpg","articleSection":["Soci\u00e9t\u00e9"],"inLanguage":"en-CA","potentialAction":[{"@type":"CommentAction","name":"Comment","target":["https:\/\/tribune-express.ca\/en\/societe\/nos-collectivites-en-bref-community-in-brief\/#respond"]}]},{"@type":"WebPage","@id":"https:\/\/tribune-express.ca\/en\/societe\/nos-collectivites-en-bref-community-in-brief\/","url":"https:\/\/tribune-express.ca\/en\/societe\/nos-collectivites-en-bref-community-in-brief\/","name":"Nos collectivit\u00e9s en bref | Community in brief - Tribune-Express","isPartOf":{"@id":"https:\/\/tribune-express.ca\/en\/#website"},"primaryImageOfPage":{"@id":"https:\/\/tribune-express.ca\/en\/societe\/nos-collectivites-en-bref-community-in-brief\/#primaryimage"},"image":{"@id":"https:\/\/tribune-express.ca\/en\/societe\/nos-collectivites-en-bref-community-in-brief\/#primaryimage"},"thumbnailUrl":"https:\/\/cdn.editionap.ca\/wp-content\/uploads\/sites\/3\/2020\/10\/4d59aace-8bf6-4f18-9035-73b4ca592be9-scaled-1.jpg","datePublished":"2020-10-21T20:17:07+00:00","dateModified":"2026-02-17T20:57:34+00:00","author":{"@id":"https:\/\/tribune-express.ca\/en\/#\/schema\/person\/ecd8a97c76ea385f3027e987481ea16a"},"breadcrumb":{"@id":"https:\/\/tribune-express.ca\/en\/societe\/nos-collectivites-en-bref-community-in-brief\/#breadcrumb"},"inLanguage":"en-CA","potentialAction":[{"@type":"ReadAction","target":["https:\/\/tribune-express.ca\/en\/societe\/nos-collectivites-en-bref-community-in-brief\/"]}]},{"@type":"ImageObject","inLanguage":"en-CA","@id":"https:\/\/tribune-express.ca\/en\/societe\/nos-collectivites-en-bref-community-in-brief\/#primaryimage","url":"https:\/\/cdn.editionap.ca\/wp-content\/uploads\/sites\/3\/2020\/10\/4d59aace-8bf6-4f18-9035-73b4ca592be9-scaled-1.jpg","contentUrl":"https:\/\/cdn.editionap.ca\/wp-content\/uploads\/sites\/3\/2020\/10\/4d59aace-8bf6-4f18-9035-73b4ca592be9-scaled-1.jpg","width":2560,"height":1707},{"@type":"BreadcrumbList","@id":"https:\/\/tribune-express.ca\/en\/societe\/nos-collectivites-en-bref-community-in-brief\/#breadcrumb","itemListElement":[{"@type":"ListItem","position":1,"name":"Accueil","item":"https:\/\/tribune-express.ca\/en\/"},{"@type":"ListItem","position":2,"name":"Nos collectivit\u00e9s en bref | Community in brief"}]},{"@type":"WebSite","@id":"https:\/\/tribune-express.ca\/en\/#website","url":"https:\/\/tribune-express.ca\/en\/","name":"Tribune-Express","description":"","potentialAction":[{"@type":"SearchAction","target":{"@type":"EntryPoint","urlTemplate":"https:\/\/tribune-express.ca\/en\/?s={search_term_string}"},"query-input":{"@type":"PropertyValueSpecification","valueRequired":true,"valueName":"search_term_string"}}],"inLanguage":"en-CA"},{"@type":"Person","@id":"https:\/\/tribune-express.ca\/en\/#\/schema\/person\/ecd8a97c76ea385f3027e987481ea16a","name":"ezn2_spadmin","image":{"@type":"ImageObject","inLanguage":"en-CA","@id":"https:\/\/secure.gravatar.com\/avatar\/10a4f0f991cc37cefde2ecf3b88df276159d0bcf256623224d1025086c609a97?s=96&d=mm&r=g","url":"https:\/\/secure.gravatar.com\/avatar\/10a4f0f991cc37cefde2ecf3b88df276159d0bcf256623224d1025086c609a97?s=96&d=mm&r=g","contentUrl":"https:\/\/secure.gravatar.com\/avatar\/10a4f0f991cc37cefde2ecf3b88df276159d0bcf256623224d1025086c609a97?s=96&d=mm&r=g","caption":"ezn2_spadmin"}}]}},"_links":{"self":[{"href":"https:\/\/tribune-express.ca\/en\/wp-json\/wp\/v2\/posts\/5857","targetHints":{"allow":["GET"]}}],"collection":[{"href":"https:\/\/tribune-express.ca\/en\/wp-json\/wp\/v2\/posts"}],"about":[{"href":"https:\/\/tribune-express.ca\/en\/wp-json\/wp\/v2\/types\/post"}],"author":[{"embeddable":true,"href":"https:\/\/tribune-express.ca\/en\/wp-json\/wp\/v2\/users\/7"}],"replies":[{"embeddable":true,"href":"https:\/\/tribune-express.ca\/en\/wp-json\/wp\/v2\/comments?post=5857"}],"version-history":[{"count":1,"href":"https:\/\/tribune-express.ca\/en\/wp-json\/wp\/v2\/posts\/5857\/revisions"}],"predecessor-version":[{"id":126792,"href":"https:\/\/tribune-express.ca\/en\/wp-json\/wp\/v2\/posts\/5857\/revisions\/126792"}],"wp:featuredmedia":[{"embeddable":true,"href":"https:\/\/tribune-express.ca\/en\/wp-json\/wp\/v2\/media\/5858"}],"wp:attachment":[{"href":"https:\/\/tribune-express.ca\/en\/wp-json\/wp\/v2\/media?parent=5857"}],"wp:term":[{"taxonomy":"category","embeddable":true,"href":"https:\/\/tribune-express.ca\/en\/wp-json\/wp\/v2\/categories?post=5857"},{"taxonomy":"post_tag","embeddable":true,"href":"https:\/\/tribune-express.ca\/en\/wp-json\/wp\/v2\/tags?post=5857"}],"curies":[{"name":"wp","href":"https:\/\/api.w.org\/{rel}","templated":true}]}}