{"id":96403,"date":"2023-07-16T06:52:22","date_gmt":"2023-07-16T10:52:22","guid":{"rendered":"https:\/\/editionap.ca\/?p=96403"},"modified":"2026-02-17T21:54:04","modified_gmt":"2026-02-17T20:54:04","slug":"collecte-de-fonds-pour-une-banque-alimentaire","status":"publish","type":"post","link":"https:\/\/tribune-express.ca\/en\/societe\/collecte-de-fonds-pour-une-banque-alimentaire\/","title":{"rendered":"Collecte de fonds pour une banque alimentaire"},"content":{"rendered":"<p><strong>La banque alimentaire de Grenville et Grenville-sur-la-Rouge a organis\u00e9, le 8 juillet, une collecte de fonds pour pouvoir faire face \u00e0 ses besoins.<\/strong><\/p>\n<p>\u00abOn donne de la nourriture aux personnes les jeudis. On a 60 familles \u00e0 nourrir, soit 110 personnes. Il nous faut beaucoup de ressources, on \u00e9tait rendu au fond\u00bb, a admis Lisanne Cadieux, coordonnatrice de l\u2019organisme.<\/p>\n<p>Selon Claude Cadieux, pr\u00e9sident de la banque alimentaire, la collecte de fonds pourrait rapporter de 5 000 \u00e0 7 000 dollars. Mme Cadieux a \u00e9num\u00e9r\u00e9 les principales d\u00e9penses, soit le loyer, le paiement des factures d\u2019\u00e9lectricit\u00e9, de t\u00e9l\u00e9phone et l\u2019achat des denr\u00e9es.<\/p>\n<p>&nbsp;<\/p>\n","protected":false},"excerpt":{"rendered":"<p>La banque alimentaire de Grenville et Grenville-sur-la-Rouge a organis\u00e9, le 8 juillet, une collecte de fonds pour pouvoir faire face \u00e0 ses besoins. \u00abOn donne de la nourriture aux personnes les jeudis. On a 60 familles \u00e0 nourrir, soit 110 personnes. Il nous faut beaucoup de ressources, on \u00e9tait rendu au fond\u00bb, a admis Lisanne [&hellip;]<\/p>\n","protected":false},"author":18,"featured_media":96404,"comment_status":"closed","ping_status":"open","sticky":false,"template":"","format":"standard","meta":{"_acf_changed":false,"footnotes":""},"categories":[40],"tags":[],"class_list":["post-96403","post","type-post","status-publish","format-standard","has-post-thumbnail","hentry","category-societe"],"acf":[],"featured_media_global":[],"yoast_head":"<!-- This site is optimized with the Yoast SEO plugin v27.4 - https:\/\/yoast.com\/product\/yoast-seo-wordpress\/ -->\n<title>Collecte de fonds pour une banque alimentaire - Tribune-Express<\/title>\n<meta name=\"robots\" content=\"index, follow, max-snippet:-1, max-image-preview:large, max-video-preview:-1\" \/>\n<link rel=\"canonical\" href=\"https:\/\/tribune-express.ca\/en\/societe\/collecte-de-fonds-pour-une-banque-alimentaire\/\" \/>\n<meta property=\"og:locale\" content=\"en_US\" \/>\n<meta property=\"og:type\" content=\"article\" \/>\n<meta property=\"og:title\" content=\"Collecte de fonds pour une banque alimentaire - Tribune-Express\" \/>\n<meta property=\"og:description\" content=\"La banque alimentaire de Grenville et Grenville-sur-la-Rouge a organis\u00e9, le 8 juillet, une collecte de fonds pour pouvoir faire face \u00e0 ses besoins. \u00abOn donne de la nourriture aux personnes les jeudis. On a 60 familles \u00e0 nourrir, soit 110 personnes. Il nous faut beaucoup de ressources, on \u00e9tait rendu au fond\u00bb, a admis Lisanne [&hellip;]\" \/>\n<meta property=\"og:url\" content=\"https:\/\/tribune-express.ca\/en\/societe\/collecte-de-fonds-pour-une-banque-alimentaire\/\" \/>\n<meta property=\"og:site_name\" content=\"Tribune-Express\" \/>\n<meta property=\"article:published_time\" content=\"2023-07-16T10:52:22+00:00\" \/>\n<meta property=\"article:modified_time\" content=\"2026-02-17T20:54:04+00:00\" \/>\n<meta property=\"og:image\" content=\"https:\/\/cdn.editionap.ca\/wp-content\/uploads\/sites\/3\/2023\/07\/Levee_Fonds_Grenville-photo-web.jpg\" \/>\n\t<meta property=\"og:image:width\" content=\"1200\" \/>\n\t<meta property=\"og:image:height\" content=\"888\" \/>\n\t<meta property=\"og:image:type\" content=\"image\/jpeg\" \/>\n<meta name=\"author\" content=\"Frederic Hountondji\" \/>\n<meta name=\"twitter:card\" content=\"summary_large_image\" \/>\n<meta name=\"twitter:label1\" content=\"Written by\" \/>\n\t<meta name=\"twitter:data1\" content=\"Frederic Hountondji\" \/>\n\t<meta name=\"twitter:label2\" content=\"Est. reading time\" \/>\n\t<meta name=\"twitter:data2\" content=\"1 minute\" \/>\n<script type=\"application\/ld+json\" class=\"yoast-schema-graph\">{\"@context\":\"https:\\\/\\\/schema.org\",\"@graph\":[{\"@type\":\"Article\",\"@id\":\"https:\\\/\\\/tribune-express.ca\\\/en\\\/societe\\\/collecte-de-fonds-pour-une-banque-alimentaire\\\/#article\",\"isPartOf\":{\"@id\":\"https:\\\/\\\/tribune-express.ca\\\/en\\\/societe\\\/collecte-de-fonds-pour-une-banque-alimentaire\\\/\"},\"author\":{\"name\":\"Frederic Hountondji\",\"@id\":\"https:\\\/\\\/tribune-express.ca\\\/en\\\/#\\\/schema\\\/person\\\/1fdf634ca04edc92f3a64c81c93ea93b\"},\"headline\":\"Collecte de fonds pour une banque alimentaire\",\"datePublished\":\"2023-07-16T10:52:22+00:00\",\"dateModified\":\"2026-02-17T20:54:04+00:00\",\"mainEntityOfPage\":{\"@id\":\"https:\\\/\\\/tribune-express.ca\\\/en\\\/societe\\\/collecte-de-fonds-pour-une-banque-alimentaire\\\/\"},\"wordCount\":108,\"image\":{\"@id\":\"https:\\\/\\\/tribune-express.ca\\\/en\\\/societe\\\/collecte-de-fonds-pour-une-banque-alimentaire\\\/#primaryimage\"},\"thumbnailUrl\":\"https:\\\/\\\/cdn.editionap.ca\\\/wp-content\\\/uploads\\\/sites\\\/3\\\/2023\\\/07\\\/Levee_Fonds_Grenville-photo-web.jpg\",\"articleSection\":[\"Soci\u00e9t\u00e9\"],\"inLanguage\":\"en-CA\"},{\"@type\":\"WebPage\",\"@id\":\"https:\\\/\\\/tribune-express.ca\\\/en\\\/societe\\\/collecte-de-fonds-pour-une-banque-alimentaire\\\/\",\"url\":\"https:\\\/\\\/tribune-express.ca\\\/en\\\/societe\\\/collecte-de-fonds-pour-une-banque-alimentaire\\\/\",\"name\":\"Collecte de fonds pour une banque alimentaire - Tribune-Express\",\"isPartOf\":{\"@id\":\"https:\\\/\\\/tribune-express.ca\\\/en\\\/#website\"},\"primaryImageOfPage\":{\"@id\":\"https:\\\/\\\/tribune-express.ca\\\/en\\\/societe\\\/collecte-de-fonds-pour-une-banque-alimentaire\\\/#primaryimage\"},\"image\":{\"@id\":\"https:\\\/\\\/tribune-express.ca\\\/en\\\/societe\\\/collecte-de-fonds-pour-une-banque-alimentaire\\\/#primaryimage\"},\"thumbnailUrl\":\"https:\\\/\\\/cdn.editionap.ca\\\/wp-content\\\/uploads\\\/sites\\\/3\\\/2023\\\/07\\\/Levee_Fonds_Grenville-photo-web.jpg\",\"datePublished\":\"2023-07-16T10:52:22+00:00\",\"dateModified\":\"2026-02-17T20:54:04+00:00\",\"author\":{\"@id\":\"https:\\\/\\\/tribune-express.ca\\\/en\\\/#\\\/schema\\\/person\\\/1fdf634ca04edc92f3a64c81c93ea93b\"},\"breadcrumb\":{\"@id\":\"https:\\\/\\\/tribune-express.ca\\\/en\\\/societe\\\/collecte-de-fonds-pour-une-banque-alimentaire\\\/#breadcrumb\"},\"inLanguage\":\"en-CA\",\"potentialAction\":[{\"@type\":\"ReadAction\",\"target\":[\"https:\\\/\\\/tribune-express.ca\\\/en\\\/societe\\\/collecte-de-fonds-pour-une-banque-alimentaire\\\/\"]}]},{\"@type\":\"ImageObject\",\"inLanguage\":\"en-CA\",\"@id\":\"https:\\\/\\\/tribune-express.ca\\\/en\\\/societe\\\/collecte-de-fonds-pour-une-banque-alimentaire\\\/#primaryimage\",\"url\":\"https:\\\/\\\/cdn.editionap.ca\\\/wp-content\\\/uploads\\\/sites\\\/3\\\/2023\\\/07\\\/Levee_Fonds_Grenville-photo-web.jpg\",\"contentUrl\":\"https:\\\/\\\/cdn.editionap.ca\\\/wp-content\\\/uploads\\\/sites\\\/3\\\/2023\\\/07\\\/Levee_Fonds_Grenville-photo-web.jpg\",\"width\":1200,\"height\":888,\"caption\":\"Collecte de fonds pour les familles d\u00e9favoris\u00e9es- photo Fr\u00e9d\u00e9ric Hountondji\"},{\"@type\":\"BreadcrumbList\",\"@id\":\"https:\\\/\\\/tribune-express.ca\\\/en\\\/societe\\\/collecte-de-fonds-pour-une-banque-alimentaire\\\/#breadcrumb\",\"itemListElement\":[{\"@type\":\"ListItem\",\"position\":1,\"name\":\"Accueil\",\"item\":\"https:\\\/\\\/tribune-express.ca\\\/en\\\/\"},{\"@type\":\"ListItem\",\"position\":2,\"name\":\"Collecte de fonds pour une banque alimentaire\"}]},{\"@type\":\"WebSite\",\"@id\":\"https:\\\/\\\/tribune-express.ca\\\/en\\\/#website\",\"url\":\"https:\\\/\\\/tribune-express.ca\\\/en\\\/\",\"name\":\"Tribune-Express\",\"description\":\"\",\"potentialAction\":[{\"@type\":\"SearchAction\",\"target\":{\"@type\":\"EntryPoint\",\"urlTemplate\":\"https:\\\/\\\/tribune-express.ca\\\/en\\\/?s={search_term_string}\"},\"query-input\":{\"@type\":\"PropertyValueSpecification\",\"valueRequired\":true,\"valueName\":\"search_term_string\"}}],\"inLanguage\":\"en-CA\"},{\"@type\":\"Person\",\"@id\":\"https:\\\/\\\/tribune-express.ca\\\/en\\\/#\\\/schema\\\/person\\\/1fdf634ca04edc92f3a64c81c93ea93b\",\"name\":\"Frederic Hountondji\",\"image\":{\"@type\":\"ImageObject\",\"inLanguage\":\"en-CA\",\"@id\":\"https:\\\/\\\/secure.gravatar.com\\\/avatar\\\/69c842bf59ae1f3d8745e9531f2f94cd269651585be2e26d84ca44f0bd5ccebf?s=96&d=mm&r=g\",\"url\":\"https:\\\/\\\/secure.gravatar.com\\\/avatar\\\/69c842bf59ae1f3d8745e9531f2f94cd269651585be2e26d84ca44f0bd5ccebf?s=96&d=mm&r=g\",\"contentUrl\":\"https:\\\/\\\/secure.gravatar.com\\\/avatar\\\/69c842bf59ae1f3d8745e9531f2f94cd269651585be2e26d84ca44f0bd5ccebf?s=96&d=mm&r=g\",\"caption\":\"Frederic Hountondji\"}}]}<\/script>\n<!-- \/ Yoast SEO plugin. -->","yoast_head_json":{"title":"Collecte de fonds pour une banque alimentaire - Tribune-Express","robots":{"index":"index","follow":"follow","max-snippet":"max-snippet:-1","max-image-preview":"max-image-preview:large","max-video-preview":"max-video-preview:-1"},"canonical":"https:\/\/tribune-express.ca\/en\/societe\/collecte-de-fonds-pour-une-banque-alimentaire\/","og_locale":"en_US","og_type":"article","og_title":"Collecte de fonds pour une banque alimentaire - Tribune-Express","og_description":"La banque alimentaire de Grenville et Grenville-sur-la-Rouge a organis\u00e9, le 8 juillet, une collecte de fonds pour pouvoir faire face \u00e0 ses besoins. \u00abOn donne de la nourriture aux personnes les jeudis. On a 60 familles \u00e0 nourrir, soit 110 personnes. Il nous faut beaucoup de ressources, on \u00e9tait rendu au fond\u00bb, a admis Lisanne [&hellip;]","og_url":"https:\/\/tribune-express.ca\/en\/societe\/collecte-de-fonds-pour-une-banque-alimentaire\/","og_site_name":"Tribune-Express","article_published_time":"2023-07-16T10:52:22+00:00","article_modified_time":"2026-02-17T20:54:04+00:00","og_image":[{"width":1200,"height":888,"url":"https:\/\/cdn.editionap.ca\/wp-content\/uploads\/sites\/3\/2023\/07\/Levee_Fonds_Grenville-photo-web.jpg","type":"image\/jpeg"}],"author":"Frederic Hountondji","twitter_card":"summary_large_image","twitter_misc":{"Written by":"Frederic Hountondji","Est. reading time":"1 minute"},"schema":{"@context":"https:\/\/schema.org","@graph":[{"@type":"Article","@id":"https:\/\/tribune-express.ca\/en\/societe\/collecte-de-fonds-pour-une-banque-alimentaire\/#article","isPartOf":{"@id":"https:\/\/tribune-express.ca\/en\/societe\/collecte-de-fonds-pour-une-banque-alimentaire\/"},"author":{"name":"Frederic Hountondji","@id":"https:\/\/tribune-express.ca\/en\/#\/schema\/person\/1fdf634ca04edc92f3a64c81c93ea93b"},"headline":"Collecte de fonds pour une banque alimentaire","datePublished":"2023-07-16T10:52:22+00:00","dateModified":"2026-02-17T20:54:04+00:00","mainEntityOfPage":{"@id":"https:\/\/tribune-express.ca\/en\/societe\/collecte-de-fonds-pour-une-banque-alimentaire\/"},"wordCount":108,"image":{"@id":"https:\/\/tribune-express.ca\/en\/societe\/collecte-de-fonds-pour-une-banque-alimentaire\/#primaryimage"},"thumbnailUrl":"https:\/\/cdn.editionap.ca\/wp-content\/uploads\/sites\/3\/2023\/07\/Levee_Fonds_Grenville-photo-web.jpg","articleSection":["Soci\u00e9t\u00e9"],"inLanguage":"en-CA"},{"@type":"WebPage","@id":"https:\/\/tribune-express.ca\/en\/societe\/collecte-de-fonds-pour-une-banque-alimentaire\/","url":"https:\/\/tribune-express.ca\/en\/societe\/collecte-de-fonds-pour-une-banque-alimentaire\/","name":"Collecte de fonds pour une banque alimentaire - Tribune-Express","isPartOf":{"@id":"https:\/\/tribune-express.ca\/en\/#website"},"primaryImageOfPage":{"@id":"https:\/\/tribune-express.ca\/en\/societe\/collecte-de-fonds-pour-une-banque-alimentaire\/#primaryimage"},"image":{"@id":"https:\/\/tribune-express.ca\/en\/societe\/collecte-de-fonds-pour-une-banque-alimentaire\/#primaryimage"},"thumbnailUrl":"https:\/\/cdn.editionap.ca\/wp-content\/uploads\/sites\/3\/2023\/07\/Levee_Fonds_Grenville-photo-web.jpg","datePublished":"2023-07-16T10:52:22+00:00","dateModified":"2026-02-17T20:54:04+00:00","author":{"@id":"https:\/\/tribune-express.ca\/en\/#\/schema\/person\/1fdf634ca04edc92f3a64c81c93ea93b"},"breadcrumb":{"@id":"https:\/\/tribune-express.ca\/en\/societe\/collecte-de-fonds-pour-une-banque-alimentaire\/#breadcrumb"},"inLanguage":"en-CA","potentialAction":[{"@type":"ReadAction","target":["https:\/\/tribune-express.ca\/en\/societe\/collecte-de-fonds-pour-une-banque-alimentaire\/"]}]},{"@type":"ImageObject","inLanguage":"en-CA","@id":"https:\/\/tribune-express.ca\/en\/societe\/collecte-de-fonds-pour-une-banque-alimentaire\/#primaryimage","url":"https:\/\/cdn.editionap.ca\/wp-content\/uploads\/sites\/3\/2023\/07\/Levee_Fonds_Grenville-photo-web.jpg","contentUrl":"https:\/\/cdn.editionap.ca\/wp-content\/uploads\/sites\/3\/2023\/07\/Levee_Fonds_Grenville-photo-web.jpg","width":1200,"height":888,"caption":"Collecte de fonds pour les familles d\u00e9favoris\u00e9es- photo Fr\u00e9d\u00e9ric Hountondji"},{"@type":"BreadcrumbList","@id":"https:\/\/tribune-express.ca\/en\/societe\/collecte-de-fonds-pour-une-banque-alimentaire\/#breadcrumb","itemListElement":[{"@type":"ListItem","position":1,"name":"Accueil","item":"https:\/\/tribune-express.ca\/en\/"},{"@type":"ListItem","position":2,"name":"Collecte de fonds pour une banque alimentaire"}]},{"@type":"WebSite","@id":"https:\/\/tribune-express.ca\/en\/#website","url":"https:\/\/tribune-express.ca\/en\/","name":"Tribune-Express","description":"","potentialAction":[{"@type":"SearchAction","target":{"@type":"EntryPoint","urlTemplate":"https:\/\/tribune-express.ca\/en\/?s={search_term_string}"},"query-input":{"@type":"PropertyValueSpecification","valueRequired":true,"valueName":"search_term_string"}}],"inLanguage":"en-CA"},{"@type":"Person","@id":"https:\/\/tribune-express.ca\/en\/#\/schema\/person\/1fdf634ca04edc92f3a64c81c93ea93b","name":"Frederic Hountondji","image":{"@type":"ImageObject","inLanguage":"en-CA","@id":"https:\/\/secure.gravatar.com\/avatar\/69c842bf59ae1f3d8745e9531f2f94cd269651585be2e26d84ca44f0bd5ccebf?s=96&d=mm&r=g","url":"https:\/\/secure.gravatar.com\/avatar\/69c842bf59ae1f3d8745e9531f2f94cd269651585be2e26d84ca44f0bd5ccebf?s=96&d=mm&r=g","contentUrl":"https:\/\/secure.gravatar.com\/avatar\/69c842bf59ae1f3d8745e9531f2f94cd269651585be2e26d84ca44f0bd5ccebf?s=96&d=mm&r=g","caption":"Frederic Hountondji"}}]}},"_links":{"self":[{"href":"https:\/\/tribune-express.ca\/en\/wp-json\/wp\/v2\/posts\/96403","targetHints":{"allow":["GET"]}}],"collection":[{"href":"https:\/\/tribune-express.ca\/en\/wp-json\/wp\/v2\/posts"}],"about":[{"href":"https:\/\/tribune-express.ca\/en\/wp-json\/wp\/v2\/types\/post"}],"author":[{"embeddable":true,"href":"https:\/\/tribune-express.ca\/en\/wp-json\/wp\/v2\/users\/18"}],"replies":[{"embeddable":true,"href":"https:\/\/tribune-express.ca\/en\/wp-json\/wp\/v2\/comments?post=96403"}],"version-history":[{"count":1,"href":"https:\/\/tribune-express.ca\/en\/wp-json\/wp\/v2\/posts\/96403\/revisions"}],"predecessor-version":[{"id":133220,"href":"https:\/\/tribune-express.ca\/en\/wp-json\/wp\/v2\/posts\/96403\/revisions\/133220"}],"wp:featuredmedia":[{"embeddable":true,"href":"https:\/\/tribune-express.ca\/en\/wp-json\/wp\/v2\/media\/96404"}],"wp:attachment":[{"href":"https:\/\/tribune-express.ca\/en\/wp-json\/wp\/v2\/media?parent=96403"}],"wp:term":[{"taxonomy":"category","embeddable":true,"href":"https:\/\/tribune-express.ca\/en\/wp-json\/wp\/v2\/categories?post=96403"},{"taxonomy":"post_tag","embeddable":true,"href":"https:\/\/tribune-express.ca\/en\/wp-json\/wp\/v2\/tags?post=96403"}],"curies":[{"name":"wp","href":"https:\/\/api.w.org\/{rel}","templated":true}]}}