{"id":97029,"date":"2023-08-23T11:02:46","date_gmt":"2023-08-23T15:02:46","guid":{"rendered":"https:\/\/editionap.ca\/?p=97029"},"modified":"2026-02-17T21:53:32","modified_gmt":"2026-02-17T20:53:32","slug":"appel-aux-candidatures-pour-le-prix-j-p-st-pierre","status":"publish","type":"post","link":"https:\/\/tribune-express.ca\/en\/societe\/appel-aux-candidatures-pour-le-prix-j-p-st-pierre\/","title":{"rendered":"Appel aux candidatures pour le prix J.P.-St-Pierre"},"content":{"rendered":"<p><strong>Les nominations sont maintenant ouvertes pour le prix J.P. St-Pierre de cette ann\u00e9e.<\/strong><\/p>\n<p>Les Comt\u00e9s unis de Prescott-Russell (CUPR) ont lanc\u00e9 un appel de candidatures pour le prix J.P. St-Pierre 2023, nomm\u00e9 en m\u00e9moire de Jean-Paul St-Pierre, maire du canton de Russell et pr\u00e9sident des CUPR jusqu&#8217;\u00e0 son d\u00e9c\u00e8s en octobre 2014. Le programme de prix a \u00e9t\u00e9 lanc\u00e9 l&#8217;ann\u00e9e suivante.<\/p>\n<p>St-Pierre a v\u00e9cu dans le canton de Russell pendant plus de 40 ans et, durant cette p\u00e9riode, il a servi sa ville natale au sein du conseil municipal, \u00e0 la fois comme conseiller et plus tard comme maire. Il a \u00e9galement si\u00e9g\u00e9 au conseil de police du village de Russell. En 2014, alors qu&#8217;il \u00e9tait maire du canton, il a \u00e9galement \u00e9t\u00e9 pr\u00e9sident du Caucus des gardiens de l&#8217;Est de l&#8217;Ontario.<\/p>\n<p>Le prix J.P. St-Pierre reconna\u00eet le service communautaire exceptionnel d&#8217;un candidat et sa contribution \u00e0 l&#8217;am\u00e9lioration de la r\u00e9gion de Prescott-Russell.<\/p>\n<p>\u00abDe nombreux r\u00e9sidents de notre r\u00e9gion contribuent de fa\u00e7on significative \u00e0 la vitalit\u00e9 et \u00e0 la qualit\u00e9 de vie de notre communaut\u00e9, a d\u00e9clar\u00e9 Normand Riopel, maire du canton de Champlain et pr\u00e9sident actuel des CUPR. Il est extr\u00eamement important de les reconna\u00eetre pour leur engagement exceptionnel. Si vous connaissez quelqu&#8217;un qui s&#8217;est d\u00e9marqu\u00e9 par ses actions communautaires, nous vous invitons \u00e0 prendre quelques minutes pour proposer sa candidature \u00e0 ce prix prestigieux\u00bb.<\/p>\n<p>Les candidats au prix J.P. St-Pierre peuvent \u00eatre admissibles en raison de leur travail dans leur profession ou leur entreprise, de leur contribution aux arts et \u00e0 la culture de la r\u00e9gion, de leur travail de bienfaisance, de leurs efforts pour am\u00e9liorer la sant\u00e9, l&#8217;\u00e9ducation et les possibilit\u00e9s de loisirs dans Prescott-Russell, de leur d\u00e9vouement \u00e0 l&#8217;\u00e9gard de l&#8217;environnement et de la conservation, de leur excellence et de leur leadership dans le domaine des sports ou dans d&#8217;autres secteurs d&#8217;activit\u00e9.<\/p>\n<p>La date limite pour les mises en candidature est le 27 octobre \u00e0 16 h. Les mises en candidature peuvent \u00eatre soumises sur le site Web des CUPR, par courriel \u00e0 prix-jpstpierre@prescott-russell.on.ca. ou par t\u00e9l\u00e9phone aupr\u00e8s d&#8217;Olivier Berthiaume au 613-675-4661.<\/p>\n","protected":false},"excerpt":{"rendered":"<p>Les nominations sont maintenant ouvertes pour le prix J.P. St-Pierre de cette ann\u00e9e. Les Comt\u00e9s unis de Prescott-Russell (CUPR) ont lanc\u00e9 un appel de candidatures pour le prix J.P. St-Pierre 2023, nomm\u00e9 en m\u00e9moire de Jean-Paul St-Pierre, maire du canton de Russell et pr\u00e9sident des CUPR jusqu&#8217;\u00e0 son d\u00e9c\u00e8s en octobre 2014. Le programme de [&hellip;]<\/p>\n","protected":false},"author":21,"featured_media":97030,"comment_status":"closed","ping_status":"open","sticky":false,"template":"","format":"standard","meta":{"_acf_changed":false,"footnotes":""},"categories":[40],"tags":[],"class_list":["post-97029","post","type-post","status-publish","format-standard","has-post-thumbnail","hentry","category-societe"],"acf":[],"featured_media_global":[],"yoast_head":"<!-- This site is optimized with the Yoast SEO plugin v27.5 - https:\/\/yoast.com\/product\/yoast-seo-wordpress\/ -->\n<title>Appel aux candidatures pour le prix J.P.-St-Pierre - Tribune-Express<\/title>\n<meta name=\"robots\" content=\"index, follow, max-snippet:-1, max-image-preview:large, max-video-preview:-1\" \/>\n<link rel=\"canonical\" href=\"https:\/\/tribune-express.ca\/en\/societe\/appel-aux-candidatures-pour-le-prix-j-p-st-pierre\/\" \/>\n<meta property=\"og:locale\" content=\"en_US\" \/>\n<meta property=\"og:type\" content=\"article\" \/>\n<meta property=\"og:title\" content=\"Appel aux candidatures pour le prix J.P.-St-Pierre - Tribune-Express\" \/>\n<meta property=\"og:description\" content=\"Les nominations sont maintenant ouvertes pour le prix J.P. St-Pierre de cette ann\u00e9e. Les Comt\u00e9s unis de Prescott-Russell (CUPR) ont lanc\u00e9 un appel de candidatures pour le prix J.P. St-Pierre 2023, nomm\u00e9 en m\u00e9moire de Jean-Paul St-Pierre, maire du canton de Russell et pr\u00e9sident des CUPR jusqu&#8217;\u00e0 son d\u00e9c\u00e8s en octobre 2014. Le programme de [&hellip;]\" \/>\n<meta property=\"og:url\" content=\"https:\/\/tribune-express.ca\/en\/societe\/appel-aux-candidatures-pour-le-prix-j-p-st-pierre\/\" \/>\n<meta property=\"og:site_name\" content=\"Tribune-Express\" \/>\n<meta property=\"article:published_time\" content=\"2023-08-23T15:02:46+00:00\" \/>\n<meta property=\"article:modified_time\" content=\"2026-02-17T20:53:32+00:00\" \/>\n<meta property=\"og:image\" content=\"https:\/\/cdn.editionap.ca\/wp-content\/uploads\/sites\/3\/2023\/08\/Prix-JP-St.-Pierre-Award.jpg\" \/>\n\t<meta property=\"og:image:width\" content=\"1080\" \/>\n\t<meta property=\"og:image:height\" content=\"1080\" \/>\n\t<meta property=\"og:image:type\" content=\"image\/jpeg\" \/>\n<meta name=\"author\" content=\"Gregg Chamberlain\" \/>\n<meta name=\"twitter:card\" content=\"summary_large_image\" \/>\n<meta name=\"twitter:label1\" content=\"Written by\" \/>\n\t<meta name=\"twitter:data1\" content=\"Gregg Chamberlain\" \/>\n\t<meta name=\"twitter:label2\" content=\"Est. reading time\" \/>\n\t<meta name=\"twitter:data2\" content=\"2 minutes\" \/>\n<script type=\"application\/ld+json\" class=\"yoast-schema-graph\">{\"@context\":\"https:\\\/\\\/schema.org\",\"@graph\":[{\"@type\":\"Article\",\"@id\":\"https:\\\/\\\/tribune-express.ca\\\/en\\\/societe\\\/appel-aux-candidatures-pour-le-prix-j-p-st-pierre\\\/#article\",\"isPartOf\":{\"@id\":\"https:\\\/\\\/tribune-express.ca\\\/en\\\/societe\\\/appel-aux-candidatures-pour-le-prix-j-p-st-pierre\\\/\"},\"author\":{\"name\":\"Gregg Chamberlain\",\"@id\":\"https:\\\/\\\/tribune-express.ca\\\/en\\\/#\\\/schema\\\/person\\\/c03784f36585a6d796cecef66b57dda4\"},\"headline\":\"Appel aux candidatures pour le prix J.P.-St-Pierre\",\"datePublished\":\"2023-08-23T15:02:46+00:00\",\"dateModified\":\"2026-02-17T20:53:32+00:00\",\"mainEntityOfPage\":{\"@id\":\"https:\\\/\\\/tribune-express.ca\\\/en\\\/societe\\\/appel-aux-candidatures-pour-le-prix-j-p-st-pierre\\\/\"},\"wordCount\":390,\"image\":{\"@id\":\"https:\\\/\\\/tribune-express.ca\\\/en\\\/societe\\\/appel-aux-candidatures-pour-le-prix-j-p-st-pierre\\\/#primaryimage\"},\"thumbnailUrl\":\"https:\\\/\\\/cdn.editionap.ca\\\/wp-content\\\/uploads\\\/sites\\\/3\\\/2023\\\/08\\\/Prix-JP-St.-Pierre-Award.jpg\",\"articleSection\":[\"Soci\u00e9t\u00e9\"],\"inLanguage\":\"en-CA\"},{\"@type\":\"WebPage\",\"@id\":\"https:\\\/\\\/tribune-express.ca\\\/en\\\/societe\\\/appel-aux-candidatures-pour-le-prix-j-p-st-pierre\\\/\",\"url\":\"https:\\\/\\\/tribune-express.ca\\\/en\\\/societe\\\/appel-aux-candidatures-pour-le-prix-j-p-st-pierre\\\/\",\"name\":\"Appel aux candidatures pour le prix J.P.-St-Pierre - Tribune-Express\",\"isPartOf\":{\"@id\":\"https:\\\/\\\/tribune-express.ca\\\/en\\\/#website\"},\"primaryImageOfPage\":{\"@id\":\"https:\\\/\\\/tribune-express.ca\\\/en\\\/societe\\\/appel-aux-candidatures-pour-le-prix-j-p-st-pierre\\\/#primaryimage\"},\"image\":{\"@id\":\"https:\\\/\\\/tribune-express.ca\\\/en\\\/societe\\\/appel-aux-candidatures-pour-le-prix-j-p-st-pierre\\\/#primaryimage\"},\"thumbnailUrl\":\"https:\\\/\\\/cdn.editionap.ca\\\/wp-content\\\/uploads\\\/sites\\\/3\\\/2023\\\/08\\\/Prix-JP-St.-Pierre-Award.jpg\",\"datePublished\":\"2023-08-23T15:02:46+00:00\",\"dateModified\":\"2026-02-17T20:53:32+00:00\",\"author\":{\"@id\":\"https:\\\/\\\/tribune-express.ca\\\/en\\\/#\\\/schema\\\/person\\\/c03784f36585a6d796cecef66b57dda4\"},\"breadcrumb\":{\"@id\":\"https:\\\/\\\/tribune-express.ca\\\/en\\\/societe\\\/appel-aux-candidatures-pour-le-prix-j-p-st-pierre\\\/#breadcrumb\"},\"inLanguage\":\"en-CA\",\"potentialAction\":[{\"@type\":\"ReadAction\",\"target\":[\"https:\\\/\\\/tribune-express.ca\\\/en\\\/societe\\\/appel-aux-candidatures-pour-le-prix-j-p-st-pierre\\\/\"]}]},{\"@type\":\"ImageObject\",\"inLanguage\":\"en-CA\",\"@id\":\"https:\\\/\\\/tribune-express.ca\\\/en\\\/societe\\\/appel-aux-candidatures-pour-le-prix-j-p-st-pierre\\\/#primaryimage\",\"url\":\"https:\\\/\\\/cdn.editionap.ca\\\/wp-content\\\/uploads\\\/sites\\\/3\\\/2023\\\/08\\\/Prix-JP-St.-Pierre-Award.jpg\",\"contentUrl\":\"https:\\\/\\\/cdn.editionap.ca\\\/wp-content\\\/uploads\\\/sites\\\/3\\\/2023\\\/08\\\/Prix-JP-St.-Pierre-Award.jpg\",\"width\":1080,\"height\":1080,\"caption\":\"Les nominations sont ouvertes pour le prix J.P. St-Pierre. Ce prix annuel, nomm\u00e9 \u00e0 la m\u00e9moire de Jean-Paul St-Pierre, reconnu pour son esprit communautaire et son d\u00e9vouement durant sa vie en tant que maire du canton de Russell et gardien des comt\u00e9s, honore les personnes de Prescott-Russell qui font preuve d'un d\u00e9vouement semblable au service communautaire et \u00e0 l'am\u00e9lioration de la r\u00e9gion.\"},{\"@type\":\"BreadcrumbList\",\"@id\":\"https:\\\/\\\/tribune-express.ca\\\/en\\\/societe\\\/appel-aux-candidatures-pour-le-prix-j-p-st-pierre\\\/#breadcrumb\",\"itemListElement\":[{\"@type\":\"ListItem\",\"position\":1,\"name\":\"Accueil\",\"item\":\"https:\\\/\\\/tribune-express.ca\\\/en\\\/\"},{\"@type\":\"ListItem\",\"position\":2,\"name\":\"Appel aux candidatures pour le prix J.P.-St-Pierre\"}]},{\"@type\":\"WebSite\",\"@id\":\"https:\\\/\\\/tribune-express.ca\\\/en\\\/#website\",\"url\":\"https:\\\/\\\/tribune-express.ca\\\/en\\\/\",\"name\":\"Tribune-Express\",\"description\":\"\",\"potentialAction\":[{\"@type\":\"SearchAction\",\"target\":{\"@type\":\"EntryPoint\",\"urlTemplate\":\"https:\\\/\\\/tribune-express.ca\\\/en\\\/?s={search_term_string}\"},\"query-input\":{\"@type\":\"PropertyValueSpecification\",\"valueRequired\":true,\"valueName\":\"search_term_string\"}}],\"inLanguage\":\"en-CA\"},{\"@type\":\"Person\",\"@id\":\"https:\\\/\\\/tribune-express.ca\\\/en\\\/#\\\/schema\\\/person\\\/c03784f36585a6d796cecef66b57dda4\",\"name\":\"Gregg Chamberlain\",\"image\":{\"@type\":\"ImageObject\",\"inLanguage\":\"en-CA\",\"@id\":\"https:\\\/\\\/secure.gravatar.com\\\/avatar\\\/366c870ac357116b852c4c9f2c9889005f8ebfab44da2136a5234c0f7b9c8565?s=96&d=mm&r=g\",\"url\":\"https:\\\/\\\/secure.gravatar.com\\\/avatar\\\/366c870ac357116b852c4c9f2c9889005f8ebfab44da2136a5234c0f7b9c8565?s=96&d=mm&r=g\",\"contentUrl\":\"https:\\\/\\\/secure.gravatar.com\\\/avatar\\\/366c870ac357116b852c4c9f2c9889005f8ebfab44da2136a5234c0f7b9c8565?s=96&d=mm&r=g\",\"caption\":\"Gregg Chamberlain\"}}]}<\/script>\n<!-- \/ Yoast SEO plugin. -->","yoast_head_json":{"title":"Appel aux candidatures pour le prix J.P.-St-Pierre - Tribune-Express","robots":{"index":"index","follow":"follow","max-snippet":"max-snippet:-1","max-image-preview":"max-image-preview:large","max-video-preview":"max-video-preview:-1"},"canonical":"https:\/\/tribune-express.ca\/en\/societe\/appel-aux-candidatures-pour-le-prix-j-p-st-pierre\/","og_locale":"en_US","og_type":"article","og_title":"Appel aux candidatures pour le prix J.P.-St-Pierre - Tribune-Express","og_description":"Les nominations sont maintenant ouvertes pour le prix J.P. St-Pierre de cette ann\u00e9e. Les Comt\u00e9s unis de Prescott-Russell (CUPR) ont lanc\u00e9 un appel de candidatures pour le prix J.P. St-Pierre 2023, nomm\u00e9 en m\u00e9moire de Jean-Paul St-Pierre, maire du canton de Russell et pr\u00e9sident des CUPR jusqu&#8217;\u00e0 son d\u00e9c\u00e8s en octobre 2014. Le programme de [&hellip;]","og_url":"https:\/\/tribune-express.ca\/en\/societe\/appel-aux-candidatures-pour-le-prix-j-p-st-pierre\/","og_site_name":"Tribune-Express","article_published_time":"2023-08-23T15:02:46+00:00","article_modified_time":"2026-02-17T20:53:32+00:00","og_image":[{"width":1080,"height":1080,"url":"https:\/\/cdn.editionap.ca\/wp-content\/uploads\/sites\/3\/2023\/08\/Prix-JP-St.-Pierre-Award.jpg","type":"image\/jpeg"}],"author":"Gregg Chamberlain","twitter_card":"summary_large_image","twitter_misc":{"Written by":"Gregg Chamberlain","Est. reading time":"2 minutes"},"schema":{"@context":"https:\/\/schema.org","@graph":[{"@type":"Article","@id":"https:\/\/tribune-express.ca\/en\/societe\/appel-aux-candidatures-pour-le-prix-j-p-st-pierre\/#article","isPartOf":{"@id":"https:\/\/tribune-express.ca\/en\/societe\/appel-aux-candidatures-pour-le-prix-j-p-st-pierre\/"},"author":{"name":"Gregg Chamberlain","@id":"https:\/\/tribune-express.ca\/en\/#\/schema\/person\/c03784f36585a6d796cecef66b57dda4"},"headline":"Appel aux candidatures pour le prix J.P.-St-Pierre","datePublished":"2023-08-23T15:02:46+00:00","dateModified":"2026-02-17T20:53:32+00:00","mainEntityOfPage":{"@id":"https:\/\/tribune-express.ca\/en\/societe\/appel-aux-candidatures-pour-le-prix-j-p-st-pierre\/"},"wordCount":390,"image":{"@id":"https:\/\/tribune-express.ca\/en\/societe\/appel-aux-candidatures-pour-le-prix-j-p-st-pierre\/#primaryimage"},"thumbnailUrl":"https:\/\/cdn.editionap.ca\/wp-content\/uploads\/sites\/3\/2023\/08\/Prix-JP-St.-Pierre-Award.jpg","articleSection":["Soci\u00e9t\u00e9"],"inLanguage":"en-CA"},{"@type":"WebPage","@id":"https:\/\/tribune-express.ca\/en\/societe\/appel-aux-candidatures-pour-le-prix-j-p-st-pierre\/","url":"https:\/\/tribune-express.ca\/en\/societe\/appel-aux-candidatures-pour-le-prix-j-p-st-pierre\/","name":"Appel aux candidatures pour le prix J.P.-St-Pierre - Tribune-Express","isPartOf":{"@id":"https:\/\/tribune-express.ca\/en\/#website"},"primaryImageOfPage":{"@id":"https:\/\/tribune-express.ca\/en\/societe\/appel-aux-candidatures-pour-le-prix-j-p-st-pierre\/#primaryimage"},"image":{"@id":"https:\/\/tribune-express.ca\/en\/societe\/appel-aux-candidatures-pour-le-prix-j-p-st-pierre\/#primaryimage"},"thumbnailUrl":"https:\/\/cdn.editionap.ca\/wp-content\/uploads\/sites\/3\/2023\/08\/Prix-JP-St.-Pierre-Award.jpg","datePublished":"2023-08-23T15:02:46+00:00","dateModified":"2026-02-17T20:53:32+00:00","author":{"@id":"https:\/\/tribune-express.ca\/en\/#\/schema\/person\/c03784f36585a6d796cecef66b57dda4"},"breadcrumb":{"@id":"https:\/\/tribune-express.ca\/en\/societe\/appel-aux-candidatures-pour-le-prix-j-p-st-pierre\/#breadcrumb"},"inLanguage":"en-CA","potentialAction":[{"@type":"ReadAction","target":["https:\/\/tribune-express.ca\/en\/societe\/appel-aux-candidatures-pour-le-prix-j-p-st-pierre\/"]}]},{"@type":"ImageObject","inLanguage":"en-CA","@id":"https:\/\/tribune-express.ca\/en\/societe\/appel-aux-candidatures-pour-le-prix-j-p-st-pierre\/#primaryimage","url":"https:\/\/cdn.editionap.ca\/wp-content\/uploads\/sites\/3\/2023\/08\/Prix-JP-St.-Pierre-Award.jpg","contentUrl":"https:\/\/cdn.editionap.ca\/wp-content\/uploads\/sites\/3\/2023\/08\/Prix-JP-St.-Pierre-Award.jpg","width":1080,"height":1080,"caption":"Les nominations sont ouvertes pour le prix J.P. St-Pierre. Ce prix annuel, nomm\u00e9 \u00e0 la m\u00e9moire de Jean-Paul St-Pierre, reconnu pour son esprit communautaire et son d\u00e9vouement durant sa vie en tant que maire du canton de Russell et gardien des comt\u00e9s, honore les personnes de Prescott-Russell qui font preuve d'un d\u00e9vouement semblable au service communautaire et \u00e0 l'am\u00e9lioration de la r\u00e9gion."},{"@type":"BreadcrumbList","@id":"https:\/\/tribune-express.ca\/en\/societe\/appel-aux-candidatures-pour-le-prix-j-p-st-pierre\/#breadcrumb","itemListElement":[{"@type":"ListItem","position":1,"name":"Accueil","item":"https:\/\/tribune-express.ca\/en\/"},{"@type":"ListItem","position":2,"name":"Appel aux candidatures pour le prix J.P.-St-Pierre"}]},{"@type":"WebSite","@id":"https:\/\/tribune-express.ca\/en\/#website","url":"https:\/\/tribune-express.ca\/en\/","name":"Tribune-Express","description":"","potentialAction":[{"@type":"SearchAction","target":{"@type":"EntryPoint","urlTemplate":"https:\/\/tribune-express.ca\/en\/?s={search_term_string}"},"query-input":{"@type":"PropertyValueSpecification","valueRequired":true,"valueName":"search_term_string"}}],"inLanguage":"en-CA"},{"@type":"Person","@id":"https:\/\/tribune-express.ca\/en\/#\/schema\/person\/c03784f36585a6d796cecef66b57dda4","name":"Gregg Chamberlain","image":{"@type":"ImageObject","inLanguage":"en-CA","@id":"https:\/\/secure.gravatar.com\/avatar\/366c870ac357116b852c4c9f2c9889005f8ebfab44da2136a5234c0f7b9c8565?s=96&d=mm&r=g","url":"https:\/\/secure.gravatar.com\/avatar\/366c870ac357116b852c4c9f2c9889005f8ebfab44da2136a5234c0f7b9c8565?s=96&d=mm&r=g","contentUrl":"https:\/\/secure.gravatar.com\/avatar\/366c870ac357116b852c4c9f2c9889005f8ebfab44da2136a5234c0f7b9c8565?s=96&d=mm&r=g","caption":"Gregg Chamberlain"}}]}},"_links":{"self":[{"href":"https:\/\/tribune-express.ca\/en\/wp-json\/wp\/v2\/posts\/97029","targetHints":{"allow":["GET"]}}],"collection":[{"href":"https:\/\/tribune-express.ca\/en\/wp-json\/wp\/v2\/posts"}],"about":[{"href":"https:\/\/tribune-express.ca\/en\/wp-json\/wp\/v2\/types\/post"}],"author":[{"embeddable":true,"href":"https:\/\/tribune-express.ca\/en\/wp-json\/wp\/v2\/users\/21"}],"replies":[{"embeddable":true,"href":"https:\/\/tribune-express.ca\/en\/wp-json\/wp\/v2\/comments?post=97029"}],"version-history":[{"count":1,"href":"https:\/\/tribune-express.ca\/en\/wp-json\/wp\/v2\/posts\/97029\/revisions"}],"predecessor-version":[{"id":130284,"href":"https:\/\/tribune-express.ca\/en\/wp-json\/wp\/v2\/posts\/97029\/revisions\/130284"}],"wp:featuredmedia":[{"embeddable":true,"href":"https:\/\/tribune-express.ca\/en\/wp-json\/wp\/v2\/media\/97030"}],"wp:attachment":[{"href":"https:\/\/tribune-express.ca\/en\/wp-json\/wp\/v2\/media?parent=97029"}],"wp:term":[{"taxonomy":"category","embeddable":true,"href":"https:\/\/tribune-express.ca\/en\/wp-json\/wp\/v2\/categories?post=97029"},{"taxonomy":"post_tag","embeddable":true,"href":"https:\/\/tribune-express.ca\/en\/wp-json\/wp\/v2\/tags?post=97029"}],"curies":[{"name":"wp","href":"https:\/\/api.w.org\/{rel}","templated":true}]}}