{"id":97550,"date":"2023-09-27T11:31:59","date_gmt":"2023-09-27T15:31:59","guid":{"rendered":"https:\/\/editionap.ca\/?p=97550"},"modified":"2026-02-17T21:53:31","modified_gmt":"2026-02-17T20:53:31","slug":"une-belle-journee-pour-planter-des-arbres","status":"publish","type":"post","link":"https:\/\/tribune-express.ca\/en\/societe\/une-belle-journee-pour-planter-des-arbres\/","title":{"rendered":"Une belle journ\u00e9e pour planter des arbres"},"content":{"rendered":"<p><strong>Le dernier secteur du Bois\u00e9 Larocque, qui a \u00e9t\u00e9 endommag\u00e9 par les temp\u00eates de vent et de verglas de cette ann\u00e9e, a maintenant de nouveaux semis pour remplacer les arbres endommag\u00e9s et tomb\u00e9s.<\/strong><\/p>\n<p>Manon Besner, directrice des parcs et des loisirs du canton d&#8217;Alfred-Plantagenet, ainsi que G\u00e9nevi\u00e8ve Villeneuve et Danick Lamarche-Tardif, \u00e9tudiants d&#8217;une universit\u00e9 locale, ont pass\u00e9 leur samedi matin \u00e0 planter des semis d&#8217;arbres, dans le cadre d&#8217;un effort b\u00e9n\u00e9vole de restauration du bois\u00e9 communautaire local. Plus de deux douzaines de b\u00e9n\u00e9voles ont particip\u00e9 aux travaux de plantation d&#8217;arbres, n\u00e9cessaires pour r\u00e9parer plusieurs sections du Bois\u00e9 Larocque qui ont \u00e9t\u00e9 endommag\u00e9es plus t\u00f4t cette ann\u00e9e.<\/p>\n<p>\u00abNous avons de la chance d&#8217;avoir de si bons b\u00e9n\u00e9voles, a d\u00e9clar\u00e9 Mme Besner. Nous sommes tous fiers de faire cela.\u00bb<\/p>\n<p>Danick Lamarche-Tardif et Genevi\u00e8ve Villeneuve poursuivent tous deux leurs objectifs de carri\u00e8re postsecondaire \u00e0 l&#8217;Universit\u00e9 d&#8217;Ottawa. Genevi\u00e8ve suit le programme de biom\u00e9decine et envisage de devenir m\u00e9decin ou dentiste, tandis que Danick est inscrit \u00e0 l&#8217;\u00e9cole normale de l&#8217;universit\u00e9. Ils ont eu des r\u00e9ponses similaires lorsqu&#8217;on leur a demand\u00e9 pourquoi ils avaient choisi de passer leur samedi \u00e0 creuser des trous et \u00e0 planter des semis d&#8217;arbres.<\/p>\n<p>\u00abPour le plaisir\u00bb, a d\u00e9clar\u00e9 M. Lamarche-Tardif en souriant.<\/p>\n<p>\u00abPour aider la communaut\u00e9\u00bb, a r\u00e9pondu Mme Villeneuve, \u00e9galement en souriant.<\/p>\n<p>\u00c0 la fin du printemps et au d\u00e9but de l&#8217;\u00e9t\u00e9, la municipalit\u00e9 a engag\u00e9 un entrepreneur pour enlever tous les arbres de plusieurs petites sections de la zone bois\u00e9e, qui avaient subi le plus de d\u00e9g\u00e2ts lors des temp\u00eates de glace et de vent. Le canton a re\u00e7u une aide financi\u00e8re de 300 000 $ de la part du gouvernement pour nettoyer le Bois\u00e9 Larocque, le parc Chesser et d&#8217;autres sites communautaires, qui avaient \u00e9t\u00e9 endommag\u00e9s par les temp\u00eates.<\/p>\n<p>Environ 50 000 $ de cette aide ont \u00e9t\u00e9 consacr\u00e9s \u00e0 la plantation d&#8217;arbres au Bois\u00e9 Larocque. Environ 2 500 plants \u00e0 croissance rapide ont \u00e9t\u00e9 plant\u00e9s, gr\u00e2ce aux efforts de b\u00e9n\u00e9voles locaux. La plupart des semis sont des conif\u00e8res, mais il y a aussi un m\u00e9lange de divers arbres \u00e0 feuilles caduques, comme le noyer noir et le cerisier, qui peuvent fournir des noix et des graines aux oiseaux et aux petits animaux comme les \u00e9cureuils.<\/p>\n","protected":false},"excerpt":{"rendered":"<p>Le dernier secteur du Bois\u00e9 Larocque, qui a \u00e9t\u00e9 endommag\u00e9 par les temp\u00eates de vent et de verglas de cette ann\u00e9e, a maintenant de nouveaux semis pour remplacer les arbres endommag\u00e9s et tomb\u00e9s. Manon Besner, directrice des parcs et des loisirs du canton d&#8217;Alfred-Plantagenet, ainsi que G\u00e9nevi\u00e8ve Villeneuve et Danick Lamarche-Tardif, \u00e9tudiants d&#8217;une universit\u00e9 locale, [&hellip;]<\/p>\n","protected":false},"author":21,"featured_media":97551,"comment_status":"closed","ping_status":"open","sticky":false,"template":"","format":"standard","meta":{"_acf_changed":false,"footnotes":""},"categories":[40],"tags":[],"class_list":["post-97550","post","type-post","status-publish","format-standard","has-post-thumbnail","hentry","category-societe"],"acf":[],"featured_media_global":[],"yoast_head":"<!-- This site is optimized with the Yoast SEO plugin v27.5 - https:\/\/yoast.com\/product\/yoast-seo-wordpress\/ -->\n<title>Une belle journ\u00e9e pour planter des arbres - Tribune-Express<\/title>\n<meta name=\"robots\" content=\"index, follow, max-snippet:-1, max-image-preview:large, max-video-preview:-1\" \/>\n<link rel=\"canonical\" href=\"https:\/\/tribune-express.ca\/en\/societe\/une-belle-journee-pour-planter-des-arbres\/\" \/>\n<meta property=\"og:locale\" content=\"en_US\" \/>\n<meta property=\"og:type\" content=\"article\" \/>\n<meta property=\"og:title\" content=\"Une belle journ\u00e9e pour planter des arbres - Tribune-Express\" \/>\n<meta property=\"og:description\" content=\"Le dernier secteur du Bois\u00e9 Larocque, qui a \u00e9t\u00e9 endommag\u00e9 par les temp\u00eates de vent et de verglas de cette ann\u00e9e, a maintenant de nouveaux semis pour remplacer les arbres endommag\u00e9s et tomb\u00e9s. Manon Besner, directrice des parcs et des loisirs du canton d&#8217;Alfred-Plantagenet, ainsi que G\u00e9nevi\u00e8ve Villeneuve et Danick Lamarche-Tardif, \u00e9tudiants d&#8217;une universit\u00e9 locale, [&hellip;]\" \/>\n<meta property=\"og:url\" content=\"https:\/\/tribune-express.ca\/en\/societe\/une-belle-journee-pour-planter-des-arbres\/\" \/>\n<meta property=\"og:site_name\" content=\"Tribune-Express\" \/>\n<meta property=\"article:published_time\" content=\"2023-09-27T15:31:59+00:00\" \/>\n<meta property=\"article:modified_time\" content=\"2026-02-17T20:53:31+00:00\" \/>\n<meta property=\"og:image\" content=\"https:\/\/cdn.editionap.ca\/wp-content\/uploads\/sites\/3\/2023\/09\/COLGC-treeplanting_Boise_Larocque-PHOTO-4-scaled-1.jpg\" \/>\n\t<meta property=\"og:image:width\" content=\"2560\" \/>\n\t<meta property=\"og:image:height\" content=\"1920\" \/>\n\t<meta property=\"og:image:type\" content=\"image\/jpeg\" \/>\n<meta name=\"author\" content=\"Gregg Chamberlain\" \/>\n<meta name=\"twitter:card\" content=\"summary_large_image\" \/>\n<meta name=\"twitter:label1\" content=\"Written by\" \/>\n\t<meta name=\"twitter:data1\" content=\"Gregg Chamberlain\" \/>\n\t<meta name=\"twitter:label2\" content=\"Est. reading time\" \/>\n\t<meta name=\"twitter:data2\" content=\"2 minutes\" \/>\n<script type=\"application\/ld+json\" class=\"yoast-schema-graph\">{\"@context\":\"https:\\\/\\\/schema.org\",\"@graph\":[{\"@type\":\"Article\",\"@id\":\"https:\\\/\\\/tribune-express.ca\\\/en\\\/societe\\\/une-belle-journee-pour-planter-des-arbres\\\/#article\",\"isPartOf\":{\"@id\":\"https:\\\/\\\/tribune-express.ca\\\/en\\\/societe\\\/une-belle-journee-pour-planter-des-arbres\\\/\"},\"author\":{\"name\":\"Gregg Chamberlain\",\"@id\":\"https:\\\/\\\/tribune-express.ca\\\/en\\\/#\\\/schema\\\/person\\\/c03784f36585a6d796cecef66b57dda4\"},\"headline\":\"Une belle journ\u00e9e pour planter des arbres\",\"datePublished\":\"2023-09-27T15:31:59+00:00\",\"dateModified\":\"2026-02-17T20:53:31+00:00\",\"mainEntityOfPage\":{\"@id\":\"https:\\\/\\\/tribune-express.ca\\\/en\\\/societe\\\/une-belle-journee-pour-planter-des-arbres\\\/\"},\"wordCount\":418,\"image\":{\"@id\":\"https:\\\/\\\/tribune-express.ca\\\/en\\\/societe\\\/une-belle-journee-pour-planter-des-arbres\\\/#primaryimage\"},\"thumbnailUrl\":\"https:\\\/\\\/cdn.editionap.ca\\\/wp-content\\\/uploads\\\/sites\\\/3\\\/2023\\\/09\\\/COLGC-treeplanting_Boise_Larocque-PHOTO-4-scaled-1.jpg\",\"articleSection\":[\"Soci\u00e9t\u00e9\"],\"inLanguage\":\"en-CA\"},{\"@type\":\"WebPage\",\"@id\":\"https:\\\/\\\/tribune-express.ca\\\/en\\\/societe\\\/une-belle-journee-pour-planter-des-arbres\\\/\",\"url\":\"https:\\\/\\\/tribune-express.ca\\\/en\\\/societe\\\/une-belle-journee-pour-planter-des-arbres\\\/\",\"name\":\"Une belle journ\u00e9e pour planter des arbres - Tribune-Express\",\"isPartOf\":{\"@id\":\"https:\\\/\\\/tribune-express.ca\\\/en\\\/#website\"},\"primaryImageOfPage\":{\"@id\":\"https:\\\/\\\/tribune-express.ca\\\/en\\\/societe\\\/une-belle-journee-pour-planter-des-arbres\\\/#primaryimage\"},\"image\":{\"@id\":\"https:\\\/\\\/tribune-express.ca\\\/en\\\/societe\\\/une-belle-journee-pour-planter-des-arbres\\\/#primaryimage\"},\"thumbnailUrl\":\"https:\\\/\\\/cdn.editionap.ca\\\/wp-content\\\/uploads\\\/sites\\\/3\\\/2023\\\/09\\\/COLGC-treeplanting_Boise_Larocque-PHOTO-4-scaled-1.jpg\",\"datePublished\":\"2023-09-27T15:31:59+00:00\",\"dateModified\":\"2026-02-17T20:53:31+00:00\",\"author\":{\"@id\":\"https:\\\/\\\/tribune-express.ca\\\/en\\\/#\\\/schema\\\/person\\\/c03784f36585a6d796cecef66b57dda4\"},\"breadcrumb\":{\"@id\":\"https:\\\/\\\/tribune-express.ca\\\/en\\\/societe\\\/une-belle-journee-pour-planter-des-arbres\\\/#breadcrumb\"},\"inLanguage\":\"en-CA\",\"potentialAction\":[{\"@type\":\"ReadAction\",\"target\":[\"https:\\\/\\\/tribune-express.ca\\\/en\\\/societe\\\/une-belle-journee-pour-planter-des-arbres\\\/\"]}]},{\"@type\":\"ImageObject\",\"inLanguage\":\"en-CA\",\"@id\":\"https:\\\/\\\/tribune-express.ca\\\/en\\\/societe\\\/une-belle-journee-pour-planter-des-arbres\\\/#primaryimage\",\"url\":\"https:\\\/\\\/cdn.editionap.ca\\\/wp-content\\\/uploads\\\/sites\\\/3\\\/2023\\\/09\\\/COLGC-treeplanting_Boise_Larocque-PHOTO-4-scaled-1.jpg\",\"contentUrl\":\"https:\\\/\\\/cdn.editionap.ca\\\/wp-content\\\/uploads\\\/sites\\\/3\\\/2023\\\/09\\\/COLGC-treeplanting_Boise_Larocque-PHOTO-4-scaled-1.jpg\",\"width\":2560,\"height\":1920,\"caption\":\"Manon Besner (\u00e0 gauche), directrice des parcs et loisirs d'Alfred-Plantagenet, ainsi que G\u00e9nevi\u00e8ve Villeneuve et Danick Lamarche-Tardif, \u00e9tudiants d'une universit\u00e9 locale, ont pass\u00e9 leur samedi \u00e0 planter des semis d'arbres dans le Bois\u00e9 Larocque d'Alfred, pour remplacer les arbres endommag\u00e9s par les temp\u00eates de vent et de verglas plus t\u00f4t dans l'ann\u00e9e.\"},{\"@type\":\"BreadcrumbList\",\"@id\":\"https:\\\/\\\/tribune-express.ca\\\/en\\\/societe\\\/une-belle-journee-pour-planter-des-arbres\\\/#breadcrumb\",\"itemListElement\":[{\"@type\":\"ListItem\",\"position\":1,\"name\":\"Accueil\",\"item\":\"https:\\\/\\\/tribune-express.ca\\\/en\\\/\"},{\"@type\":\"ListItem\",\"position\":2,\"name\":\"Une belle journ\u00e9e pour planter des arbres\"}]},{\"@type\":\"WebSite\",\"@id\":\"https:\\\/\\\/tribune-express.ca\\\/en\\\/#website\",\"url\":\"https:\\\/\\\/tribune-express.ca\\\/en\\\/\",\"name\":\"Tribune-Express\",\"description\":\"\",\"potentialAction\":[{\"@type\":\"SearchAction\",\"target\":{\"@type\":\"EntryPoint\",\"urlTemplate\":\"https:\\\/\\\/tribune-express.ca\\\/en\\\/?s={search_term_string}\"},\"query-input\":{\"@type\":\"PropertyValueSpecification\",\"valueRequired\":true,\"valueName\":\"search_term_string\"}}],\"inLanguage\":\"en-CA\"},{\"@type\":\"Person\",\"@id\":\"https:\\\/\\\/tribune-express.ca\\\/en\\\/#\\\/schema\\\/person\\\/c03784f36585a6d796cecef66b57dda4\",\"name\":\"Gregg Chamberlain\",\"image\":{\"@type\":\"ImageObject\",\"inLanguage\":\"en-CA\",\"@id\":\"https:\\\/\\\/secure.gravatar.com\\\/avatar\\\/366c870ac357116b852c4c9f2c9889005f8ebfab44da2136a5234c0f7b9c8565?s=96&d=mm&r=g\",\"url\":\"https:\\\/\\\/secure.gravatar.com\\\/avatar\\\/366c870ac357116b852c4c9f2c9889005f8ebfab44da2136a5234c0f7b9c8565?s=96&d=mm&r=g\",\"contentUrl\":\"https:\\\/\\\/secure.gravatar.com\\\/avatar\\\/366c870ac357116b852c4c9f2c9889005f8ebfab44da2136a5234c0f7b9c8565?s=96&d=mm&r=g\",\"caption\":\"Gregg Chamberlain\"}}]}<\/script>\n<!-- \/ Yoast SEO plugin. -->","yoast_head_json":{"title":"Une belle journ\u00e9e pour planter des arbres - Tribune-Express","robots":{"index":"index","follow":"follow","max-snippet":"max-snippet:-1","max-image-preview":"max-image-preview:large","max-video-preview":"max-video-preview:-1"},"canonical":"https:\/\/tribune-express.ca\/en\/societe\/une-belle-journee-pour-planter-des-arbres\/","og_locale":"en_US","og_type":"article","og_title":"Une belle journ\u00e9e pour planter des arbres - Tribune-Express","og_description":"Le dernier secteur du Bois\u00e9 Larocque, qui a \u00e9t\u00e9 endommag\u00e9 par les temp\u00eates de vent et de verglas de cette ann\u00e9e, a maintenant de nouveaux semis pour remplacer les arbres endommag\u00e9s et tomb\u00e9s. Manon Besner, directrice des parcs et des loisirs du canton d&#8217;Alfred-Plantagenet, ainsi que G\u00e9nevi\u00e8ve Villeneuve et Danick Lamarche-Tardif, \u00e9tudiants d&#8217;une universit\u00e9 locale, [&hellip;]","og_url":"https:\/\/tribune-express.ca\/en\/societe\/une-belle-journee-pour-planter-des-arbres\/","og_site_name":"Tribune-Express","article_published_time":"2023-09-27T15:31:59+00:00","article_modified_time":"2026-02-17T20:53:31+00:00","og_image":[{"width":2560,"height":1920,"url":"https:\/\/cdn.editionap.ca\/wp-content\/uploads\/sites\/3\/2023\/09\/COLGC-treeplanting_Boise_Larocque-PHOTO-4-scaled-1.jpg","type":"image\/jpeg"}],"author":"Gregg Chamberlain","twitter_card":"summary_large_image","twitter_misc":{"Written by":"Gregg Chamberlain","Est. reading time":"2 minutes"},"schema":{"@context":"https:\/\/schema.org","@graph":[{"@type":"Article","@id":"https:\/\/tribune-express.ca\/en\/societe\/une-belle-journee-pour-planter-des-arbres\/#article","isPartOf":{"@id":"https:\/\/tribune-express.ca\/en\/societe\/une-belle-journee-pour-planter-des-arbres\/"},"author":{"name":"Gregg Chamberlain","@id":"https:\/\/tribune-express.ca\/en\/#\/schema\/person\/c03784f36585a6d796cecef66b57dda4"},"headline":"Une belle journ\u00e9e pour planter des arbres","datePublished":"2023-09-27T15:31:59+00:00","dateModified":"2026-02-17T20:53:31+00:00","mainEntityOfPage":{"@id":"https:\/\/tribune-express.ca\/en\/societe\/une-belle-journee-pour-planter-des-arbres\/"},"wordCount":418,"image":{"@id":"https:\/\/tribune-express.ca\/en\/societe\/une-belle-journee-pour-planter-des-arbres\/#primaryimage"},"thumbnailUrl":"https:\/\/cdn.editionap.ca\/wp-content\/uploads\/sites\/3\/2023\/09\/COLGC-treeplanting_Boise_Larocque-PHOTO-4-scaled-1.jpg","articleSection":["Soci\u00e9t\u00e9"],"inLanguage":"en-CA"},{"@type":"WebPage","@id":"https:\/\/tribune-express.ca\/en\/societe\/une-belle-journee-pour-planter-des-arbres\/","url":"https:\/\/tribune-express.ca\/en\/societe\/une-belle-journee-pour-planter-des-arbres\/","name":"Une belle journ\u00e9e pour planter des arbres - Tribune-Express","isPartOf":{"@id":"https:\/\/tribune-express.ca\/en\/#website"},"primaryImageOfPage":{"@id":"https:\/\/tribune-express.ca\/en\/societe\/une-belle-journee-pour-planter-des-arbres\/#primaryimage"},"image":{"@id":"https:\/\/tribune-express.ca\/en\/societe\/une-belle-journee-pour-planter-des-arbres\/#primaryimage"},"thumbnailUrl":"https:\/\/cdn.editionap.ca\/wp-content\/uploads\/sites\/3\/2023\/09\/COLGC-treeplanting_Boise_Larocque-PHOTO-4-scaled-1.jpg","datePublished":"2023-09-27T15:31:59+00:00","dateModified":"2026-02-17T20:53:31+00:00","author":{"@id":"https:\/\/tribune-express.ca\/en\/#\/schema\/person\/c03784f36585a6d796cecef66b57dda4"},"breadcrumb":{"@id":"https:\/\/tribune-express.ca\/en\/societe\/une-belle-journee-pour-planter-des-arbres\/#breadcrumb"},"inLanguage":"en-CA","potentialAction":[{"@type":"ReadAction","target":["https:\/\/tribune-express.ca\/en\/societe\/une-belle-journee-pour-planter-des-arbres\/"]}]},{"@type":"ImageObject","inLanguage":"en-CA","@id":"https:\/\/tribune-express.ca\/en\/societe\/une-belle-journee-pour-planter-des-arbres\/#primaryimage","url":"https:\/\/cdn.editionap.ca\/wp-content\/uploads\/sites\/3\/2023\/09\/COLGC-treeplanting_Boise_Larocque-PHOTO-4-scaled-1.jpg","contentUrl":"https:\/\/cdn.editionap.ca\/wp-content\/uploads\/sites\/3\/2023\/09\/COLGC-treeplanting_Boise_Larocque-PHOTO-4-scaled-1.jpg","width":2560,"height":1920,"caption":"Manon Besner (\u00e0 gauche), directrice des parcs et loisirs d'Alfred-Plantagenet, ainsi que G\u00e9nevi\u00e8ve Villeneuve et Danick Lamarche-Tardif, \u00e9tudiants d'une universit\u00e9 locale, ont pass\u00e9 leur samedi \u00e0 planter des semis d'arbres dans le Bois\u00e9 Larocque d'Alfred, pour remplacer les arbres endommag\u00e9s par les temp\u00eates de vent et de verglas plus t\u00f4t dans l'ann\u00e9e."},{"@type":"BreadcrumbList","@id":"https:\/\/tribune-express.ca\/en\/societe\/une-belle-journee-pour-planter-des-arbres\/#breadcrumb","itemListElement":[{"@type":"ListItem","position":1,"name":"Accueil","item":"https:\/\/tribune-express.ca\/en\/"},{"@type":"ListItem","position":2,"name":"Une belle journ\u00e9e pour planter des arbres"}]},{"@type":"WebSite","@id":"https:\/\/tribune-express.ca\/en\/#website","url":"https:\/\/tribune-express.ca\/en\/","name":"Tribune-Express","description":"","potentialAction":[{"@type":"SearchAction","target":{"@type":"EntryPoint","urlTemplate":"https:\/\/tribune-express.ca\/en\/?s={search_term_string}"},"query-input":{"@type":"PropertyValueSpecification","valueRequired":true,"valueName":"search_term_string"}}],"inLanguage":"en-CA"},{"@type":"Person","@id":"https:\/\/tribune-express.ca\/en\/#\/schema\/person\/c03784f36585a6d796cecef66b57dda4","name":"Gregg Chamberlain","image":{"@type":"ImageObject","inLanguage":"en-CA","@id":"https:\/\/secure.gravatar.com\/avatar\/366c870ac357116b852c4c9f2c9889005f8ebfab44da2136a5234c0f7b9c8565?s=96&d=mm&r=g","url":"https:\/\/secure.gravatar.com\/avatar\/366c870ac357116b852c4c9f2c9889005f8ebfab44da2136a5234c0f7b9c8565?s=96&d=mm&r=g","contentUrl":"https:\/\/secure.gravatar.com\/avatar\/366c870ac357116b852c4c9f2c9889005f8ebfab44da2136a5234c0f7b9c8565?s=96&d=mm&r=g","caption":"Gregg Chamberlain"}}]}},"_links":{"self":[{"href":"https:\/\/tribune-express.ca\/en\/wp-json\/wp\/v2\/posts\/97550","targetHints":{"allow":["GET"]}}],"collection":[{"href":"https:\/\/tribune-express.ca\/en\/wp-json\/wp\/v2\/posts"}],"about":[{"href":"https:\/\/tribune-express.ca\/en\/wp-json\/wp\/v2\/types\/post"}],"author":[{"embeddable":true,"href":"https:\/\/tribune-express.ca\/en\/wp-json\/wp\/v2\/users\/21"}],"replies":[{"embeddable":true,"href":"https:\/\/tribune-express.ca\/en\/wp-json\/wp\/v2\/comments?post=97550"}],"version-history":[{"count":1,"href":"https:\/\/tribune-express.ca\/en\/wp-json\/wp\/v2\/posts\/97550\/revisions"}],"predecessor-version":[{"id":133179,"href":"https:\/\/tribune-express.ca\/en\/wp-json\/wp\/v2\/posts\/97550\/revisions\/133179"}],"wp:featuredmedia":[{"embeddable":true,"href":"https:\/\/tribune-express.ca\/en\/wp-json\/wp\/v2\/media\/97551"}],"wp:attachment":[{"href":"https:\/\/tribune-express.ca\/en\/wp-json\/wp\/v2\/media?parent=97550"}],"wp:term":[{"taxonomy":"category","embeddable":true,"href":"https:\/\/tribune-express.ca\/en\/wp-json\/wp\/v2\/categories?post=97550"},{"taxonomy":"post_tag","embeddable":true,"href":"https:\/\/tribune-express.ca\/en\/wp-json\/wp\/v2\/tags?post=97550"}],"curies":[{"name":"wp","href":"https:\/\/api.w.org\/{rel}","templated":true}]}}