{"id":97868,"date":"2023-10-18T09:43:09","date_gmt":"2023-10-18T13:43:09","guid":{"rendered":"https:\/\/editionap.ca\/?p=97868"},"modified":"2026-02-17T21:53:30","modified_gmt":"2026-02-17T20:53:30","slug":"nouvelle-campagne-de-collecte-de-fonds-pour-la-maison-interlude-house","status":"publish","type":"post","link":"https:\/\/tribune-express.ca\/en\/societe\/nouvelle-campagne-de-collecte-de-fonds-pour-la-maison-interlude-house\/","title":{"rendered":"Nouvelle campagne de collecte de fonds pour la Maison Interlude House"},"content":{"rendered":"<p><strong>La Maison Interlude a confirm\u00e9 la tenue d&#8217;une nouvelle campagne de financement cette ann\u00e9e.<\/strong><\/p>\n<p>Au cours des derni\u00e8res ann\u00e9es, l&#8217;organisme r\u00e9gional sans but lucratif a organis\u00e9 une vente de poinsettias avant la saison de No\u00ebl afin de recueillir des fonds pour soutenir le programme de refuge pour femmes et d&#8217;autres services de soutien pour les femmes et les enfants de la r\u00e9gion de Prescott-Russell qui sont aux prises avec des situations de violence \u00e0 la maison.<\/p>\n<p>Cette ann\u00e9e, l&#8217;agence organisera une soir\u00e9e b\u00e9n\u00e9fice le 6 d\u00e9cembre, Journ\u00e9e nationale de comm\u00e9moration et d&#8217;action contre la violence faite aux femmes.<\/p>\n<p>Le 6 d\u00e9cembre est le jour de la tuerie de Montr\u00e9al, lorsque Marc L\u00e9pine s&#8217;est rendu \u00e0 l&#8217;\u00c9cole polytechnique de l&#8217;Universit\u00e9 de Montr\u00e9al et a abattu neuf femmes, tuant six d&#8217;entre elles et en blessant trois autres, tout en criant que les femmes \u00e9taient des f\u00e9ministes et qu&#8217;il d\u00e9testait les f\u00e9ministes. Depuis, chaque ann\u00e9e, les drapeaux du Canada sont mis en berne pour rappeler cette trag\u00e9die et promettre d&#8217;emp\u00eacher qu&#8217;un tel \u00e9v\u00e9nement ne se reproduise.Cette soir\u00e9e sp\u00e9ciale marquera \u00e9galement le 40<sup>e<\/sup> anniversaire de la Maison Interlude House (MIH) et de son travail d&#8217;h\u00e9bergement des femmes et des enfants qui tentent d&#8217;\u00e9chapper \u00e0 des situations de violence domestique, ainsi que de ses services de soutien aux femmes victimes d&#8217;abus.<\/p>\n<p>\u00abAujourd&#8217;hui, en plus d&#8217;accueillir les femmes et les personnes \u00e0 leur charge dans son refuge, a d\u00e9clar\u00e9 Muriel Lalonde, directrice ex\u00e9cutive de la MIH, la MIH offre des services de proximit\u00e9 dans les cinq comt\u00e9s, en acc\u00e9dant \u00e0 ses services par l&#8217;interm\u00e9diaire de ses bureaux satellites&#8221;. Chaque ann\u00e9e, MIH soutient plus de 500 femmes par le biais de ses services d&#8217;approche dans les comt\u00e9s de Prescott-Russell et de Stormont-Dundas-Glengarry.\u00bb<\/p>\n<p>Le projet de collecte de fonds de cette ann\u00e9e pour MIH est un d\u00eener-concert qui aura lieu le 6 d\u00e9cembre au pavillon Bonnie Glen d&#8217;Alexandria. Un concert choral de No\u00ebl par L&#8217;Orignal Chorale de l&#8217;amiti\u00e9 constituera le point fort de la soir\u00e9e. L&#8217;\u00e9v\u00e9nement comprendra \u00e9galement une vente aux ench\u00e8res silencieuse et une s\u00e9rie de tirages au sort.<\/p>\n<p>MIH organise \u00e9galement un tirage sp\u00e9cial dans le cadre de sa collecte de fonds cette ann\u00e9e. Un billet de 25 dollars offre une chance de gagner un ch\u00e8que-cadeau de 3 000 $ pour des vacances au choix du gagnant. Le deuxi\u00e8me prix est une paire de billets d&#8217;avion en classe \u00e9conomique pour n&#8217;importe quelle destination en Am\u00e9rique du Nord, y compris Hawa\u00ef, le Mexique et les Antilles.<\/p>\n<p>Les billets pour l&#8217;\u00e9v\u00e9nement co\u00fbtent 150 $ et les billets r\u00e9serv\u00e9s sont disponibles sur www.miin nterludeh.ca. Les personnes qui ne peuvent pas assister \u00e0 l&#8217;\u00e9v\u00e9nement mais qui souhaitent aider \u00e0 soutenir le MIH peuvent \u00e9galement s&#8217;engager \u00e0 faire un don sur le site web.<\/p>\n<p>Tous les fonds collect\u00e9s lors de la soir\u00e9e, du tirage au sort des billets et de tous les autres dons faits \u00e0 MIH par l&#8217;interm\u00e9diaire de son site web servent \u00e0 fournir des services non subventionn\u00e9s mais essentiels aux femmes et aux enfants qui sollicitent l&#8217;aide de l&#8217;agence. Ces services comprennent l&#8217;achat de nourriture, la garde d&#8217;enfants, le transport pour les rendez-vous m\u00e9dicaux ou autres, les cadeaux de No\u00ebl pour les personnes dans le besoin et l&#8217;aide financi\u00e8re d&#8217;urgence pour les personnes en situation de grande pr\u00e9carit\u00e9.<\/p>\n","protected":false},"excerpt":{"rendered":"<p>La Maison Interlude a confirm\u00e9 la tenue d&#8217;une nouvelle campagne de financement cette ann\u00e9e. Au cours des derni\u00e8res ann\u00e9es, l&#8217;organisme r\u00e9gional sans but lucratif a organis\u00e9 une vente de poinsettias avant la saison de No\u00ebl afin de recueillir des fonds pour soutenir le programme de refuge pour femmes et d&#8217;autres services de soutien pour les [&hellip;]<\/p>\n","protected":false},"author":21,"featured_media":97794,"comment_status":"closed","ping_status":"open","sticky":false,"template":"","format":"standard","meta":{"_acf_changed":false,"footnotes":""},"categories":[40],"tags":[],"class_list":["post-97868","post","type-post","status-publish","format-standard","has-post-thumbnail","hentry","category-societe"],"acf":[],"featured_media_global":[],"yoast_head":"<!-- This site is optimized with the Yoast SEO plugin v27.4 - https:\/\/yoast.com\/product\/yoast-seo-wordpress\/ -->\n<title>Nouvelle campagne de collecte de fonds pour la Maison Interlude House - Tribune-Express<\/title>\n<meta name=\"robots\" content=\"index, follow, max-snippet:-1, max-image-preview:large, max-video-preview:-1\" \/>\n<link rel=\"canonical\" href=\"https:\/\/tribune-express.ca\/en\/societe\/nouvelle-campagne-de-collecte-de-fonds-pour-la-maison-interlude-house\/\" \/>\n<meta property=\"og:locale\" content=\"en_US\" \/>\n<meta property=\"og:type\" content=\"article\" \/>\n<meta property=\"og:title\" content=\"Nouvelle campagne de collecte de fonds pour la Maison Interlude House - Tribune-Express\" \/>\n<meta property=\"og:description\" content=\"La Maison Interlude a confirm\u00e9 la tenue d&#8217;une nouvelle campagne de financement cette ann\u00e9e. Au cours des derni\u00e8res ann\u00e9es, l&#8217;organisme r\u00e9gional sans but lucratif a organis\u00e9 une vente de poinsettias avant la saison de No\u00ebl afin de recueillir des fonds pour soutenir le programme de refuge pour femmes et d&#8217;autres services de soutien pour les [&hellip;]\" \/>\n<meta property=\"og:url\" content=\"https:\/\/tribune-express.ca\/en\/societe\/nouvelle-campagne-de-collecte-de-fonds-pour-la-maison-interlude-house\/\" \/>\n<meta property=\"og:site_name\" content=\"Tribune-Express\" \/>\n<meta property=\"article:published_time\" content=\"2023-10-18T13:43:09+00:00\" \/>\n<meta property=\"article:modified_time\" content=\"2026-02-17T20:53:30+00:00\" \/>\n<meta property=\"og:image\" content=\"https:\/\/cdn.editionap.ca\/wp-content\/uploads\/sites\/3\/2023\/10\/COLGC-Maison_Interlude_fundraiser_project-scaled-1.jpg\" \/>\n\t<meta property=\"og:image:width\" content=\"2560\" \/>\n\t<meta property=\"og:image:height\" content=\"1440\" \/>\n\t<meta property=\"og:image:type\" content=\"image\/jpeg\" \/>\n<meta name=\"author\" content=\"Gregg Chamberlain\" \/>\n<meta name=\"twitter:card\" content=\"summary_large_image\" \/>\n<meta name=\"twitter:label1\" content=\"Written by\" \/>\n\t<meta name=\"twitter:data1\" content=\"Gregg Chamberlain\" \/>\n\t<meta name=\"twitter:label2\" content=\"Est. reading time\" \/>\n\t<meta name=\"twitter:data2\" content=\"3 minutes\" \/>\n<script type=\"application\/ld+json\" class=\"yoast-schema-graph\">{\"@context\":\"https:\\\/\\\/schema.org\",\"@graph\":[{\"@type\":\"Article\",\"@id\":\"https:\\\/\\\/tribune-express.ca\\\/en\\\/societe\\\/nouvelle-campagne-de-collecte-de-fonds-pour-la-maison-interlude-house\\\/#article\",\"isPartOf\":{\"@id\":\"https:\\\/\\\/tribune-express.ca\\\/en\\\/societe\\\/nouvelle-campagne-de-collecte-de-fonds-pour-la-maison-interlude-house\\\/\"},\"author\":{\"name\":\"Gregg Chamberlain\",\"@id\":\"https:\\\/\\\/tribune-express.ca\\\/en\\\/#\\\/schema\\\/person\\\/c03784f36585a6d796cecef66b57dda4\"},\"headline\":\"Nouvelle campagne de collecte de fonds pour la Maison Interlude House\",\"datePublished\":\"2023-10-18T13:43:09+00:00\",\"dateModified\":\"2026-02-17T20:53:30+00:00\",\"mainEntityOfPage\":{\"@id\":\"https:\\\/\\\/tribune-express.ca\\\/en\\\/societe\\\/nouvelle-campagne-de-collecte-de-fonds-pour-la-maison-interlude-house\\\/\"},\"wordCount\":629,\"image\":{\"@id\":\"https:\\\/\\\/tribune-express.ca\\\/en\\\/societe\\\/nouvelle-campagne-de-collecte-de-fonds-pour-la-maison-interlude-house\\\/#primaryimage\"},\"thumbnailUrl\":\"https:\\\/\\\/cdn.editionap.ca\\\/wp-content\\\/uploads\\\/sites\\\/3\\\/2023\\\/10\\\/COLGC-Maison_Interlude_fundraiser_project-scaled-1.jpg\",\"articleSection\":[\"Soci\u00e9t\u00e9\"],\"inLanguage\":\"en-CA\"},{\"@type\":\"WebPage\",\"@id\":\"https:\\\/\\\/tribune-express.ca\\\/en\\\/societe\\\/nouvelle-campagne-de-collecte-de-fonds-pour-la-maison-interlude-house\\\/\",\"url\":\"https:\\\/\\\/tribune-express.ca\\\/en\\\/societe\\\/nouvelle-campagne-de-collecte-de-fonds-pour-la-maison-interlude-house\\\/\",\"name\":\"Nouvelle campagne de collecte de fonds pour la Maison Interlude House - Tribune-Express\",\"isPartOf\":{\"@id\":\"https:\\\/\\\/tribune-express.ca\\\/en\\\/#website\"},\"primaryImageOfPage\":{\"@id\":\"https:\\\/\\\/tribune-express.ca\\\/en\\\/societe\\\/nouvelle-campagne-de-collecte-de-fonds-pour-la-maison-interlude-house\\\/#primaryimage\"},\"image\":{\"@id\":\"https:\\\/\\\/tribune-express.ca\\\/en\\\/societe\\\/nouvelle-campagne-de-collecte-de-fonds-pour-la-maison-interlude-house\\\/#primaryimage\"},\"thumbnailUrl\":\"https:\\\/\\\/cdn.editionap.ca\\\/wp-content\\\/uploads\\\/sites\\\/3\\\/2023\\\/10\\\/COLGC-Maison_Interlude_fundraiser_project-scaled-1.jpg\",\"datePublished\":\"2023-10-18T13:43:09+00:00\",\"dateModified\":\"2026-02-17T20:53:30+00:00\",\"author\":{\"@id\":\"https:\\\/\\\/tribune-express.ca\\\/en\\\/#\\\/schema\\\/person\\\/c03784f36585a6d796cecef66b57dda4\"},\"breadcrumb\":{\"@id\":\"https:\\\/\\\/tribune-express.ca\\\/en\\\/societe\\\/nouvelle-campagne-de-collecte-de-fonds-pour-la-maison-interlude-house\\\/#breadcrumb\"},\"inLanguage\":\"en-CA\",\"potentialAction\":[{\"@type\":\"ReadAction\",\"target\":[\"https:\\\/\\\/tribune-express.ca\\\/en\\\/societe\\\/nouvelle-campagne-de-collecte-de-fonds-pour-la-maison-interlude-house\\\/\"]}]},{\"@type\":\"ImageObject\",\"inLanguage\":\"en-CA\",\"@id\":\"https:\\\/\\\/tribune-express.ca\\\/en\\\/societe\\\/nouvelle-campagne-de-collecte-de-fonds-pour-la-maison-interlude-house\\\/#primaryimage\",\"url\":\"https:\\\/\\\/cdn.editionap.ca\\\/wp-content\\\/uploads\\\/sites\\\/3\\\/2023\\\/10\\\/COLGC-Maison_Interlude_fundraiser_project-scaled-1.jpg\",\"contentUrl\":\"https:\\\/\\\/cdn.editionap.ca\\\/wp-content\\\/uploads\\\/sites\\\/3\\\/2023\\\/10\\\/COLGC-Maison_Interlude_fundraiser_project-scaled-1.jpg\",\"width\":2560,\"height\":1440,\"caption\":\"Le personnel, les b\u00e9n\u00e9voles et les sympathisants de la Maison Interlude se r\u00e9unissent pour c\u00e9l\u00e9brer l'annonce d'une campagne de financement sp\u00e9ciale visant \u00e0 souligner le 40e anniversaire du groupe r\u00e9gional de services sociaux \u00e0 but non lucratif.\"},{\"@type\":\"BreadcrumbList\",\"@id\":\"https:\\\/\\\/tribune-express.ca\\\/en\\\/societe\\\/nouvelle-campagne-de-collecte-de-fonds-pour-la-maison-interlude-house\\\/#breadcrumb\",\"itemListElement\":[{\"@type\":\"ListItem\",\"position\":1,\"name\":\"Accueil\",\"item\":\"https:\\\/\\\/tribune-express.ca\\\/en\\\/\"},{\"@type\":\"ListItem\",\"position\":2,\"name\":\"Nouvelle campagne de collecte de fonds pour la Maison Interlude House\"}]},{\"@type\":\"WebSite\",\"@id\":\"https:\\\/\\\/tribune-express.ca\\\/en\\\/#website\",\"url\":\"https:\\\/\\\/tribune-express.ca\\\/en\\\/\",\"name\":\"Tribune-Express\",\"description\":\"\",\"potentialAction\":[{\"@type\":\"SearchAction\",\"target\":{\"@type\":\"EntryPoint\",\"urlTemplate\":\"https:\\\/\\\/tribune-express.ca\\\/en\\\/?s={search_term_string}\"},\"query-input\":{\"@type\":\"PropertyValueSpecification\",\"valueRequired\":true,\"valueName\":\"search_term_string\"}}],\"inLanguage\":\"en-CA\"},{\"@type\":\"Person\",\"@id\":\"https:\\\/\\\/tribune-express.ca\\\/en\\\/#\\\/schema\\\/person\\\/c03784f36585a6d796cecef66b57dda4\",\"name\":\"Gregg Chamberlain\",\"image\":{\"@type\":\"ImageObject\",\"inLanguage\":\"en-CA\",\"@id\":\"https:\\\/\\\/secure.gravatar.com\\\/avatar\\\/366c870ac357116b852c4c9f2c9889005f8ebfab44da2136a5234c0f7b9c8565?s=96&d=mm&r=g\",\"url\":\"https:\\\/\\\/secure.gravatar.com\\\/avatar\\\/366c870ac357116b852c4c9f2c9889005f8ebfab44da2136a5234c0f7b9c8565?s=96&d=mm&r=g\",\"contentUrl\":\"https:\\\/\\\/secure.gravatar.com\\\/avatar\\\/366c870ac357116b852c4c9f2c9889005f8ebfab44da2136a5234c0f7b9c8565?s=96&d=mm&r=g\",\"caption\":\"Gregg Chamberlain\"}}]}<\/script>\n<!-- \/ Yoast SEO plugin. -->","yoast_head_json":{"title":"Nouvelle campagne de collecte de fonds pour la Maison Interlude House - Tribune-Express","robots":{"index":"index","follow":"follow","max-snippet":"max-snippet:-1","max-image-preview":"max-image-preview:large","max-video-preview":"max-video-preview:-1"},"canonical":"https:\/\/tribune-express.ca\/en\/societe\/nouvelle-campagne-de-collecte-de-fonds-pour-la-maison-interlude-house\/","og_locale":"en_US","og_type":"article","og_title":"Nouvelle campagne de collecte de fonds pour la Maison Interlude House - Tribune-Express","og_description":"La Maison Interlude a confirm\u00e9 la tenue d&#8217;une nouvelle campagne de financement cette ann\u00e9e. Au cours des derni\u00e8res ann\u00e9es, l&#8217;organisme r\u00e9gional sans but lucratif a organis\u00e9 une vente de poinsettias avant la saison de No\u00ebl afin de recueillir des fonds pour soutenir le programme de refuge pour femmes et d&#8217;autres services de soutien pour les [&hellip;]","og_url":"https:\/\/tribune-express.ca\/en\/societe\/nouvelle-campagne-de-collecte-de-fonds-pour-la-maison-interlude-house\/","og_site_name":"Tribune-Express","article_published_time":"2023-10-18T13:43:09+00:00","article_modified_time":"2026-02-17T20:53:30+00:00","og_image":[{"width":2560,"height":1440,"url":"https:\/\/cdn.editionap.ca\/wp-content\/uploads\/sites\/3\/2023\/10\/COLGC-Maison_Interlude_fundraiser_project-scaled-1.jpg","type":"image\/jpeg"}],"author":"Gregg Chamberlain","twitter_card":"summary_large_image","twitter_misc":{"Written by":"Gregg Chamberlain","Est. reading time":"3 minutes"},"schema":{"@context":"https:\/\/schema.org","@graph":[{"@type":"Article","@id":"https:\/\/tribune-express.ca\/en\/societe\/nouvelle-campagne-de-collecte-de-fonds-pour-la-maison-interlude-house\/#article","isPartOf":{"@id":"https:\/\/tribune-express.ca\/en\/societe\/nouvelle-campagne-de-collecte-de-fonds-pour-la-maison-interlude-house\/"},"author":{"name":"Gregg Chamberlain","@id":"https:\/\/tribune-express.ca\/en\/#\/schema\/person\/c03784f36585a6d796cecef66b57dda4"},"headline":"Nouvelle campagne de collecte de fonds pour la Maison Interlude House","datePublished":"2023-10-18T13:43:09+00:00","dateModified":"2026-02-17T20:53:30+00:00","mainEntityOfPage":{"@id":"https:\/\/tribune-express.ca\/en\/societe\/nouvelle-campagne-de-collecte-de-fonds-pour-la-maison-interlude-house\/"},"wordCount":629,"image":{"@id":"https:\/\/tribune-express.ca\/en\/societe\/nouvelle-campagne-de-collecte-de-fonds-pour-la-maison-interlude-house\/#primaryimage"},"thumbnailUrl":"https:\/\/cdn.editionap.ca\/wp-content\/uploads\/sites\/3\/2023\/10\/COLGC-Maison_Interlude_fundraiser_project-scaled-1.jpg","articleSection":["Soci\u00e9t\u00e9"],"inLanguage":"en-CA"},{"@type":"WebPage","@id":"https:\/\/tribune-express.ca\/en\/societe\/nouvelle-campagne-de-collecte-de-fonds-pour-la-maison-interlude-house\/","url":"https:\/\/tribune-express.ca\/en\/societe\/nouvelle-campagne-de-collecte-de-fonds-pour-la-maison-interlude-house\/","name":"Nouvelle campagne de collecte de fonds pour la Maison Interlude House - Tribune-Express","isPartOf":{"@id":"https:\/\/tribune-express.ca\/en\/#website"},"primaryImageOfPage":{"@id":"https:\/\/tribune-express.ca\/en\/societe\/nouvelle-campagne-de-collecte-de-fonds-pour-la-maison-interlude-house\/#primaryimage"},"image":{"@id":"https:\/\/tribune-express.ca\/en\/societe\/nouvelle-campagne-de-collecte-de-fonds-pour-la-maison-interlude-house\/#primaryimage"},"thumbnailUrl":"https:\/\/cdn.editionap.ca\/wp-content\/uploads\/sites\/3\/2023\/10\/COLGC-Maison_Interlude_fundraiser_project-scaled-1.jpg","datePublished":"2023-10-18T13:43:09+00:00","dateModified":"2026-02-17T20:53:30+00:00","author":{"@id":"https:\/\/tribune-express.ca\/en\/#\/schema\/person\/c03784f36585a6d796cecef66b57dda4"},"breadcrumb":{"@id":"https:\/\/tribune-express.ca\/en\/societe\/nouvelle-campagne-de-collecte-de-fonds-pour-la-maison-interlude-house\/#breadcrumb"},"inLanguage":"en-CA","potentialAction":[{"@type":"ReadAction","target":["https:\/\/tribune-express.ca\/en\/societe\/nouvelle-campagne-de-collecte-de-fonds-pour-la-maison-interlude-house\/"]}]},{"@type":"ImageObject","inLanguage":"en-CA","@id":"https:\/\/tribune-express.ca\/en\/societe\/nouvelle-campagne-de-collecte-de-fonds-pour-la-maison-interlude-house\/#primaryimage","url":"https:\/\/cdn.editionap.ca\/wp-content\/uploads\/sites\/3\/2023\/10\/COLGC-Maison_Interlude_fundraiser_project-scaled-1.jpg","contentUrl":"https:\/\/cdn.editionap.ca\/wp-content\/uploads\/sites\/3\/2023\/10\/COLGC-Maison_Interlude_fundraiser_project-scaled-1.jpg","width":2560,"height":1440,"caption":"Le personnel, les b\u00e9n\u00e9voles et les sympathisants de la Maison Interlude se r\u00e9unissent pour c\u00e9l\u00e9brer l'annonce d'une campagne de financement sp\u00e9ciale visant \u00e0 souligner le 40e anniversaire du groupe r\u00e9gional de services sociaux \u00e0 but non lucratif."},{"@type":"BreadcrumbList","@id":"https:\/\/tribune-express.ca\/en\/societe\/nouvelle-campagne-de-collecte-de-fonds-pour-la-maison-interlude-house\/#breadcrumb","itemListElement":[{"@type":"ListItem","position":1,"name":"Accueil","item":"https:\/\/tribune-express.ca\/en\/"},{"@type":"ListItem","position":2,"name":"Nouvelle campagne de collecte de fonds pour la Maison Interlude House"}]},{"@type":"WebSite","@id":"https:\/\/tribune-express.ca\/en\/#website","url":"https:\/\/tribune-express.ca\/en\/","name":"Tribune-Express","description":"","potentialAction":[{"@type":"SearchAction","target":{"@type":"EntryPoint","urlTemplate":"https:\/\/tribune-express.ca\/en\/?s={search_term_string}"},"query-input":{"@type":"PropertyValueSpecification","valueRequired":true,"valueName":"search_term_string"}}],"inLanguage":"en-CA"},{"@type":"Person","@id":"https:\/\/tribune-express.ca\/en\/#\/schema\/person\/c03784f36585a6d796cecef66b57dda4","name":"Gregg Chamberlain","image":{"@type":"ImageObject","inLanguage":"en-CA","@id":"https:\/\/secure.gravatar.com\/avatar\/366c870ac357116b852c4c9f2c9889005f8ebfab44da2136a5234c0f7b9c8565?s=96&d=mm&r=g","url":"https:\/\/secure.gravatar.com\/avatar\/366c870ac357116b852c4c9f2c9889005f8ebfab44da2136a5234c0f7b9c8565?s=96&d=mm&r=g","contentUrl":"https:\/\/secure.gravatar.com\/avatar\/366c870ac357116b852c4c9f2c9889005f8ebfab44da2136a5234c0f7b9c8565?s=96&d=mm&r=g","caption":"Gregg Chamberlain"}}]}},"_links":{"self":[{"href":"https:\/\/tribune-express.ca\/en\/wp-json\/wp\/v2\/posts\/97868","targetHints":{"allow":["GET"]}}],"collection":[{"href":"https:\/\/tribune-express.ca\/en\/wp-json\/wp\/v2\/posts"}],"about":[{"href":"https:\/\/tribune-express.ca\/en\/wp-json\/wp\/v2\/types\/post"}],"author":[{"embeddable":true,"href":"https:\/\/tribune-express.ca\/en\/wp-json\/wp\/v2\/users\/21"}],"replies":[{"embeddable":true,"href":"https:\/\/tribune-express.ca\/en\/wp-json\/wp\/v2\/comments?post=97868"}],"version-history":[{"count":1,"href":"https:\/\/tribune-express.ca\/en\/wp-json\/wp\/v2\/posts\/97868\/revisions"}],"predecessor-version":[{"id":133168,"href":"https:\/\/tribune-express.ca\/en\/wp-json\/wp\/v2\/posts\/97868\/revisions\/133168"}],"wp:featuredmedia":[{"embeddable":true,"href":"https:\/\/tribune-express.ca\/en\/wp-json\/wp\/v2\/media\/97794"}],"wp:attachment":[{"href":"https:\/\/tribune-express.ca\/en\/wp-json\/wp\/v2\/media?parent=97868"}],"wp:term":[{"taxonomy":"category","embeddable":true,"href":"https:\/\/tribune-express.ca\/en\/wp-json\/wp\/v2\/categories?post=97868"},{"taxonomy":"post_tag","embeddable":true,"href":"https:\/\/tribune-express.ca\/en\/wp-json\/wp\/v2\/tags?post=97868"}],"curies":[{"name":"wp","href":"https:\/\/api.w.org\/{rel}","templated":true}]}}