{"id":97987,"date":"2023-10-25T14:41:50","date_gmt":"2023-10-25T18:41:50","guid":{"rendered":"https:\/\/editionap.ca\/?p=97987"},"modified":"2026-02-17T21:53:30","modified_gmt":"2026-02-17T20:53:30","slug":"lancement-de-la-campagne-habits-de-neige-2023","status":"publish","type":"post","link":"https:\/\/tribune-express.ca\/en\/societe\/lancement-de-la-campagne-habits-de-neige-2023\/","title":{"rendered":"Lancement de la campagne Habits de Neige 2023"},"content":{"rendered":"<p><strong>Les derniers jours chauds de l&#8217;automne sont presque termin\u00e9s et les vents froids de novembre vont bient\u00f4t suivre. C&#8217;est le signal du lancement de la campagne Habits de Neige de cette ann\u00e9e.<\/strong><\/p>\n<p>Deux agences locales de services sociaux unissent \u00e0 nouveau leurs forces pour s&#8217;assurer que chaque enfant de Hawkesbury et des environs soit habill\u00e9 chaudement pour sortir et jouer pendant l&#8217;hiver.<\/p>\n<p>La Maison de la famille de Hawkesbury et le Groupe Action pour l&#8217;enfant, la famille et la communaut\u00e9 de Prescott-Russell entament leur 17e campagne annuelle Habits de neige, afin de fournir des habits de neige aux familles dans le besoin ayant des nourrissons et des enfants entre l&#8217;\u00e2ge de 1 et 12 ans.<\/p>\n<p>Le restaurant Carole organisera son petit-d\u00e9jeuner annuel de collecte de fonds pour le projet le 8 novembre, de 7 h 30 \u00e0 midi. Les personnes et les groupes qui souhaitent soutenir le projet peuvent \u00e9galement consulter le site web du Groupe Action \u00e0 l&#8217;adresse www.groupeaction.ca pour obtenir des informations sur la mani\u00e8re de faire un don.<\/p>\n<p>Les d\u00e9tails sur la date de distribution des habits de neige et la fa\u00e7on de s&#8217;inscrire pour en recevoir un sont \u00e9galement disponibles aupr\u00e8s de Groupe Action sur son site Web ou en t\u00e9l\u00e9phonant au 613-632-6959.<\/p>\n","protected":false},"excerpt":{"rendered":"<p>Les derniers jours chauds de l&#8217;automne sont presque termin\u00e9s et les vents froids de novembre vont bient\u00f4t suivre. C&#8217;est le signal du lancement de la campagne Habits de Neige de cette ann\u00e9e. Deux agences locales de services sociaux unissent \u00e0 nouveau leurs forces pour s&#8217;assurer que chaque enfant de Hawkesbury et des environs soit habill\u00e9 [&hellip;]<\/p>\n","protected":false},"author":21,"featured_media":97988,"comment_status":"closed","ping_status":"open","sticky":false,"template":"","format":"standard","meta":{"_acf_changed":false,"footnotes":""},"categories":[40],"tags":[],"class_list":["post-97987","post","type-post","status-publish","format-standard","has-post-thumbnail","hentry","category-societe"],"acf":[],"featured_media_global":[],"yoast_head":"<!-- This site is optimized with the Yoast SEO plugin v27.4 - https:\/\/yoast.com\/product\/yoast-seo-wordpress\/ -->\n<title>Lancement de la campagne Habits de Neige 2023 - Tribune-Express<\/title>\n<meta name=\"robots\" content=\"index, follow, max-snippet:-1, max-image-preview:large, max-video-preview:-1\" \/>\n<link rel=\"canonical\" href=\"https:\/\/tribune-express.ca\/en\/societe\/lancement-de-la-campagne-habits-de-neige-2023\/\" \/>\n<meta property=\"og:locale\" content=\"en_US\" \/>\n<meta property=\"og:type\" content=\"article\" \/>\n<meta property=\"og:title\" content=\"Lancement de la campagne Habits de Neige 2023 - Tribune-Express\" \/>\n<meta property=\"og:description\" content=\"Les derniers jours chauds de l&#8217;automne sont presque termin\u00e9s et les vents froids de novembre vont bient\u00f4t suivre. C&#8217;est le signal du lancement de la campagne Habits de Neige de cette ann\u00e9e. Deux agences locales de services sociaux unissent \u00e0 nouveau leurs forces pour s&#8217;assurer que chaque enfant de Hawkesbury et des environs soit habill\u00e9 [&hellip;]\" \/>\n<meta property=\"og:url\" content=\"https:\/\/tribune-express.ca\/en\/societe\/lancement-de-la-campagne-habits-de-neige-2023\/\" \/>\n<meta property=\"og:site_name\" content=\"Tribune-Express\" \/>\n<meta property=\"article:published_time\" content=\"2023-10-25T18:41:50+00:00\" \/>\n<meta property=\"article:modified_time\" content=\"2026-02-17T20:53:30+00:00\" \/>\n<meta property=\"og:image\" content=\"https:\/\/cdn.editionap.ca\/wp-content\/uploads\/sites\/3\/2023\/10\/COLGC-habits_neige_2023_Hawkesbury-PHOTO-1-scaled-1.jpg\" \/>\n\t<meta property=\"og:image:width\" content=\"2560\" \/>\n\t<meta property=\"og:image:height\" content=\"1920\" \/>\n\t<meta property=\"og:image:type\" content=\"image\/jpeg\" \/>\n<meta name=\"author\" content=\"Gregg Chamberlain\" \/>\n<meta name=\"twitter:card\" content=\"summary_large_image\" \/>\n<meta name=\"twitter:label1\" content=\"Written by\" \/>\n\t<meta name=\"twitter:data1\" content=\"Gregg Chamberlain\" \/>\n\t<meta name=\"twitter:label2\" content=\"Est. reading time\" \/>\n\t<meta name=\"twitter:data2\" content=\"2 minutes\" \/>\n<script type=\"application\/ld+json\" class=\"yoast-schema-graph\">{\"@context\":\"https:\\\/\\\/schema.org\",\"@graph\":[{\"@type\":\"Article\",\"@id\":\"https:\\\/\\\/tribune-express.ca\\\/en\\\/societe\\\/lancement-de-la-campagne-habits-de-neige-2023\\\/#article\",\"isPartOf\":{\"@id\":\"https:\\\/\\\/tribune-express.ca\\\/en\\\/societe\\\/lancement-de-la-campagne-habits-de-neige-2023\\\/\"},\"author\":{\"name\":\"Gregg Chamberlain\",\"@id\":\"https:\\\/\\\/tribune-express.ca\\\/en\\\/#\\\/schema\\\/person\\\/c03784f36585a6d796cecef66b57dda4\"},\"headline\":\"Lancement de la campagne Habits de Neige 2023\",\"datePublished\":\"2023-10-25T18:41:50+00:00\",\"dateModified\":\"2026-02-17T20:53:30+00:00\",\"mainEntityOfPage\":{\"@id\":\"https:\\\/\\\/tribune-express.ca\\\/en\\\/societe\\\/lancement-de-la-campagne-habits-de-neige-2023\\\/\"},\"wordCount\":227,\"image\":{\"@id\":\"https:\\\/\\\/tribune-express.ca\\\/en\\\/societe\\\/lancement-de-la-campagne-habits-de-neige-2023\\\/#primaryimage\"},\"thumbnailUrl\":\"https:\\\/\\\/cdn.editionap.ca\\\/wp-content\\\/uploads\\\/sites\\\/3\\\/2023\\\/10\\\/COLGC-habits_neige_2023_Hawkesbury-PHOTO-1-scaled-1.jpg\",\"articleSection\":[\"Soci\u00e9t\u00e9\"],\"inLanguage\":\"en-CA\"},{\"@type\":\"WebPage\",\"@id\":\"https:\\\/\\\/tribune-express.ca\\\/en\\\/societe\\\/lancement-de-la-campagne-habits-de-neige-2023\\\/\",\"url\":\"https:\\\/\\\/tribune-express.ca\\\/en\\\/societe\\\/lancement-de-la-campagne-habits-de-neige-2023\\\/\",\"name\":\"Lancement de la campagne Habits de Neige 2023 - Tribune-Express\",\"isPartOf\":{\"@id\":\"https:\\\/\\\/tribune-express.ca\\\/en\\\/#website\"},\"primaryImageOfPage\":{\"@id\":\"https:\\\/\\\/tribune-express.ca\\\/en\\\/societe\\\/lancement-de-la-campagne-habits-de-neige-2023\\\/#primaryimage\"},\"image\":{\"@id\":\"https:\\\/\\\/tribune-express.ca\\\/en\\\/societe\\\/lancement-de-la-campagne-habits-de-neige-2023\\\/#primaryimage\"},\"thumbnailUrl\":\"https:\\\/\\\/cdn.editionap.ca\\\/wp-content\\\/uploads\\\/sites\\\/3\\\/2023\\\/10\\\/COLGC-habits_neige_2023_Hawkesbury-PHOTO-1-scaled-1.jpg\",\"datePublished\":\"2023-10-25T18:41:50+00:00\",\"dateModified\":\"2026-02-17T20:53:30+00:00\",\"author\":{\"@id\":\"https:\\\/\\\/tribune-express.ca\\\/en\\\/#\\\/schema\\\/person\\\/c03784f36585a6d796cecef66b57dda4\"},\"breadcrumb\":{\"@id\":\"https:\\\/\\\/tribune-express.ca\\\/en\\\/societe\\\/lancement-de-la-campagne-habits-de-neige-2023\\\/#breadcrumb\"},\"inLanguage\":\"en-CA\",\"potentialAction\":[{\"@type\":\"ReadAction\",\"target\":[\"https:\\\/\\\/tribune-express.ca\\\/en\\\/societe\\\/lancement-de-la-campagne-habits-de-neige-2023\\\/\"]}]},{\"@type\":\"ImageObject\",\"inLanguage\":\"en-CA\",\"@id\":\"https:\\\/\\\/tribune-express.ca\\\/en\\\/societe\\\/lancement-de-la-campagne-habits-de-neige-2023\\\/#primaryimage\",\"url\":\"https:\\\/\\\/cdn.editionap.ca\\\/wp-content\\\/uploads\\\/sites\\\/3\\\/2023\\\/10\\\/COLGC-habits_neige_2023_Hawkesbury-PHOTO-1-scaled-1.jpg\",\"contentUrl\":\"https:\\\/\\\/cdn.editionap.ca\\\/wp-content\\\/uploads\\\/sites\\\/3\\\/2023\\\/10\\\/COLGC-habits_neige_2023_Hawkesbury-PHOTO-1-scaled-1.jpg\",\"width\":2560,\"height\":1920,\"caption\":\"Nathalie Wolfe, une des personnes impliqu\u00e9es dans la campagne annuelle Habits de Neige, montre quelques habits de neige qui seront distribu\u00e9s, plus tard dans la saison, aux familles ayant de jeunes enfants qui ont besoin d'un v\u00eatement chaud pour pouvoir jouer dehors pendant l'hiver.\"},{\"@type\":\"BreadcrumbList\",\"@id\":\"https:\\\/\\\/tribune-express.ca\\\/en\\\/societe\\\/lancement-de-la-campagne-habits-de-neige-2023\\\/#breadcrumb\",\"itemListElement\":[{\"@type\":\"ListItem\",\"position\":1,\"name\":\"Accueil\",\"item\":\"https:\\\/\\\/tribune-express.ca\\\/en\\\/\"},{\"@type\":\"ListItem\",\"position\":2,\"name\":\"Lancement de la campagne Habits de Neige 2023\"}]},{\"@type\":\"WebSite\",\"@id\":\"https:\\\/\\\/tribune-express.ca\\\/en\\\/#website\",\"url\":\"https:\\\/\\\/tribune-express.ca\\\/en\\\/\",\"name\":\"Tribune-Express\",\"description\":\"\",\"potentialAction\":[{\"@type\":\"SearchAction\",\"target\":{\"@type\":\"EntryPoint\",\"urlTemplate\":\"https:\\\/\\\/tribune-express.ca\\\/en\\\/?s={search_term_string}\"},\"query-input\":{\"@type\":\"PropertyValueSpecification\",\"valueRequired\":true,\"valueName\":\"search_term_string\"}}],\"inLanguage\":\"en-CA\"},{\"@type\":\"Person\",\"@id\":\"https:\\\/\\\/tribune-express.ca\\\/en\\\/#\\\/schema\\\/person\\\/c03784f36585a6d796cecef66b57dda4\",\"name\":\"Gregg Chamberlain\",\"image\":{\"@type\":\"ImageObject\",\"inLanguage\":\"en-CA\",\"@id\":\"https:\\\/\\\/secure.gravatar.com\\\/avatar\\\/366c870ac357116b852c4c9f2c9889005f8ebfab44da2136a5234c0f7b9c8565?s=96&d=mm&r=g\",\"url\":\"https:\\\/\\\/secure.gravatar.com\\\/avatar\\\/366c870ac357116b852c4c9f2c9889005f8ebfab44da2136a5234c0f7b9c8565?s=96&d=mm&r=g\",\"contentUrl\":\"https:\\\/\\\/secure.gravatar.com\\\/avatar\\\/366c870ac357116b852c4c9f2c9889005f8ebfab44da2136a5234c0f7b9c8565?s=96&d=mm&r=g\",\"caption\":\"Gregg Chamberlain\"}}]}<\/script>\n<!-- \/ Yoast SEO plugin. -->","yoast_head_json":{"title":"Lancement de la campagne Habits de Neige 2023 - Tribune-Express","robots":{"index":"index","follow":"follow","max-snippet":"max-snippet:-1","max-image-preview":"max-image-preview:large","max-video-preview":"max-video-preview:-1"},"canonical":"https:\/\/tribune-express.ca\/en\/societe\/lancement-de-la-campagne-habits-de-neige-2023\/","og_locale":"en_US","og_type":"article","og_title":"Lancement de la campagne Habits de Neige 2023 - Tribune-Express","og_description":"Les derniers jours chauds de l&#8217;automne sont presque termin\u00e9s et les vents froids de novembre vont bient\u00f4t suivre. C&#8217;est le signal du lancement de la campagne Habits de Neige de cette ann\u00e9e. Deux agences locales de services sociaux unissent \u00e0 nouveau leurs forces pour s&#8217;assurer que chaque enfant de Hawkesbury et des environs soit habill\u00e9 [&hellip;]","og_url":"https:\/\/tribune-express.ca\/en\/societe\/lancement-de-la-campagne-habits-de-neige-2023\/","og_site_name":"Tribune-Express","article_published_time":"2023-10-25T18:41:50+00:00","article_modified_time":"2026-02-17T20:53:30+00:00","og_image":[{"width":2560,"height":1920,"url":"https:\/\/cdn.editionap.ca\/wp-content\/uploads\/sites\/3\/2023\/10\/COLGC-habits_neige_2023_Hawkesbury-PHOTO-1-scaled-1.jpg","type":"image\/jpeg"}],"author":"Gregg Chamberlain","twitter_card":"summary_large_image","twitter_misc":{"Written by":"Gregg Chamberlain","Est. reading time":"2 minutes"},"schema":{"@context":"https:\/\/schema.org","@graph":[{"@type":"Article","@id":"https:\/\/tribune-express.ca\/en\/societe\/lancement-de-la-campagne-habits-de-neige-2023\/#article","isPartOf":{"@id":"https:\/\/tribune-express.ca\/en\/societe\/lancement-de-la-campagne-habits-de-neige-2023\/"},"author":{"name":"Gregg Chamberlain","@id":"https:\/\/tribune-express.ca\/en\/#\/schema\/person\/c03784f36585a6d796cecef66b57dda4"},"headline":"Lancement de la campagne Habits de Neige 2023","datePublished":"2023-10-25T18:41:50+00:00","dateModified":"2026-02-17T20:53:30+00:00","mainEntityOfPage":{"@id":"https:\/\/tribune-express.ca\/en\/societe\/lancement-de-la-campagne-habits-de-neige-2023\/"},"wordCount":227,"image":{"@id":"https:\/\/tribune-express.ca\/en\/societe\/lancement-de-la-campagne-habits-de-neige-2023\/#primaryimage"},"thumbnailUrl":"https:\/\/cdn.editionap.ca\/wp-content\/uploads\/sites\/3\/2023\/10\/COLGC-habits_neige_2023_Hawkesbury-PHOTO-1-scaled-1.jpg","articleSection":["Soci\u00e9t\u00e9"],"inLanguage":"en-CA"},{"@type":"WebPage","@id":"https:\/\/tribune-express.ca\/en\/societe\/lancement-de-la-campagne-habits-de-neige-2023\/","url":"https:\/\/tribune-express.ca\/en\/societe\/lancement-de-la-campagne-habits-de-neige-2023\/","name":"Lancement de la campagne Habits de Neige 2023 - Tribune-Express","isPartOf":{"@id":"https:\/\/tribune-express.ca\/en\/#website"},"primaryImageOfPage":{"@id":"https:\/\/tribune-express.ca\/en\/societe\/lancement-de-la-campagne-habits-de-neige-2023\/#primaryimage"},"image":{"@id":"https:\/\/tribune-express.ca\/en\/societe\/lancement-de-la-campagne-habits-de-neige-2023\/#primaryimage"},"thumbnailUrl":"https:\/\/cdn.editionap.ca\/wp-content\/uploads\/sites\/3\/2023\/10\/COLGC-habits_neige_2023_Hawkesbury-PHOTO-1-scaled-1.jpg","datePublished":"2023-10-25T18:41:50+00:00","dateModified":"2026-02-17T20:53:30+00:00","author":{"@id":"https:\/\/tribune-express.ca\/en\/#\/schema\/person\/c03784f36585a6d796cecef66b57dda4"},"breadcrumb":{"@id":"https:\/\/tribune-express.ca\/en\/societe\/lancement-de-la-campagne-habits-de-neige-2023\/#breadcrumb"},"inLanguage":"en-CA","potentialAction":[{"@type":"ReadAction","target":["https:\/\/tribune-express.ca\/en\/societe\/lancement-de-la-campagne-habits-de-neige-2023\/"]}]},{"@type":"ImageObject","inLanguage":"en-CA","@id":"https:\/\/tribune-express.ca\/en\/societe\/lancement-de-la-campagne-habits-de-neige-2023\/#primaryimage","url":"https:\/\/cdn.editionap.ca\/wp-content\/uploads\/sites\/3\/2023\/10\/COLGC-habits_neige_2023_Hawkesbury-PHOTO-1-scaled-1.jpg","contentUrl":"https:\/\/cdn.editionap.ca\/wp-content\/uploads\/sites\/3\/2023\/10\/COLGC-habits_neige_2023_Hawkesbury-PHOTO-1-scaled-1.jpg","width":2560,"height":1920,"caption":"Nathalie Wolfe, une des personnes impliqu\u00e9es dans la campagne annuelle Habits de Neige, montre quelques habits de neige qui seront distribu\u00e9s, plus tard dans la saison, aux familles ayant de jeunes enfants qui ont besoin d'un v\u00eatement chaud pour pouvoir jouer dehors pendant l'hiver."},{"@type":"BreadcrumbList","@id":"https:\/\/tribune-express.ca\/en\/societe\/lancement-de-la-campagne-habits-de-neige-2023\/#breadcrumb","itemListElement":[{"@type":"ListItem","position":1,"name":"Accueil","item":"https:\/\/tribune-express.ca\/en\/"},{"@type":"ListItem","position":2,"name":"Lancement de la campagne Habits de Neige 2023"}]},{"@type":"WebSite","@id":"https:\/\/tribune-express.ca\/en\/#website","url":"https:\/\/tribune-express.ca\/en\/","name":"Tribune-Express","description":"","potentialAction":[{"@type":"SearchAction","target":{"@type":"EntryPoint","urlTemplate":"https:\/\/tribune-express.ca\/en\/?s={search_term_string}"},"query-input":{"@type":"PropertyValueSpecification","valueRequired":true,"valueName":"search_term_string"}}],"inLanguage":"en-CA"},{"@type":"Person","@id":"https:\/\/tribune-express.ca\/en\/#\/schema\/person\/c03784f36585a6d796cecef66b57dda4","name":"Gregg Chamberlain","image":{"@type":"ImageObject","inLanguage":"en-CA","@id":"https:\/\/secure.gravatar.com\/avatar\/366c870ac357116b852c4c9f2c9889005f8ebfab44da2136a5234c0f7b9c8565?s=96&d=mm&r=g","url":"https:\/\/secure.gravatar.com\/avatar\/366c870ac357116b852c4c9f2c9889005f8ebfab44da2136a5234c0f7b9c8565?s=96&d=mm&r=g","contentUrl":"https:\/\/secure.gravatar.com\/avatar\/366c870ac357116b852c4c9f2c9889005f8ebfab44da2136a5234c0f7b9c8565?s=96&d=mm&r=g","caption":"Gregg Chamberlain"}}]}},"_links":{"self":[{"href":"https:\/\/tribune-express.ca\/en\/wp-json\/wp\/v2\/posts\/97987","targetHints":{"allow":["GET"]}}],"collection":[{"href":"https:\/\/tribune-express.ca\/en\/wp-json\/wp\/v2\/posts"}],"about":[{"href":"https:\/\/tribune-express.ca\/en\/wp-json\/wp\/v2\/types\/post"}],"author":[{"embeddable":true,"href":"https:\/\/tribune-express.ca\/en\/wp-json\/wp\/v2\/users\/21"}],"replies":[{"embeddable":true,"href":"https:\/\/tribune-express.ca\/en\/wp-json\/wp\/v2\/comments?post=97987"}],"version-history":[{"count":1,"href":"https:\/\/tribune-express.ca\/en\/wp-json\/wp\/v2\/posts\/97987\/revisions"}],"predecessor-version":[{"id":133156,"href":"https:\/\/tribune-express.ca\/en\/wp-json\/wp\/v2\/posts\/97987\/revisions\/133156"}],"wp:featuredmedia":[{"embeddable":true,"href":"https:\/\/tribune-express.ca\/en\/wp-json\/wp\/v2\/media\/97988"}],"wp:attachment":[{"href":"https:\/\/tribune-express.ca\/en\/wp-json\/wp\/v2\/media?parent=97987"}],"wp:term":[{"taxonomy":"category","embeddable":true,"href":"https:\/\/tribune-express.ca\/en\/wp-json\/wp\/v2\/categories?post=97987"},{"taxonomy":"post_tag","embeddable":true,"href":"https:\/\/tribune-express.ca\/en\/wp-json\/wp\/v2\/tags?post=97987"}],"curies":[{"name":"wp","href":"https:\/\/api.w.org\/{rel}","templated":true}]}}