{"id":98309,"date":"2023-11-14T15:16:15","date_gmt":"2023-11-14T20:16:15","guid":{"rendered":"https:\/\/editionap.ca\/?p=98309"},"modified":"2026-02-17T21:53:29","modified_gmt":"2026-02-17T20:53:29","slug":"en-memoire-de-ceux-qui-ont-defendu-la-liberte","status":"publish","type":"post","link":"https:\/\/tribune-express.ca\/en\/societe\/en-memoire-de-ceux-qui-ont-defendu-la-liberte\/","title":{"rendered":"En m\u00e9moire de ceux qui ont d\u00e9fendu la libert\u00e9"},"content":{"rendered":"<p>Sous un ciel nuageux, samedi matin le 11 novembre, les r\u00e9sidents de Hawkesbury, de Hawkesbury-Est et d&#8217;autres communaut\u00e9s se sont rassembl\u00e9s au c\u00e9notaphe du boulevard Cartier pour la c\u00e9r\u00e9monie du jour du Souvenir.<\/p>\n<p>Juste avant le d\u00e9but de la c\u00e9r\u00e9monie, de minuscules flocons de neige ont vol\u00e9 au sol sous l&#8217;effet du vent. Une foule de 200 \u00e0 300 personnes s&#8217;est rassembl\u00e9e pour rendre hommage aux anciens combattants des guerres pass\u00e9es, vivants et morts, et pour se rappeler que la guerre demeure un fl\u00e9au dans le monde.<\/p>\n<p>\u00abNous prions pour la fin des guerres en Ukraine et en Isra\u00ebl, et pour une paix juste\u00bb, a d\u00e9clar\u00e9 l&#8217;aum\u00f4nier, le capitaine Rick Laurence, au cours d&#8217;une pri\u00e8re \u00e0 la m\u00e9moire des soldats canadiens, anciens et actuels, ceux qui ont apport\u00e9 leur soutien au pays et \u00e0 l&#8217;\u00e9tranger et pour les membres de l&#8217;arm\u00e9e canadienne, tant en temps de guerre que dans le cadre des activit\u00e9s de maintien de la paix men\u00e9es par le Canada en tant que membre des Nations unies.<\/p>\n<p>\u00abFaites de notre diversit\u00e9 un phare de lumi\u00e8re pour un monde en difficult\u00e9\u00bb, a d\u00e9clar\u00e9 l&#8217;aum\u00f4nier Laurence.<\/p>\n<p>Lors de la c\u00e9r\u00e9monie du jour du Souvenir de cette ann\u00e9e \u00e0 Hawkesbury, Sylvie Lormand, de Chute-\u00e0-Blondeau, a accompli le devoir de la M\u00e8re de la Croix d&#8217;argent, en d\u00e9posant une couronne sur le c\u00e9notaphe, pour repr\u00e9senter tous les parents qui ont perdu un enfant \u00e0 la guerre.<\/p>\n<p>Des dizaines et des dizaines de couronnes ont \u00e9t\u00e9 d\u00e9pos\u00e9es de tous les c\u00f4t\u00e9s du c\u00e9notaphe, repr\u00e9sentant les hommages des gouvernements f\u00e9d\u00e9ral, provincial et municipal, des entreprises locales, des districts scolaires, des clubs philanthropiques, des groupes communautaires, des organisations de jeunes et des particuliers.<\/p>\n<p>\u00c0 un moment donn\u00e9 de la c\u00e9r\u00e9monie, qui a dur\u00e9 une heure, la couverture nuageuse s&#8217;est dissip\u00e9e pour permettre aux rayons du soleil d&#8217;\u00e9clairer le c\u00e9notaphe pendant quelques minutes. \u00c0 la fin de la c\u00e9r\u00e9monie, de nombreux spectateurs se sont approch\u00e9s du c\u00e9notaphe en signe de respect silencieux.<\/p>\n","protected":false},"excerpt":{"rendered":"<p>Sous un ciel nuageux, samedi matin le 11 novembre, les r\u00e9sidents de Hawkesbury, de Hawkesbury-Est et d&#8217;autres communaut\u00e9s se sont rassembl\u00e9s au c\u00e9notaphe du boulevard Cartier pour la c\u00e9r\u00e9monie du jour du Souvenir. Juste avant le d\u00e9but de la c\u00e9r\u00e9monie, de minuscules flocons de neige ont vol\u00e9 au sol sous l&#8217;effet du vent. Une foule [&hellip;]<\/p>\n","protected":false},"author":21,"featured_media":98310,"comment_status":"closed","ping_status":"open","sticky":false,"template":"","format":"standard","meta":{"_acf_changed":false,"footnotes":""},"categories":[40],"tags":[],"class_list":["post-98309","post","type-post","status-publish","format-standard","has-post-thumbnail","hentry","category-societe"],"acf":[],"featured_media_global":[],"yoast_head":"<!-- This site is optimized with the Yoast SEO plugin v27.4 - https:\/\/yoast.com\/product\/yoast-seo-wordpress\/ -->\n<title>En m\u00e9moire de ceux qui ont d\u00e9fendu la libert\u00e9 - Tribune-Express<\/title>\n<meta name=\"robots\" content=\"index, follow, max-snippet:-1, max-image-preview:large, max-video-preview:-1\" \/>\n<link rel=\"canonical\" href=\"https:\/\/tribune-express.ca\/en\/societe\/en-memoire-de-ceux-qui-ont-defendu-la-liberte\/\" \/>\n<meta property=\"og:locale\" content=\"en_US\" \/>\n<meta property=\"og:type\" content=\"article\" \/>\n<meta property=\"og:title\" content=\"En m\u00e9moire de ceux qui ont d\u00e9fendu la libert\u00e9 - Tribune-Express\" \/>\n<meta property=\"og:description\" content=\"Sous un ciel nuageux, samedi matin le 11 novembre, les r\u00e9sidents de Hawkesbury, de Hawkesbury-Est et d&#8217;autres communaut\u00e9s se sont rassembl\u00e9s au c\u00e9notaphe du boulevard Cartier pour la c\u00e9r\u00e9monie du jour du Souvenir. Juste avant le d\u00e9but de la c\u00e9r\u00e9monie, de minuscules flocons de neige ont vol\u00e9 au sol sous l&#8217;effet du vent. Une foule [&hellip;]\" \/>\n<meta property=\"og:url\" content=\"https:\/\/tribune-express.ca\/en\/societe\/en-memoire-de-ceux-qui-ont-defendu-la-liberte\/\" \/>\n<meta property=\"og:site_name\" content=\"Tribune-Express\" \/>\n<meta property=\"article:published_time\" content=\"2023-11-14T20:16:15+00:00\" \/>\n<meta property=\"article:modified_time\" content=\"2026-02-17T20:53:29+00:00\" \/>\n<meta property=\"og:image\" content=\"https:\/\/cdn.editionap.ca\/wp-content\/uploads\/sites\/3\/2023\/11\/COLGC-Nov11_Hawkesbury-PHOTO-1-scaled-1.jpg\" \/>\n\t<meta property=\"og:image:width\" content=\"2560\" \/>\n\t<meta property=\"og:image:height\" content=\"1920\" \/>\n\t<meta property=\"og:image:type\" content=\"image\/jpeg\" \/>\n<meta name=\"author\" content=\"Gregg Chamberlain\" \/>\n<meta name=\"twitter:card\" content=\"summary_large_image\" \/>\n<meta name=\"twitter:label1\" content=\"Written by\" \/>\n\t<meta name=\"twitter:data1\" content=\"Gregg Chamberlain\" \/>\n\t<meta name=\"twitter:label2\" content=\"Est. reading time\" \/>\n\t<meta name=\"twitter:data2\" content=\"2 minutes\" \/>\n<script type=\"application\/ld+json\" class=\"yoast-schema-graph\">{\"@context\":\"https:\\\/\\\/schema.org\",\"@graph\":[{\"@type\":\"Article\",\"@id\":\"https:\\\/\\\/tribune-express.ca\\\/en\\\/societe\\\/en-memoire-de-ceux-qui-ont-defendu-la-liberte\\\/#article\",\"isPartOf\":{\"@id\":\"https:\\\/\\\/tribune-express.ca\\\/en\\\/societe\\\/en-memoire-de-ceux-qui-ont-defendu-la-liberte\\\/\"},\"author\":{\"name\":\"Gregg Chamberlain\",\"@id\":\"https:\\\/\\\/tribune-express.ca\\\/en\\\/#\\\/schema\\\/person\\\/c03784f36585a6d796cecef66b57dda4\"},\"headline\":\"En m\u00e9moire de ceux qui ont d\u00e9fendu la libert\u00e9\",\"datePublished\":\"2023-11-14T20:16:15+00:00\",\"dateModified\":\"2026-02-17T20:53:29+00:00\",\"mainEntityOfPage\":{\"@id\":\"https:\\\/\\\/tribune-express.ca\\\/en\\\/societe\\\/en-memoire-de-ceux-qui-ont-defendu-la-liberte\\\/\"},\"wordCount\":385,\"image\":{\"@id\":\"https:\\\/\\\/tribune-express.ca\\\/en\\\/societe\\\/en-memoire-de-ceux-qui-ont-defendu-la-liberte\\\/#primaryimage\"},\"thumbnailUrl\":\"https:\\\/\\\/cdn.editionap.ca\\\/wp-content\\\/uploads\\\/sites\\\/3\\\/2023\\\/11\\\/COLGC-Nov11_Hawkesbury-PHOTO-1-scaled-1.jpg\",\"articleSection\":[\"Soci\u00e9t\u00e9\"],\"inLanguage\":\"en-CA\"},{\"@type\":\"WebPage\",\"@id\":\"https:\\\/\\\/tribune-express.ca\\\/en\\\/societe\\\/en-memoire-de-ceux-qui-ont-defendu-la-liberte\\\/\",\"url\":\"https:\\\/\\\/tribune-express.ca\\\/en\\\/societe\\\/en-memoire-de-ceux-qui-ont-defendu-la-liberte\\\/\",\"name\":\"En m\u00e9moire de ceux qui ont d\u00e9fendu la libert\u00e9 - Tribune-Express\",\"isPartOf\":{\"@id\":\"https:\\\/\\\/tribune-express.ca\\\/en\\\/#website\"},\"primaryImageOfPage\":{\"@id\":\"https:\\\/\\\/tribune-express.ca\\\/en\\\/societe\\\/en-memoire-de-ceux-qui-ont-defendu-la-liberte\\\/#primaryimage\"},\"image\":{\"@id\":\"https:\\\/\\\/tribune-express.ca\\\/en\\\/societe\\\/en-memoire-de-ceux-qui-ont-defendu-la-liberte\\\/#primaryimage\"},\"thumbnailUrl\":\"https:\\\/\\\/cdn.editionap.ca\\\/wp-content\\\/uploads\\\/sites\\\/3\\\/2023\\\/11\\\/COLGC-Nov11_Hawkesbury-PHOTO-1-scaled-1.jpg\",\"datePublished\":\"2023-11-14T20:16:15+00:00\",\"dateModified\":\"2026-02-17T20:53:29+00:00\",\"author\":{\"@id\":\"https:\\\/\\\/tribune-express.ca\\\/en\\\/#\\\/schema\\\/person\\\/c03784f36585a6d796cecef66b57dda4\"},\"breadcrumb\":{\"@id\":\"https:\\\/\\\/tribune-express.ca\\\/en\\\/societe\\\/en-memoire-de-ceux-qui-ont-defendu-la-liberte\\\/#breadcrumb\"},\"inLanguage\":\"en-CA\",\"potentialAction\":[{\"@type\":\"ReadAction\",\"target\":[\"https:\\\/\\\/tribune-express.ca\\\/en\\\/societe\\\/en-memoire-de-ceux-qui-ont-defendu-la-liberte\\\/\"]}]},{\"@type\":\"ImageObject\",\"inLanguage\":\"en-CA\",\"@id\":\"https:\\\/\\\/tribune-express.ca\\\/en\\\/societe\\\/en-memoire-de-ceux-qui-ont-defendu-la-liberte\\\/#primaryimage\",\"url\":\"https:\\\/\\\/cdn.editionap.ca\\\/wp-content\\\/uploads\\\/sites\\\/3\\\/2023\\\/11\\\/COLGC-Nov11_Hawkesbury-PHOTO-1-scaled-1.jpg\",\"contentUrl\":\"https:\\\/\\\/cdn.editionap.ca\\\/wp-content\\\/uploads\\\/sites\\\/3\\\/2023\\\/11\\\/COLGC-Nov11_Hawkesbury-PHOTO-1-scaled-1.jpg\",\"width\":2560,\"height\":1920,\"caption\":\"Le 11 novembre, il est du devoir des adultes d'expliquer aux enfants la raison pour laquelle les gens se rassemblent devant des c\u00e9notaphes, comme celui de Hawkesbury, pour honorer les morts qui ont fait le sacrifice ultime pour assurer la libert\u00e9 des vivants.\"},{\"@type\":\"BreadcrumbList\",\"@id\":\"https:\\\/\\\/tribune-express.ca\\\/en\\\/societe\\\/en-memoire-de-ceux-qui-ont-defendu-la-liberte\\\/#breadcrumb\",\"itemListElement\":[{\"@type\":\"ListItem\",\"position\":1,\"name\":\"Accueil\",\"item\":\"https:\\\/\\\/tribune-express.ca\\\/en\\\/\"},{\"@type\":\"ListItem\",\"position\":2,\"name\":\"En m\u00e9moire de ceux qui ont d\u00e9fendu la libert\u00e9\"}]},{\"@type\":\"WebSite\",\"@id\":\"https:\\\/\\\/tribune-express.ca\\\/en\\\/#website\",\"url\":\"https:\\\/\\\/tribune-express.ca\\\/en\\\/\",\"name\":\"Tribune-Express\",\"description\":\"\",\"potentialAction\":[{\"@type\":\"SearchAction\",\"target\":{\"@type\":\"EntryPoint\",\"urlTemplate\":\"https:\\\/\\\/tribune-express.ca\\\/en\\\/?s={search_term_string}\"},\"query-input\":{\"@type\":\"PropertyValueSpecification\",\"valueRequired\":true,\"valueName\":\"search_term_string\"}}],\"inLanguage\":\"en-CA\"},{\"@type\":\"Person\",\"@id\":\"https:\\\/\\\/tribune-express.ca\\\/en\\\/#\\\/schema\\\/person\\\/c03784f36585a6d796cecef66b57dda4\",\"name\":\"Gregg Chamberlain\",\"image\":{\"@type\":\"ImageObject\",\"inLanguage\":\"en-CA\",\"@id\":\"https:\\\/\\\/secure.gravatar.com\\\/avatar\\\/366c870ac357116b852c4c9f2c9889005f8ebfab44da2136a5234c0f7b9c8565?s=96&d=mm&r=g\",\"url\":\"https:\\\/\\\/secure.gravatar.com\\\/avatar\\\/366c870ac357116b852c4c9f2c9889005f8ebfab44da2136a5234c0f7b9c8565?s=96&d=mm&r=g\",\"contentUrl\":\"https:\\\/\\\/secure.gravatar.com\\\/avatar\\\/366c870ac357116b852c4c9f2c9889005f8ebfab44da2136a5234c0f7b9c8565?s=96&d=mm&r=g\",\"caption\":\"Gregg Chamberlain\"}}]}<\/script>\n<!-- \/ Yoast SEO plugin. -->","yoast_head_json":{"title":"En m\u00e9moire de ceux qui ont d\u00e9fendu la libert\u00e9 - Tribune-Express","robots":{"index":"index","follow":"follow","max-snippet":"max-snippet:-1","max-image-preview":"max-image-preview:large","max-video-preview":"max-video-preview:-1"},"canonical":"https:\/\/tribune-express.ca\/en\/societe\/en-memoire-de-ceux-qui-ont-defendu-la-liberte\/","og_locale":"en_US","og_type":"article","og_title":"En m\u00e9moire de ceux qui ont d\u00e9fendu la libert\u00e9 - Tribune-Express","og_description":"Sous un ciel nuageux, samedi matin le 11 novembre, les r\u00e9sidents de Hawkesbury, de Hawkesbury-Est et d&#8217;autres communaut\u00e9s se sont rassembl\u00e9s au c\u00e9notaphe du boulevard Cartier pour la c\u00e9r\u00e9monie du jour du Souvenir. Juste avant le d\u00e9but de la c\u00e9r\u00e9monie, de minuscules flocons de neige ont vol\u00e9 au sol sous l&#8217;effet du vent. Une foule [&hellip;]","og_url":"https:\/\/tribune-express.ca\/en\/societe\/en-memoire-de-ceux-qui-ont-defendu-la-liberte\/","og_site_name":"Tribune-Express","article_published_time":"2023-11-14T20:16:15+00:00","article_modified_time":"2026-02-17T20:53:29+00:00","og_image":[{"width":2560,"height":1920,"url":"https:\/\/cdn.editionap.ca\/wp-content\/uploads\/sites\/3\/2023\/11\/COLGC-Nov11_Hawkesbury-PHOTO-1-scaled-1.jpg","type":"image\/jpeg"}],"author":"Gregg Chamberlain","twitter_card":"summary_large_image","twitter_misc":{"Written by":"Gregg Chamberlain","Est. reading time":"2 minutes"},"schema":{"@context":"https:\/\/schema.org","@graph":[{"@type":"Article","@id":"https:\/\/tribune-express.ca\/en\/societe\/en-memoire-de-ceux-qui-ont-defendu-la-liberte\/#article","isPartOf":{"@id":"https:\/\/tribune-express.ca\/en\/societe\/en-memoire-de-ceux-qui-ont-defendu-la-liberte\/"},"author":{"name":"Gregg Chamberlain","@id":"https:\/\/tribune-express.ca\/en\/#\/schema\/person\/c03784f36585a6d796cecef66b57dda4"},"headline":"En m\u00e9moire de ceux qui ont d\u00e9fendu la libert\u00e9","datePublished":"2023-11-14T20:16:15+00:00","dateModified":"2026-02-17T20:53:29+00:00","mainEntityOfPage":{"@id":"https:\/\/tribune-express.ca\/en\/societe\/en-memoire-de-ceux-qui-ont-defendu-la-liberte\/"},"wordCount":385,"image":{"@id":"https:\/\/tribune-express.ca\/en\/societe\/en-memoire-de-ceux-qui-ont-defendu-la-liberte\/#primaryimage"},"thumbnailUrl":"https:\/\/cdn.editionap.ca\/wp-content\/uploads\/sites\/3\/2023\/11\/COLGC-Nov11_Hawkesbury-PHOTO-1-scaled-1.jpg","articleSection":["Soci\u00e9t\u00e9"],"inLanguage":"en-CA"},{"@type":"WebPage","@id":"https:\/\/tribune-express.ca\/en\/societe\/en-memoire-de-ceux-qui-ont-defendu-la-liberte\/","url":"https:\/\/tribune-express.ca\/en\/societe\/en-memoire-de-ceux-qui-ont-defendu-la-liberte\/","name":"En m\u00e9moire de ceux qui ont d\u00e9fendu la libert\u00e9 - Tribune-Express","isPartOf":{"@id":"https:\/\/tribune-express.ca\/en\/#website"},"primaryImageOfPage":{"@id":"https:\/\/tribune-express.ca\/en\/societe\/en-memoire-de-ceux-qui-ont-defendu-la-liberte\/#primaryimage"},"image":{"@id":"https:\/\/tribune-express.ca\/en\/societe\/en-memoire-de-ceux-qui-ont-defendu-la-liberte\/#primaryimage"},"thumbnailUrl":"https:\/\/cdn.editionap.ca\/wp-content\/uploads\/sites\/3\/2023\/11\/COLGC-Nov11_Hawkesbury-PHOTO-1-scaled-1.jpg","datePublished":"2023-11-14T20:16:15+00:00","dateModified":"2026-02-17T20:53:29+00:00","author":{"@id":"https:\/\/tribune-express.ca\/en\/#\/schema\/person\/c03784f36585a6d796cecef66b57dda4"},"breadcrumb":{"@id":"https:\/\/tribune-express.ca\/en\/societe\/en-memoire-de-ceux-qui-ont-defendu-la-liberte\/#breadcrumb"},"inLanguage":"en-CA","potentialAction":[{"@type":"ReadAction","target":["https:\/\/tribune-express.ca\/en\/societe\/en-memoire-de-ceux-qui-ont-defendu-la-liberte\/"]}]},{"@type":"ImageObject","inLanguage":"en-CA","@id":"https:\/\/tribune-express.ca\/en\/societe\/en-memoire-de-ceux-qui-ont-defendu-la-liberte\/#primaryimage","url":"https:\/\/cdn.editionap.ca\/wp-content\/uploads\/sites\/3\/2023\/11\/COLGC-Nov11_Hawkesbury-PHOTO-1-scaled-1.jpg","contentUrl":"https:\/\/cdn.editionap.ca\/wp-content\/uploads\/sites\/3\/2023\/11\/COLGC-Nov11_Hawkesbury-PHOTO-1-scaled-1.jpg","width":2560,"height":1920,"caption":"Le 11 novembre, il est du devoir des adultes d'expliquer aux enfants la raison pour laquelle les gens se rassemblent devant des c\u00e9notaphes, comme celui de Hawkesbury, pour honorer les morts qui ont fait le sacrifice ultime pour assurer la libert\u00e9 des vivants."},{"@type":"BreadcrumbList","@id":"https:\/\/tribune-express.ca\/en\/societe\/en-memoire-de-ceux-qui-ont-defendu-la-liberte\/#breadcrumb","itemListElement":[{"@type":"ListItem","position":1,"name":"Accueil","item":"https:\/\/tribune-express.ca\/en\/"},{"@type":"ListItem","position":2,"name":"En m\u00e9moire de ceux qui ont d\u00e9fendu la libert\u00e9"}]},{"@type":"WebSite","@id":"https:\/\/tribune-express.ca\/en\/#website","url":"https:\/\/tribune-express.ca\/en\/","name":"Tribune-Express","description":"","potentialAction":[{"@type":"SearchAction","target":{"@type":"EntryPoint","urlTemplate":"https:\/\/tribune-express.ca\/en\/?s={search_term_string}"},"query-input":{"@type":"PropertyValueSpecification","valueRequired":true,"valueName":"search_term_string"}}],"inLanguage":"en-CA"},{"@type":"Person","@id":"https:\/\/tribune-express.ca\/en\/#\/schema\/person\/c03784f36585a6d796cecef66b57dda4","name":"Gregg Chamberlain","image":{"@type":"ImageObject","inLanguage":"en-CA","@id":"https:\/\/secure.gravatar.com\/avatar\/366c870ac357116b852c4c9f2c9889005f8ebfab44da2136a5234c0f7b9c8565?s=96&d=mm&r=g","url":"https:\/\/secure.gravatar.com\/avatar\/366c870ac357116b852c4c9f2c9889005f8ebfab44da2136a5234c0f7b9c8565?s=96&d=mm&r=g","contentUrl":"https:\/\/secure.gravatar.com\/avatar\/366c870ac357116b852c4c9f2c9889005f8ebfab44da2136a5234c0f7b9c8565?s=96&d=mm&r=g","caption":"Gregg Chamberlain"}}]}},"_links":{"self":[{"href":"https:\/\/tribune-express.ca\/en\/wp-json\/wp\/v2\/posts\/98309","targetHints":{"allow":["GET"]}}],"collection":[{"href":"https:\/\/tribune-express.ca\/en\/wp-json\/wp\/v2\/posts"}],"about":[{"href":"https:\/\/tribune-express.ca\/en\/wp-json\/wp\/v2\/types\/post"}],"author":[{"embeddable":true,"href":"https:\/\/tribune-express.ca\/en\/wp-json\/wp\/v2\/users\/21"}],"replies":[{"embeddable":true,"href":"https:\/\/tribune-express.ca\/en\/wp-json\/wp\/v2\/comments?post=98309"}],"version-history":[{"count":1,"href":"https:\/\/tribune-express.ca\/en\/wp-json\/wp\/v2\/posts\/98309\/revisions"}],"predecessor-version":[{"id":133139,"href":"https:\/\/tribune-express.ca\/en\/wp-json\/wp\/v2\/posts\/98309\/revisions\/133139"}],"wp:featuredmedia":[{"embeddable":true,"href":"https:\/\/tribune-express.ca\/en\/wp-json\/wp\/v2\/media\/98310"}],"wp:attachment":[{"href":"https:\/\/tribune-express.ca\/en\/wp-json\/wp\/v2\/media?parent=98309"}],"wp:term":[{"taxonomy":"category","embeddable":true,"href":"https:\/\/tribune-express.ca\/en\/wp-json\/wp\/v2\/categories?post=98309"},{"taxonomy":"post_tag","embeddable":true,"href":"https:\/\/tribune-express.ca\/en\/wp-json\/wp\/v2\/tags?post=98309"}],"curies":[{"name":"wp","href":"https:\/\/api.w.org\/{rel}","templated":true}]}}