{"id":99659,"date":"2024-04-03T12:35:41","date_gmt":"2024-04-03T16:35:41","guid":{"rendered":"https:\/\/editionap.ca\/?p=99659"},"modified":"2026-02-17T21:52:52","modified_gmt":"2026-02-17T20:52:52","slug":"la-fondation-de-la-residence-pr-lance-sa-campagne-de-financement-deja-200-000-avant-le-lancement","status":"publish","type":"post","link":"https:\/\/tribune-express.ca\/en\/societe\/la-fondation-de-la-residence-pr-lance-sa-campagne-de-financement-deja-200-000-avant-le-lancement\/","title":{"rendered":"La Fondation de la r\u00e9sidence PR lance sa campagne de financement : D\u00e9j\u00e0 200 000 $ avant le lancement"},"content":{"rendered":"<p class=\"05Amorce\"><strong><span lang=\"FR-CA\">La Fondation de la r\u00e9sidence Prescott et Russell a officiellement lanc\u00e9 sa campagne de financement Soul\u00e8ve-moi, visant \u00e0 amasser 1M$ pour l\u2019achat de 204 moteurs pour l\u00e8ve-personne de marque Maxi Sky, au co\u00fbt de 3\u00a0300\u00a0$ par unit\u00e9.<\/span><\/strong><\/p>\n<p class=\"04Corpsdetexte\"><span lang=\"FR-CA\">\u00ab\u00a0Je suis convaincue qu\u2019ensemble nous pouvons atteindre notre objectif, a dit la pr\u00e9sidente de la fondation Denise Robitaille. Aujourd\u2019hui, nous nous unissons pour r\u00e9pondre \u00e0 un besoin pressant.\u00a0\u00bb<\/span><\/p>\n<p class=\"04Corpsdetexte\"><span lang=\"FR-CA\">Avant m\u00eame le lancement de la campagne, la Fondation avait d\u00e9j\u00e0 accumul\u00e9 pr\u00e8s de 200 000 $ en dons.<\/span><\/p>\n<p class=\"04Corpsdetexte\"><span lang=\"FR-CA\">Mme. Robitaille a affirm\u00e9, lors du lancement officiel de la campagne de financement du 2 avril, que les moteurs pour l\u00e8ve personne sont n\u00e9cessaires pour am\u00e9liorer la qualit\u00e9 de vie des r\u00e9sidents en leur offrant plus d\u2019autonomie, de dignit\u00e9 et de confort. Elle explique d\u2019ailleurs que le mandat de la fondation est de contribuer \u00e0 l\u2019am\u00e9lioration de la qualit\u00e9 de vie des r\u00e9sidents avec l\u2019achat d\u2019installations adapt\u00e9es \u00e0 leurs besoins.<\/span><\/p>\n<p class=\"04Corpsdetexte\"><span lang=\"FR-CA\">Une r\u00e9sidente de la r\u00e9sidence PR, Carole Davidson, est d\u2019accord avec Mme. Robitaille. Mme. Davidson, \u00e2g\u00e9e de 76 ans, est paralys\u00e9e au bas du corps \u00e0 la suite d\u2019une op\u00e9ration \u00e0 cr\u00e2ne ouvert pour lui enlever une tumeur au cerveau. \u00ab\u00a0C\u2019est une campagne essentielle pour les gens comme nous\u00a0\u00bb, a-t-elle affirm\u00e9.<\/span><\/p>\n<p class=\"04Corpsdetexte\"><span lang=\"FR-CA\">Mme. Davidson a ajout\u00e9 qu\u2019il est n\u00e9cessaire d\u2019acheter les appareils pour faciliter la t\u00e2che des employ\u00e9s de la r\u00e9sidence, qui ne sont pas en mesures de soulever certains r\u00e9sidents plus pesants. \u00ab\u00a0Les personnes qui travaillent ici, ce sont des anges descendus du ciel\u00a0\u00bb affirme-t-elle dans une vid\u00e9o promotionnelle pour la campagne de financement.<\/span><\/p>\n<p class=\"04Corpsdetexte\"><span lang=\"FR-CA\">D\u2019apr\u00e8s M. Larocque, l\u2019achat des l\u00e8ves personnes servira non-seulement \u00e0 am\u00e9liorer la qualit\u00e9 de vie des r\u00e9sidents, mais aidera aussi \u00e0 l\u2019embauche et la r\u00e9tention d\u2019employ\u00e9s gr\u00e2ce \u00e0 la cr\u00e9ation d\u2019un environnement de travail plus stable et s\u00e9curitaire. La nombre d\u2019employ\u00e9s requis pour lever un r\u00e9sident passe d\u2019ailleurs de deux \u00e0 un.<\/span><\/p>\n<p class=\"04Corpsdetexte\"><span lang=\"FR-CA\">Par ailleurs, M. Larocque indique que la nouvelle r\u00e9sidence Prescott-Russell vise \u00e0 exc\u00e9der les standards impos\u00e9s par la province.<\/span><\/p>\n<p class=\"04Corpsdetexte\"><span lang=\"FR-CA\">S\u2019il y a des fonds exc\u00e9dentaires, la fondation de la r\u00e9sidence devra collaborer avec l\u2019administration de la r\u00e9sidence pour d\u00e9terminer comment les mettre \u00e0 bon-usage.<\/span><\/p>\n","protected":false},"excerpt":{"rendered":"<p>La Fondation de la r\u00e9sidence Prescott et Russell a officiellement lanc\u00e9 sa campagne de financement Soul\u00e8ve-moi, visant \u00e0 amasser 1M$ pour l\u2019achat de 204 moteurs pour l\u00e8ve-personne de marque Maxi Sky, au co\u00fbt de 3\u00a0300\u00a0$ par unit\u00e9. \u00ab\u00a0Je suis convaincue qu\u2019ensemble nous pouvons atteindre notre objectif, a dit la pr\u00e9sidente de la fondation Denise Robitaille. [&hellip;]<\/p>\n","protected":false},"author":25,"featured_media":99660,"comment_status":"closed","ping_status":"open","sticky":false,"template":"","format":"standard","meta":{"_acf_changed":false,"footnotes":""},"categories":[40],"tags":[],"class_list":["post-99659","post","type-post","status-publish","format-standard","has-post-thumbnail","hentry","category-societe"],"acf":[],"featured_media_global":[],"yoast_head":"<!-- This site is optimized with the Yoast SEO plugin v27.4 - https:\/\/yoast.com\/product\/yoast-seo-wordpress\/ -->\n<title>La Fondation de la r\u00e9sidence PR lance sa campagne de financement : D\u00e9j\u00e0 200 000 $ avant le lancement - Tribune-Express<\/title>\n<meta name=\"description\" content=\"La Fondation de la r\u00e9sidence Prescott et Russell a officiellement lanc\u00e9 sa campagne de financement Soul\u00e8ve-moi, visant \u00e0 amasser 1M$ pour l\u2019achat de 204 moteurs pour l\u00e8ve-personne de marque Maxi Sky, au co\u00fbt de 3\u00a0300\u00a0$ par unit\u00e9.\" \/>\n<meta name=\"robots\" content=\"index, follow, max-snippet:-1, max-image-preview:large, max-video-preview:-1\" \/>\n<link rel=\"canonical\" href=\"https:\/\/tribune-express.ca\/en\/societe\/la-fondation-de-la-residence-pr-lance-sa-campagne-de-financement-deja-200-000-avant-le-lancement\/\" \/>\n<meta property=\"og:locale\" content=\"en_US\" \/>\n<meta property=\"og:type\" content=\"article\" \/>\n<meta property=\"og:title\" content=\"La Fondation de la r\u00e9sidence PR lance sa campagne de financement : D\u00e9j\u00e0 200 000 $ avant le lancement - Tribune-Express\" \/>\n<meta property=\"og:description\" content=\"La Fondation de la r\u00e9sidence Prescott et Russell a officiellement lanc\u00e9 sa campagne de financement Soul\u00e8ve-moi, visant \u00e0 amasser 1M$ pour l\u2019achat de 204 moteurs pour l\u00e8ve-personne de marque Maxi Sky, au co\u00fbt de 3\u00a0300\u00a0$ par unit\u00e9.\" \/>\n<meta property=\"og:url\" content=\"https:\/\/tribune-express.ca\/en\/societe\/la-fondation-de-la-residence-pr-lance-sa-campagne-de-financement-deja-200-000-avant-le-lancement\/\" \/>\n<meta property=\"og:site_name\" content=\"Tribune-Express\" \/>\n<meta property=\"article:published_time\" content=\"2024-04-03T16:35:41+00:00\" \/>\n<meta property=\"article:modified_time\" content=\"2026-02-17T20:52:52+00:00\" \/>\n<meta property=\"og:image\" content=\"https:\/\/cdn.editionap.ca\/wp-content\/uploads\/sites\/3\/2024\/04\/ACTAM-Residence_PR_Financement-scaled-1.jpg\" \/>\n\t<meta property=\"og:image:width\" content=\"2560\" \/>\n\t<meta property=\"og:image:height\" content=\"1707\" \/>\n\t<meta property=\"og:image:type\" content=\"image\/jpeg\" \/>\n<meta name=\"author\" content=\"Antoine Messier\" \/>\n<meta name=\"twitter:card\" content=\"summary_large_image\" \/>\n<meta name=\"twitter:label1\" content=\"Written by\" \/>\n\t<meta name=\"twitter:data1\" content=\"Antoine Messier\" \/>\n\t<meta name=\"twitter:label2\" content=\"Est. reading time\" \/>\n\t<meta name=\"twitter:data2\" content=\"3 minutes\" \/>\n<script type=\"application\/ld+json\" class=\"yoast-schema-graph\">{\"@context\":\"https:\\\/\\\/schema.org\",\"@graph\":[{\"@type\":\"Article\",\"@id\":\"https:\\\/\\\/tribune-express.ca\\\/en\\\/societe\\\/la-fondation-de-la-residence-pr-lance-sa-campagne-de-financement-deja-200-000-avant-le-lancement\\\/#article\",\"isPartOf\":{\"@id\":\"https:\\\/\\\/tribune-express.ca\\\/en\\\/societe\\\/la-fondation-de-la-residence-pr-lance-sa-campagne-de-financement-deja-200-000-avant-le-lancement\\\/\"},\"author\":{\"name\":\"Antoine Messier\",\"@id\":\"https:\\\/\\\/tribune-express.ca\\\/en\\\/#\\\/schema\\\/person\\\/b5155bdcfd196475011e1435e44f0509\"},\"headline\":\"La Fondation de la r\u00e9sidence PR lance sa campagne de financement : D\u00e9j\u00e0 200 000 $ avant le lancement\",\"datePublished\":\"2024-04-03T16:35:41+00:00\",\"dateModified\":\"2026-02-17T20:52:52+00:00\",\"mainEntityOfPage\":{\"@id\":\"https:\\\/\\\/tribune-express.ca\\\/en\\\/societe\\\/la-fondation-de-la-residence-pr-lance-sa-campagne-de-financement-deja-200-000-avant-le-lancement\\\/\"},\"wordCount\":420,\"image\":{\"@id\":\"https:\\\/\\\/tribune-express.ca\\\/en\\\/societe\\\/la-fondation-de-la-residence-pr-lance-sa-campagne-de-financement-deja-200-000-avant-le-lancement\\\/#primaryimage\"},\"thumbnailUrl\":\"https:\\\/\\\/cdn.editionap.ca\\\/wp-content\\\/uploads\\\/sites\\\/3\\\/2024\\\/04\\\/ACTAM-Residence_PR_Financement-scaled-1.jpg\",\"articleSection\":[\"Soci\u00e9t\u00e9\"],\"inLanguage\":\"en-CA\"},{\"@type\":\"WebPage\",\"@id\":\"https:\\\/\\\/tribune-express.ca\\\/en\\\/societe\\\/la-fondation-de-la-residence-pr-lance-sa-campagne-de-financement-deja-200-000-avant-le-lancement\\\/\",\"url\":\"https:\\\/\\\/tribune-express.ca\\\/en\\\/societe\\\/la-fondation-de-la-residence-pr-lance-sa-campagne-de-financement-deja-200-000-avant-le-lancement\\\/\",\"name\":\"La Fondation de la r\u00e9sidence PR lance sa campagne de financement : D\u00e9j\u00e0 200 000 $ avant le lancement - Tribune-Express\",\"isPartOf\":{\"@id\":\"https:\\\/\\\/tribune-express.ca\\\/en\\\/#website\"},\"primaryImageOfPage\":{\"@id\":\"https:\\\/\\\/tribune-express.ca\\\/en\\\/societe\\\/la-fondation-de-la-residence-pr-lance-sa-campagne-de-financement-deja-200-000-avant-le-lancement\\\/#primaryimage\"},\"image\":{\"@id\":\"https:\\\/\\\/tribune-express.ca\\\/en\\\/societe\\\/la-fondation-de-la-residence-pr-lance-sa-campagne-de-financement-deja-200-000-avant-le-lancement\\\/#primaryimage\"},\"thumbnailUrl\":\"https:\\\/\\\/cdn.editionap.ca\\\/wp-content\\\/uploads\\\/sites\\\/3\\\/2024\\\/04\\\/ACTAM-Residence_PR_Financement-scaled-1.jpg\",\"datePublished\":\"2024-04-03T16:35:41+00:00\",\"dateModified\":\"2026-02-17T20:52:52+00:00\",\"author\":{\"@id\":\"https:\\\/\\\/tribune-express.ca\\\/en\\\/#\\\/schema\\\/person\\\/b5155bdcfd196475011e1435e44f0509\"},\"description\":\"La Fondation de la r\u00e9sidence Prescott et Russell a officiellement lanc\u00e9 sa campagne de financement Soul\u00e8ve-moi, visant \u00e0 amasser 1M$ pour l\u2019achat de 204 moteurs pour l\u00e8ve-personne de marque Maxi Sky, au co\u00fbt de 3\u00a0300\u00a0$ par unit\u00e9.\",\"breadcrumb\":{\"@id\":\"https:\\\/\\\/tribune-express.ca\\\/en\\\/societe\\\/la-fondation-de-la-residence-pr-lance-sa-campagne-de-financement-deja-200-000-avant-le-lancement\\\/#breadcrumb\"},\"inLanguage\":\"en-CA\",\"potentialAction\":[{\"@type\":\"ReadAction\",\"target\":[\"https:\\\/\\\/tribune-express.ca\\\/en\\\/societe\\\/la-fondation-de-la-residence-pr-lance-sa-campagne-de-financement-deja-200-000-avant-le-lancement\\\/\"]}]},{\"@type\":\"ImageObject\",\"inLanguage\":\"en-CA\",\"@id\":\"https:\\\/\\\/tribune-express.ca\\\/en\\\/societe\\\/la-fondation-de-la-residence-pr-lance-sa-campagne-de-financement-deja-200-000-avant-le-lancement\\\/#primaryimage\",\"url\":\"https:\\\/\\\/cdn.editionap.ca\\\/wp-content\\\/uploads\\\/sites\\\/3\\\/2024\\\/04\\\/ACTAM-Residence_PR_Financement-scaled-1.jpg\",\"contentUrl\":\"https:\\\/\\\/cdn.editionap.ca\\\/wp-content\\\/uploads\\\/sites\\\/3\\\/2024\\\/04\\\/ACTAM-Residence_PR_Financement-scaled-1.jpg\",\"width\":2560,\"height\":1707,\"caption\":\"The Prescott-Russell Residence Foundation has officially launched its Soul\u00e8ve-moi fundraising campaign to raise $1,000,000 for the purchase of 204 Maxi Sky lift motors at a cost of $3,300 per unit.\"},{\"@type\":\"BreadcrumbList\",\"@id\":\"https:\\\/\\\/tribune-express.ca\\\/en\\\/societe\\\/la-fondation-de-la-residence-pr-lance-sa-campagne-de-financement-deja-200-000-avant-le-lancement\\\/#breadcrumb\",\"itemListElement\":[{\"@type\":\"ListItem\",\"position\":1,\"name\":\"Accueil\",\"item\":\"https:\\\/\\\/tribune-express.ca\\\/en\\\/\"},{\"@type\":\"ListItem\",\"position\":2,\"name\":\"La Fondation de la r\u00e9sidence PR lance sa campagne de financement : D\u00e9j\u00e0 200 000 $ avant le lancement\"}]},{\"@type\":\"WebSite\",\"@id\":\"https:\\\/\\\/tribune-express.ca\\\/en\\\/#website\",\"url\":\"https:\\\/\\\/tribune-express.ca\\\/en\\\/\",\"name\":\"Tribune-Express\",\"description\":\"\",\"potentialAction\":[{\"@type\":\"SearchAction\",\"target\":{\"@type\":\"EntryPoint\",\"urlTemplate\":\"https:\\\/\\\/tribune-express.ca\\\/en\\\/?s={search_term_string}\"},\"query-input\":{\"@type\":\"PropertyValueSpecification\",\"valueRequired\":true,\"valueName\":\"search_term_string\"}}],\"inLanguage\":\"en-CA\"},{\"@type\":\"Person\",\"@id\":\"https:\\\/\\\/tribune-express.ca\\\/en\\\/#\\\/schema\\\/person\\\/b5155bdcfd196475011e1435e44f0509\",\"name\":\"Antoine Messier\",\"image\":{\"@type\":\"ImageObject\",\"inLanguage\":\"en-CA\",\"@id\":\"https:\\\/\\\/secure.gravatar.com\\\/avatar\\\/f921cc1601daa2279182034830d5dba1476aa4bd61cd4d33a2e2d4a500dcd8c8?s=96&d=mm&r=g\",\"url\":\"https:\\\/\\\/secure.gravatar.com\\\/avatar\\\/f921cc1601daa2279182034830d5dba1476aa4bd61cd4d33a2e2d4a500dcd8c8?s=96&d=mm&r=g\",\"contentUrl\":\"https:\\\/\\\/secure.gravatar.com\\\/avatar\\\/f921cc1601daa2279182034830d5dba1476aa4bd61cd4d33a2e2d4a500dcd8c8?s=96&d=mm&r=g\",\"caption\":\"Antoine Messier\"}}]}<\/script>\n<!-- \/ Yoast SEO plugin. -->","yoast_head_json":{"title":"La Fondation de la r\u00e9sidence PR lance sa campagne de financement : D\u00e9j\u00e0 200 000 $ avant le lancement - Tribune-Express","description":"La Fondation de la r\u00e9sidence Prescott et Russell a officiellement lanc\u00e9 sa campagne de financement Soul\u00e8ve-moi, visant \u00e0 amasser 1M$ pour l\u2019achat de 204 moteurs pour l\u00e8ve-personne de marque Maxi Sky, au co\u00fbt de 3\u00a0300\u00a0$ par unit\u00e9.","robots":{"index":"index","follow":"follow","max-snippet":"max-snippet:-1","max-image-preview":"max-image-preview:large","max-video-preview":"max-video-preview:-1"},"canonical":"https:\/\/tribune-express.ca\/en\/societe\/la-fondation-de-la-residence-pr-lance-sa-campagne-de-financement-deja-200-000-avant-le-lancement\/","og_locale":"en_US","og_type":"article","og_title":"La Fondation de la r\u00e9sidence PR lance sa campagne de financement : D\u00e9j\u00e0 200 000 $ avant le lancement - Tribune-Express","og_description":"La Fondation de la r\u00e9sidence Prescott et Russell a officiellement lanc\u00e9 sa campagne de financement Soul\u00e8ve-moi, visant \u00e0 amasser 1M$ pour l\u2019achat de 204 moteurs pour l\u00e8ve-personne de marque Maxi Sky, au co\u00fbt de 3\u00a0300\u00a0$ par unit\u00e9.","og_url":"https:\/\/tribune-express.ca\/en\/societe\/la-fondation-de-la-residence-pr-lance-sa-campagne-de-financement-deja-200-000-avant-le-lancement\/","og_site_name":"Tribune-Express","article_published_time":"2024-04-03T16:35:41+00:00","article_modified_time":"2026-02-17T20:52:52+00:00","og_image":[{"width":2560,"height":1707,"url":"https:\/\/cdn.editionap.ca\/wp-content\/uploads\/sites\/3\/2024\/04\/ACTAM-Residence_PR_Financement-scaled-1.jpg","type":"image\/jpeg"}],"author":"Antoine Messier","twitter_card":"summary_large_image","twitter_misc":{"Written by":"Antoine Messier","Est. reading time":"3 minutes"},"schema":{"@context":"https:\/\/schema.org","@graph":[{"@type":"Article","@id":"https:\/\/tribune-express.ca\/en\/societe\/la-fondation-de-la-residence-pr-lance-sa-campagne-de-financement-deja-200-000-avant-le-lancement\/#article","isPartOf":{"@id":"https:\/\/tribune-express.ca\/en\/societe\/la-fondation-de-la-residence-pr-lance-sa-campagne-de-financement-deja-200-000-avant-le-lancement\/"},"author":{"name":"Antoine Messier","@id":"https:\/\/tribune-express.ca\/en\/#\/schema\/person\/b5155bdcfd196475011e1435e44f0509"},"headline":"La Fondation de la r\u00e9sidence PR lance sa campagne de financement : D\u00e9j\u00e0 200 000 $ avant le lancement","datePublished":"2024-04-03T16:35:41+00:00","dateModified":"2026-02-17T20:52:52+00:00","mainEntityOfPage":{"@id":"https:\/\/tribune-express.ca\/en\/societe\/la-fondation-de-la-residence-pr-lance-sa-campagne-de-financement-deja-200-000-avant-le-lancement\/"},"wordCount":420,"image":{"@id":"https:\/\/tribune-express.ca\/en\/societe\/la-fondation-de-la-residence-pr-lance-sa-campagne-de-financement-deja-200-000-avant-le-lancement\/#primaryimage"},"thumbnailUrl":"https:\/\/cdn.editionap.ca\/wp-content\/uploads\/sites\/3\/2024\/04\/ACTAM-Residence_PR_Financement-scaled-1.jpg","articleSection":["Soci\u00e9t\u00e9"],"inLanguage":"en-CA"},{"@type":"WebPage","@id":"https:\/\/tribune-express.ca\/en\/societe\/la-fondation-de-la-residence-pr-lance-sa-campagne-de-financement-deja-200-000-avant-le-lancement\/","url":"https:\/\/tribune-express.ca\/en\/societe\/la-fondation-de-la-residence-pr-lance-sa-campagne-de-financement-deja-200-000-avant-le-lancement\/","name":"La Fondation de la r\u00e9sidence PR lance sa campagne de financement : D\u00e9j\u00e0 200 000 $ avant le lancement - Tribune-Express","isPartOf":{"@id":"https:\/\/tribune-express.ca\/en\/#website"},"primaryImageOfPage":{"@id":"https:\/\/tribune-express.ca\/en\/societe\/la-fondation-de-la-residence-pr-lance-sa-campagne-de-financement-deja-200-000-avant-le-lancement\/#primaryimage"},"image":{"@id":"https:\/\/tribune-express.ca\/en\/societe\/la-fondation-de-la-residence-pr-lance-sa-campagne-de-financement-deja-200-000-avant-le-lancement\/#primaryimage"},"thumbnailUrl":"https:\/\/cdn.editionap.ca\/wp-content\/uploads\/sites\/3\/2024\/04\/ACTAM-Residence_PR_Financement-scaled-1.jpg","datePublished":"2024-04-03T16:35:41+00:00","dateModified":"2026-02-17T20:52:52+00:00","author":{"@id":"https:\/\/tribune-express.ca\/en\/#\/schema\/person\/b5155bdcfd196475011e1435e44f0509"},"description":"La Fondation de la r\u00e9sidence Prescott et Russell a officiellement lanc\u00e9 sa campagne de financement Soul\u00e8ve-moi, visant \u00e0 amasser 1M$ pour l\u2019achat de 204 moteurs pour l\u00e8ve-personne de marque Maxi Sky, au co\u00fbt de 3\u00a0300\u00a0$ par unit\u00e9.","breadcrumb":{"@id":"https:\/\/tribune-express.ca\/en\/societe\/la-fondation-de-la-residence-pr-lance-sa-campagne-de-financement-deja-200-000-avant-le-lancement\/#breadcrumb"},"inLanguage":"en-CA","potentialAction":[{"@type":"ReadAction","target":["https:\/\/tribune-express.ca\/en\/societe\/la-fondation-de-la-residence-pr-lance-sa-campagne-de-financement-deja-200-000-avant-le-lancement\/"]}]},{"@type":"ImageObject","inLanguage":"en-CA","@id":"https:\/\/tribune-express.ca\/en\/societe\/la-fondation-de-la-residence-pr-lance-sa-campagne-de-financement-deja-200-000-avant-le-lancement\/#primaryimage","url":"https:\/\/cdn.editionap.ca\/wp-content\/uploads\/sites\/3\/2024\/04\/ACTAM-Residence_PR_Financement-scaled-1.jpg","contentUrl":"https:\/\/cdn.editionap.ca\/wp-content\/uploads\/sites\/3\/2024\/04\/ACTAM-Residence_PR_Financement-scaled-1.jpg","width":2560,"height":1707,"caption":"The Prescott-Russell Residence Foundation has officially launched its Soul\u00e8ve-moi fundraising campaign to raise $1,000,000 for the purchase of 204 Maxi Sky lift motors at a cost of $3,300 per unit."},{"@type":"BreadcrumbList","@id":"https:\/\/tribune-express.ca\/en\/societe\/la-fondation-de-la-residence-pr-lance-sa-campagne-de-financement-deja-200-000-avant-le-lancement\/#breadcrumb","itemListElement":[{"@type":"ListItem","position":1,"name":"Accueil","item":"https:\/\/tribune-express.ca\/en\/"},{"@type":"ListItem","position":2,"name":"La Fondation de la r\u00e9sidence PR lance sa campagne de financement : D\u00e9j\u00e0 200 000 $ avant le lancement"}]},{"@type":"WebSite","@id":"https:\/\/tribune-express.ca\/en\/#website","url":"https:\/\/tribune-express.ca\/en\/","name":"Tribune-Express","description":"","potentialAction":[{"@type":"SearchAction","target":{"@type":"EntryPoint","urlTemplate":"https:\/\/tribune-express.ca\/en\/?s={search_term_string}"},"query-input":{"@type":"PropertyValueSpecification","valueRequired":true,"valueName":"search_term_string"}}],"inLanguage":"en-CA"},{"@type":"Person","@id":"https:\/\/tribune-express.ca\/en\/#\/schema\/person\/b5155bdcfd196475011e1435e44f0509","name":"Antoine Messier","image":{"@type":"ImageObject","inLanguage":"en-CA","@id":"https:\/\/secure.gravatar.com\/avatar\/f921cc1601daa2279182034830d5dba1476aa4bd61cd4d33a2e2d4a500dcd8c8?s=96&d=mm&r=g","url":"https:\/\/secure.gravatar.com\/avatar\/f921cc1601daa2279182034830d5dba1476aa4bd61cd4d33a2e2d4a500dcd8c8?s=96&d=mm&r=g","contentUrl":"https:\/\/secure.gravatar.com\/avatar\/f921cc1601daa2279182034830d5dba1476aa4bd61cd4d33a2e2d4a500dcd8c8?s=96&d=mm&r=g","caption":"Antoine Messier"}}]}},"_links":{"self":[{"href":"https:\/\/tribune-express.ca\/en\/wp-json\/wp\/v2\/posts\/99659","targetHints":{"allow":["GET"]}}],"collection":[{"href":"https:\/\/tribune-express.ca\/en\/wp-json\/wp\/v2\/posts"}],"about":[{"href":"https:\/\/tribune-express.ca\/en\/wp-json\/wp\/v2\/types\/post"}],"author":[{"embeddable":true,"href":"https:\/\/tribune-express.ca\/en\/wp-json\/wp\/v2\/users\/25"}],"replies":[{"embeddable":true,"href":"https:\/\/tribune-express.ca\/en\/wp-json\/wp\/v2\/comments?post=99659"}],"version-history":[{"count":1,"href":"https:\/\/tribune-express.ca\/en\/wp-json\/wp\/v2\/posts\/99659\/revisions"}],"predecessor-version":[{"id":133063,"href":"https:\/\/tribune-express.ca\/en\/wp-json\/wp\/v2\/posts\/99659\/revisions\/133063"}],"wp:featuredmedia":[{"embeddable":true,"href":"https:\/\/tribune-express.ca\/en\/wp-json\/wp\/v2\/media\/99660"}],"wp:attachment":[{"href":"https:\/\/tribune-express.ca\/en\/wp-json\/wp\/v2\/media?parent=99659"}],"wp:term":[{"taxonomy":"category","embeddable":true,"href":"https:\/\/tribune-express.ca\/en\/wp-json\/wp\/v2\/categories?post=99659"},{"taxonomy":"post_tag","embeddable":true,"href":"https:\/\/tribune-express.ca\/en\/wp-json\/wp\/v2\/tags?post=99659"}],"curies":[{"name":"wp","href":"https:\/\/api.w.org\/{rel}","templated":true}]}}